{"id":353403,"date":"2025-08-30T01:05:25","date_gmt":"2025-08-30T01:05:25","guid":{"rendered":"https:\/\/www.europesays.com\/fr\/353403\/"},"modified":"2025-08-30T01:05:25","modified_gmt":"2025-08-30T01:05:25","slug":"cette-celebre-autrice-qui-depasse-enfin-freida-mcfadden-lexpress","status":"publish","type":"post","link":"https:\/\/www.europesays.com\/fr\/353403\/","title":{"rendered":"cette c\u00e9l\u00e8bre autrice qui d\u00e9passe (enfin) Freida McFadden \u2013 L&rsquo;Express"},"content":{"rendered":"<p class=\"paragraph article-body-paragraph article__item   article-body-paragraph--first \">Le temps n\u2019a pas de prise sur elle. Depuis Hygi\u00e8ne de l\u2019assassin, publi\u00e9 en 1992, Am\u00e9lie Nothomb n\u2019a pas rat\u00e9 une seule rentr\u00e9e litt\u00e9raire. Elle a travers\u00e9 ais\u00e9ment les ann\u00e9es 2000 et 2010, et il faut croire que les ann\u00e9es 2020 n\u2019auront pas sa peau. A 59 ans, la baronne n\u2019est toujours pas pass\u00e9e de mode. Il suffit de regarder les chiffres de ses derniers livres pour s\u2019en convaincre : avec Soif (2019) et Premier sang (2021), elle a connu deux pics \u00e0 300 000 exemplaires vendus en grand format ; quant aux autres, Les A\u00e9rostats (2020), Le Livre des s\u0153urs (2022), Psychopompe (2023) et L\u2019Impossible Retour (2024), ils tournent autour des 150 000 exemplaires. Avec <a href=\"https:\/\/www.lexpress.fr\/culture\/livre\/les-dix-vedettes-de-la-rentree-litteraire-ce-quil-faut-lire-absolument-ou-eviter-3VZH4PZJVJEN7FMU2SWXNBKX3A\/\" target=\"_self\" rel=\"nofollow noopener\" title=\"https:\/\/www.lexpress.fr\/culture\/livre\/les-dix-vedettes-de-la-rentree-litteraire-ce-quil-faut-lire-absolument-ou-eviter-3VZH4PZJVJEN7FMU2SWXNBKX3A\/\">Tant mieux<\/a>, elle parvient \u00e0 se renouveler en \u00e9voquant l\u2019enfance tourment\u00e9e de sa m\u00e8re. <\/p>\n<p class=\"paragraph article-body-paragraph article__item   \">Les fans sont au rendez-vous : en \u00e9coulant 15 000 exemplaires en quelques jours, Nothomb s\u2019installe largement en t\u00eate des ventes de romans, loin devant Michel Bussi et Sorj Chalandon \u2013 on a enfin trouv\u00e9 quelqu\u2019un capable de battre Freida McFadden ! Le mois d\u2019ao\u00fbt se passe bien pour la maison Albin Michel puisque l\u2019on note aussi l\u2019entr\u00e9e \u00e0 la 8e place d\u2019Anne Berest pour Finist\u00e8re, r\u00e9cit centr\u00e9 sur la figure de son p\u00e8re et les racines bretonnes de cette branche de sa famille. La Bretagne \u00e9tant la r\u00e9gion de France o\u00f9 on lit le plus, \u00e7a devrait bien se passer pour l&rsquo;auteure de La Carte postale\u2026<\/p>\n<p><strong class=\"article-body-link-list__item text-gray-800 article-body-link-list__item--one-item\">LIRE AUSSI : <a class=\"article-body-link-list__item-link\" href=\"https:\/\/www.lexpress.fr\/culture\/livre\/de-fabrice-caro-a-catherine-millet-nos-dix-coups-de-coeur-de-la-rentree-litteraire-O7DLRDV26VE5PJXCEE2SOUJ4OA\/\" target=\"_blank\" rel=\"noreferrer nofollow noopener\">De Fabrice Caro \u00e0 Catherine Millet : nos dix coups de coeur de la rentr\u00e9e litt\u00e9raire<\/a><\/strong><\/p>\n<p class=\"paragraph article-body-paragraph article__item   \">Outre ces deux titres attendus, une anomalie saute aux yeux : Rebeka Warrior est bombard\u00e9e directement en 9e position avec Toutes les vies (Stock), superbe premier roman qui parle de la mort de l\u2019\u00eatre aim\u00e9 et du salut par le bouddhisme zen et la litt\u00e9rature (il y est question de Simone de Beauvoir, Herv\u00e9 Guibert, Herman Hesse, Thomas Mann\u2026). Chanteuse issue de l\u2019underground, Rebeka Warrior semblait promise \u00e0 un succ\u00e8s confidentiel. Que nenni : elle a d\u00e9j\u00e0 d\u00e9pass\u00e9 les 3 000 exemplaires et talonne Anne Berest. Notons qu\u2019elle est s\u00e9lectionn\u00e9e pour le prix des Libraires de Nancy qui sera d\u00e9cern\u00e9 le 12 septembre et pourrait la booster encore plus au cas o\u00f9 elle soit laur\u00e9ate. A part elle, aucun autre primo-romancier n\u2019arrive pour l\u2019instant \u00e0 exister \u2013 mais on compte notamment sur Mathilda di Matteo et Rams\u00e8s Kefi pour venir mettre leur grain de sel. <\/p>\n<p><img decoding=\"async\" src=\"https:\/\/www.europesays.com\/fr\/wp-content\/uploads\/2025\/08\/7NTSBI6KZZCQ3KFVZNYAMLT2NM.png\" class=\"image-with-legend__cover-img\" alt=\"3870-TABLEAUX-PALMARES\" width=\"883\" height=\"0\" loading=\"lazy\"\/><\/p>\n<p class=\"image-with-legend__credits\"> \u00a9  \/ L&rsquo;Express<\/p>\n<p class=\"paragraph article-body-paragraph article__item    article__text__endpicto\">Aux portes de notre top 20 des ventes de romans, plusieurs auteurs install\u00e9s sont en embuscade. Citons notamment Akira Mizubayashi (La For\u00eat de flammes et d\u2019ombres, Gallimard), Alice Ferney (Comme en amour, Actes Sud), Franck Bouysse (Entre toutes, Albin Michel), Nathacha Appanah (La Nuit au c\u0153ur, Gallimard), Ad\u00e9la\u00efde de Clermont-Tonnerre (Je voulais vivre, Grasset) et Olivier Adam (Et toute la vie devant nous, Flammarion). Mercredi prochain, le 3 septembre, tombera la premi\u00e8re liste du prix Goncourt, et certains auteurs cit\u00e9s \u00e0 l\u2019instant y figureront forc\u00e9ment \u2013 cela changera la donne dans un sens ou dans l\u2019autre. On attend avec curiosit\u00e9 de savoir si Emmanuel Carr\u00e8re y sera avec son pensum \u00ab\u00a0\u00e9v\u00e9nement\u00a0\u00bb Kolkhoze. Le fait que le livre ne soit sorti qu\u2019hier explique qu\u2019il n\u2019apparaisse pas encore dans notre classement. Rendez-vous la semaine prochaine pour voir jusqu\u2019o\u00f9 sera mont\u00e9 le fils ingrat de l\u2019ex-secr\u00e9taire perp\u00e9tuel de l\u2019Acad\u00e9mie fran\u00e7aise.<\/p>\n<p>.<\/p>\n","protected":false},"excerpt":{"rendered":"Le temps n\u2019a pas de prise sur elle. Depuis Hygi\u00e8ne de l\u2019assassin, publi\u00e9 en 1992, Am\u00e9lie Nothomb n\u2019a&hellip;\n","protected":false},"author":2,"featured_media":353404,"comment_status":"","ping_status":"","sticky":false,"template":"","format":"standard","meta":{"footnotes":""},"categories":[1357],"tags":[1379,251,58,59,1011,27,1380],"class_list":{"0":"post-353403","1":"post","2":"type-post","3":"status-publish","4":"format-standard","5":"has-post-thumbnail","7":"category-livres","8":"tag-books","9":"tag-culture","10":"tag-divertissement","11":"tag-entertainment","12":"tag-fr","13":"tag-france","14":"tag-livres"},"share_on_mastodon":{"url":"https:\/\/pubeurope.com\/@fr\/115115034362835449","error":""},"_links":{"self":[{"href":"https:\/\/www.europesays.com\/fr\/wp-json\/wp\/v2\/posts\/353403","targetHints":{"allow":["GET"]}}],"collection":[{"href":"https:\/\/www.europesays.com\/fr\/wp-json\/wp\/v2\/posts"}],"about":[{"href":"https:\/\/www.europesays.com\/fr\/wp-json\/wp\/v2\/types\/post"}],"author":[{"embeddable":true,"href":"https:\/\/www.europesays.com\/fr\/wp-json\/wp\/v2\/users\/2"}],"replies":[{"embeddable":true,"href":"https:\/\/www.europesays.com\/fr\/wp-json\/wp\/v2\/comments?post=353403"}],"version-history":[{"count":0,"href":"https:\/\/www.europesays.com\/fr\/wp-json\/wp\/v2\/posts\/353403\/revisions"}],"wp:featuredmedia":[{"embeddable":true,"href":"https:\/\/www.europesays.com\/fr\/wp-json\/wp\/v2\/media\/353404"}],"wp:attachment":[{"href":"https:\/\/www.europesays.com\/fr\/wp-json\/wp\/v2\/media?parent=353403"}],"wp:term":[{"taxonomy":"category","embeddable":true,"href":"https:\/\/www.europesays.com\/fr\/wp-json\/wp\/v2\/categories?post=353403"},{"taxonomy":"post_tag","embeddable":true,"href":"https:\/\/www.europesays.com\/fr\/wp-json\/wp\/v2\/tags?post=353403"}],"curies":[{"name":"wp","href":"https:\/\/api.w.org\/{rel}","templated":true}]}}