{"id":353405,"date":"2025-08-30T01:06:13","date_gmt":"2025-08-30T01:06:13","guid":{"rendered":"https:\/\/www.europesays.com\/fr\/353405\/"},"modified":"2025-08-30T01:06:13","modified_gmt":"2025-08-30T01:06:13","slug":"les-premiers-pas-sobres-daurelie-casse-dans-c-dans-lair","status":"publish","type":"post","link":"https:\/\/www.europesays.com\/fr\/353405\/","title":{"rendered":"les premiers pas sobres d\u2019Aur\u00e9lie Casse dans \u00abC dans l\u2019air\u00bb"},"content":{"rendered":"<p>    Aur\u00e9lie Casse dans \u00abC dans l\u2019air\u00bb sur France 5<br \/>\n                Capture d&rsquo;\u00e9cran<\/p>\n<p>ON A REGARD\u00c9 POUR VOUS &#8211; Ce vendredi 29 ao\u00fbt a marqu\u00e9 la premi\u00e8re de la journaliste aux commandes de l\u2019\u00e9mission d\u2019information et de d\u00e9bat de France 5.<\/p>\n<p class=\"fig-paragraph\">C\u2019est la rentr\u00e9e pour\u00a0<a href=\"https:\/\/www.lefigaro.fr\/tag\/aurelie-casse\" target=\"_blank\" rel=\"noopener nofollow\" data-gtm-custom-categorie=\"navigation\" data-gtm-custom-action=\"crossclick\" data-gtm-custom-label=\"Contextuel\" data-gtm-event=\"customEventSPE\"><strong>Aur\u00e9lie Casse\u00a0<\/strong><\/a> ! L\u2019ancienne pr\u00e9sentatrice de\u00a0<a href=\"https:\/\/tvmag.lefigaro.fr\/programme-tv\/programme\/c-l-hebdo-d235838850\" target=\"_blank\" rel=\"noopener nofollow\" data-gtm-custom-categorie=\"navigation\" data-gtm-custom-action=\"crossclick\" data-gtm-custom-label=\"Contextuel\" data-gtm-event=\"customEventSPE\">\u00ab C l\u2019hebdo\u00a0\u00bb<\/a>\u00a0sur France 5 a fait ses adieux \u00e0 l\u2019\u00e9mission diffus\u00e9e les week-ends le 5 juillet dernier. Le programme, qui a depuis tir\u00e9 sa r\u00e9v\u00e9rence, va \u00eatre remplac\u00e9 par le prolongement de \u00ab C \u00e0 vous\u00a0\u00bb en fin de semaine.\u00a0D\u00e9sormais, Aur\u00e9lie Casse prend la suite de Caroline Roux les vendredis et samedis dans \u00abC dans l\u2019air\u00bb.<\/p>\n<p class=\"fig-paragraph\">Le moins que l\u2019on puisse dire, c\u2019est que la journaliste ne s\u2019est pas \u00e9panch\u00e9e sur cette nouvelle fonction. Une introduction particuli\u00e8rement sobre pour son premier num\u00e9ro. \u00ab Bonsoir \u00e0 tous, bienvenue dans \u201cC dans l\u2019air\u201d. Tr\u00e8s heureuse de vous retrouver d\u00e9sormais ici du vendredi au samedi en direct, jusqu\u2019\u00e0 19 heures\u00a0\u00bb, a-t-elle d\u00e9clar\u00e9 pour entamer la soir\u00e9e.<\/p>\n<p>                                    <a class=\"fig-a11y-skip a11y-hidden\" href=\"#fig-a11y-skip-main-inarticle\"><br \/>\n        Passer la publicit\u00e9<br \/>\n    <\/a><\/p>\n<p class=\"fig-paragraph\">Dans un tailleur gris, elle retrouve le ton s\u00e9rieux de l\u2019information auquel elle \u00e9tait habitu\u00e9e durant ses 8 ann\u00e9es pass\u00e9es \u00e0 BFMTV. Aur\u00e9lie Casse a d\u2019abord re\u00e7u Alice Augustin, grand reporter soci\u00e9t\u00e9 et violences sexistes et sexuelles au magazine Elle, qui s\u2019est exprim\u00e9e sur l\u2019enqu\u00eate concernant les accusations de violences conjugales \u00e0 l\u2019encontre de\u00a0<a href=\"https:\/\/www.lefigaro.fr\/tag\/jean-imbert\" target=\"_blank\" rel=\"noopener nofollow\" data-gtm-custom-categorie=\"navigation\" data-gtm-custom-action=\"crossclick\" data-gtm-custom-label=\"Contextuel\" data-gtm-event=\"customEventSPE\">Jean Imbert<\/a>, parue dans le magazine quelques mois plus t\u00f4t.<\/p>\n<p class=\"fig-paragraph\">Accompagn\u00e9e d\u2019une tabl\u00e9e de sp\u00e9cialistes de la diplomatie internationale, Aur\u00e9lie Casse est ensuite revenue sur le conflit russo-ukrainien et les interventions du pr\u00e9sident am\u00e9ricain, Donald Trump.<\/p>\n<p class=\"fig-paragraph\">Sa conclusion sera tout aussi sobre que son introduction\u00a0: \u00ab \u201cC dans l\u2019air\u201d est rediffus\u00e9e \u00e0 22h45 ce soir, disponible aussi en podcast. Moi je vous dis \u00e0 demain, ici m\u00eame, 17h25. \u00c0 demain, bonne soir\u00e9e\u00a0\u00bb.<\/p>\n<p>Des adieux chaleureux \u00e0 \u00abC l\u2019hebdo\u00bb<\/p>\n<p class=\"fig-paragraph\">L\u2019animatrice avait \u00e9t\u00e9 bien plus expressive au moment de dire au revoir au divertissement \u00ab C l\u2019hebdo\u00a0\u00bb. \u00ab Je m\u2019hydrate parce que c\u2019\u00e9tait la derni\u00e8re du programme apr\u00e8s neuf saisons. Une \u00e9mission qui a \u00e9t\u00e9 anim\u00e9e par<a href=\"https:\/\/www.lefigaro.fr\/tag\/anne-elisabeth-lemoine\" target=\"_blank\" rel=\"noopener nofollow\" data-gtm-custom-categorie=\"navigation\" data-gtm-custom-action=\"crossclick\" data-gtm-custom-label=\"Contextuel\" data-gtm-event=\"customEventSPE\">\u00a0Anne-\u00c9lisabeth Lemoine<\/a> \u00a0puis\u00a0<a href=\"https:\/\/www.lefigaro.fr\/tag\/ali-baddou\" target=\"_blank\" rel=\"noopener nofollow\" data-gtm-custom-categorie=\"navigation\" data-gtm-custom-action=\"crossclick\" data-gtm-custom-label=\"Contextuel\" data-gtm-event=\"customEventSPE\">Ali Baddou<\/a> . On aura fait partie de cette belle aventure pendant deux ans\u00a0\u00bb, avait-elle introduit.<\/p>\n<p class=\"fig-body-link\">\n            \u00c0 lire aussi<br \/>\n        <a class=\"fig-body-link__link\" href=\"http:\/\/tvmag.lefigaro.fr\/programme-tv\/actu-tele\/et-la-vie-sexuelle-alors-hilarite-apres-la-question-d-aurelie-casse-aux-matinaliers-de-france-inter-20250329\" target=\"_blank\" data-fig-type=\"Article\" rel=\"noopener nofollow\" data-gtm-custom-categorie=\"navigation\" data-gtm-custom-action=\"crossclick\" data-gtm-custom-label=\"Contextuel\" data-gtm-event=\"customEventSPE\" data-fig-domain=\"TVMAG\">\u00abEt la vie sexuelle alors\u00a0?\u00bb\u00a0: hilarit\u00e9 apr\u00e8s la question d\u2019Aur\u00e9lie Casse aux matinaliers de France Inter<br \/>\n    <\/a>\n<\/p>\n<p class=\"fig-paragraph\">L\u2019occasion \u00e9galement pour la journaliste d\u2019adresser quelques remerciements en fin d\u2019\u00e9mission\u00a0: \u00ab Merci beaucoup, c\u2019\u00e9tait une joie de travail. Merci \u00e0 vous d\u2019avoir \u00e9t\u00e9 aussi nombreux \u00e0 nous regarder chaque samedi soir. On en a \u00e9t\u00e9 fiers\u00a0\u00bb. Aur\u00e9lie Casse avait eu un mot pour son successeur,\u00a0<a href=\"https:\/\/www.lefigaro.fr\/tag\/mohamed-bouhafsi\" target=\"_blank\" rel=\"noopener nofollow\" data-gtm-custom-categorie=\"navigation\" data-gtm-custom-action=\"crossclick\" data-gtm-custom-label=\"Contextuel\" data-gtm-event=\"customEventSPE\">Mohamed Bouhafsi<\/a>\u00a0: \u00ab Je lui souhaite de s\u2019amuser autant que nous. On lui souhaite une belle aventure et puis bonne chance aussi\u00bb,\u00a0avait conclu Aur\u00e9lie Casse.<\/p>\n<p>                                    <a class=\"fig-a11y-skip a11y-hidden\" href=\"#fig-a11y-skip-main-inarticle_mtf\"><br \/>\n        Passer la publicit\u00e9<br \/>\n    <\/a><\/p>\n<p class=\"fig-paragraph\">Le chroniqueur dans\u00a0<a href=\"https:\/\/tvmag.lefigaro.fr\/programme-tv\/programme\/c-a-vous-d629397959\" target=\"_blank\" rel=\"noopener nofollow\" data-gtm-custom-categorie=\"navigation\" data-gtm-custom-action=\"crossclick\" data-gtm-custom-label=\"Contextuel\" data-gtm-event=\"customEventSPE\">\u00ab C \u00e0 vous\u00a0\u00bb<\/a>\u00a0fera, quant \u00e0 lui, sa rentr\u00e9e sur la Cinq une semaine apr\u00e8s sa cons\u0153ur. Il pr\u00e9sentera d\u00e8s le 5 septembre prochain le programme dans lequel il officiait, mais en tant que pr\u00e9sentateur cette fois, les vendredis et samedis.<\/p>\n","protected":false},"excerpt":{"rendered":"Aur\u00e9lie Casse dans \u00abC dans l\u2019air\u00bb sur France 5 Capture d&rsquo;\u00e9cran ON A REGARD\u00c9 POUR VOUS &#8211; Ce&hellip;\n","protected":false},"author":2,"featured_media":353406,"comment_status":"","ping_status":"","sticky":false,"template":"","format":"standard","meta":{"footnotes":""},"categories":[1356],"tags":[58,59,1011,27,4467,252,1364],"class_list":{"0":"post-353405","1":"post","2":"type-post","3":"status-publish","4":"format-standard","5":"has-post-thumbnail","7":"category-television","8":"tag-divertissement","9":"tag-entertainment","10":"tag-fr","11":"tag-france","12":"tag-france-5","13":"tag-television","14":"tag-tv"},"share_on_mastodon":{"url":"https:\/\/pubeurope.com\/@fr\/115115038110349327","error":""},"_links":{"self":[{"href":"https:\/\/www.europesays.com\/fr\/wp-json\/wp\/v2\/posts\/353405","targetHints":{"allow":["GET"]}}],"collection":[{"href":"https:\/\/www.europesays.com\/fr\/wp-json\/wp\/v2\/posts"}],"about":[{"href":"https:\/\/www.europesays.com\/fr\/wp-json\/wp\/v2\/types\/post"}],"author":[{"embeddable":true,"href":"https:\/\/www.europesays.com\/fr\/wp-json\/wp\/v2\/users\/2"}],"replies":[{"embeddable":true,"href":"https:\/\/www.europesays.com\/fr\/wp-json\/wp\/v2\/comments?post=353405"}],"version-history":[{"count":0,"href":"https:\/\/www.europesays.com\/fr\/wp-json\/wp\/v2\/posts\/353405\/revisions"}],"wp:featuredmedia":[{"embeddable":true,"href":"https:\/\/www.europesays.com\/fr\/wp-json\/wp\/v2\/media\/353406"}],"wp:attachment":[{"href":"https:\/\/www.europesays.com\/fr\/wp-json\/wp\/v2\/media?parent=353405"}],"wp:term":[{"taxonomy":"category","embeddable":true,"href":"https:\/\/www.europesays.com\/fr\/wp-json\/wp\/v2\/categories?post=353405"},{"taxonomy":"post_tag","embeddable":true,"href":"https:\/\/www.europesays.com\/fr\/wp-json\/wp\/v2\/tags?post=353405"}],"curies":[{"name":"wp","href":"https:\/\/api.w.org\/{rel}","templated":true}]}}