{"id":353407,"date":"2025-08-30T01:07:33","date_gmt":"2025-08-30T01:07:33","guid":{"rendered":"https:\/\/www.europesays.com\/fr\/353407\/"},"modified":"2025-08-30T01:07:33","modified_gmt":"2025-08-30T01:07:33","slug":"julien-clerc-evoque-sa-grande-difference-dage-avec-sa-femme-helene-gremillon","status":"publish","type":"post","link":"https:\/\/www.europesays.com\/fr\/353407\/","title":{"rendered":"Julien Clerc \u00e9voque sa grande diff\u00e9rence d&rsquo;\u00e2ge avec sa femme H\u00e9l\u00e8ne Gr\u00e9millon"},"content":{"rendered":"<p class=\"articleContent-meta\">\n        Hier \u00e0 17:15 &#8211; par             <a class=\"articleContent-metaAuthorsLink\" href=\"https:\/\/www.programme.tv\/auteur\/agnes-fremiot\/\" target=\"_blank\" rel=\"noopener\">Agn\u00e8s Fr\u00e9miot<\/a><\/p>\n<p>                    Tweeter<\/p>\n<p>                    Partager sur Facebook<\/p>\n<p>                        <img decoding=\"async\" src=\"https:\/\/www.europesays.com\/fr\/wp-content\/uploads\/2025\/08\/tres-pudique-julien-clerc-evoque-ses-enfants.jpg\" alt=\"Player Video\" class=\"player-applyRatio poster exclude-seedtag\"\/><\/p>\n<p>Julien Clerc partage la vie de l&rsquo;\u00e9crivaine H\u00e9l\u00e8ne Gr\u00e9millon depuis une vingtaine d&rsquo;ann\u00e9es. Ils filent d\u00e9sormais le parfait amour \u00e0 Londres avec leur fils L\u00e9onard. Le chanteur s&rsquo;est confi\u00e9 dans les colonnes du magazine Paris-Match sur la grande diff\u00e9rence d&rsquo;\u00e2ge qui le s\u00e9pare de sa compagne.<\/p>\n<p>Julien Clerc l&rsquo;a chant\u00e9, il aime les femmes ! Depuis plus de vingt ans, il partage la vie d&rsquo;H\u00e9l\u00e8ne Gr\u00e9millon, qu&rsquo;il a rencontr\u00e9e sur le plateau de Rive droite, rive gauche, l&rsquo;\u00e9mission du regrett\u00e9 Thierry Ardisson. Auparavant, l&rsquo;interpr\u00e8te de La fille aux bas nylon avait eu une idylle avec France Gall, puis Miou-Miou. De son histoire avec l&rsquo;actrice est n\u00e9e une fille, la r\u00e9alisatrice Jeanne Herry.<a href=\"https:\/\/www.programme.tv\/news\/actu\/222129-julien-clerc-lache-une-phrase-amusante-sur-ses-ex-compagnes-dont-miou-miou-la-mere-de-ses-filles\/\" target=\"_blank\" rel=\"noopener\"> Il a aussi choisi d&rsquo;adopter Ang\u00e8le, la fille de Miou-Miou et de Patrick Dewaere, qu&rsquo;il a \u00e9lev\u00e9e apr\u00e8s le suicide de l&rsquo;acteur.<\/a>  Avec Virginie Coup\u00e9rie-Eiffel dont il s&rsquo;est s\u00e9par\u00e9 en 2004, il a eu deux autres enfants, la chanteuse Vanille et Barnab\u00e9. <a href=\"https:\/\/www.programme.tv\/news\/celebrites\/263080-j-y-pense-tout-le-temps-cette-crainte-de-julien-clerc-sur-sa-relation-avec-helene-gremillon-de-trente-ans-sa-cadette\/\" target=\"_blank\" rel=\"noopener\">Julien Clerc est d\u00e9sormais install\u00e9 \u00e0 Londres avec la romanci\u00e8re de 29 ans sa cadette, qu&rsquo;il a \u00e9pous\u00e9 en 2012. <\/a>Ensemble, ils ont eu un fils pr\u00e9nomm\u00e9 L\u00e9onard.<\/p>\n<p>                                Julien Clerc a choisi \u00ab\u00a0d&rsquo;assumer\u00a0\u00bb sa diff\u00e9rence d&rsquo;\u00e2ge avec sa compagne<\/p>\n<p><a href=\"https:\/\/www.programme.tv\/news\/celebrites\/263080-j-y-pense-tout-le-temps-cette-crainte-de-julien-clerc-sur-sa-relation-avec-helene-gremillon-de-trente-ans-sa-cadette\/\" target=\"_blank\" rel=\"noopener\">Julien Clerc avait confi\u00e9 \u00eatre obs\u00e9d\u00e9 par son \u00e9cart d&rsquo;\u00e2ge avec sa compagne<\/a>. Un sujet qu&rsquo;il a \u00e0 nouveau abord\u00e9, mais plus sereinement, dans les colonnes du magazine Paris-Match. <b>\u00ab\u00a0<\/b><b>Notre diff\u00e9rence d\u2019\u00e2ge n\u2019est pas quelque chose qu\u2019il faut cacher, mais au contraire assumer<\/b><b>\u00ab\u00a0,<\/b> a-t-il soutenu. Les deux amoureux ont partag\u00e9 avec le magazine leur voyage au pays du soleil levant. \u00ab\u00a0C\u2019est \u00e9vident que, sans H\u00e9l\u00e8ne, je ne serais pas au Japon aujourd\u2019hui, je ne vivrais pas \u00e0 Londres. Elle m\u2019a appris \u00e0 \u00eatre l\u00e9ger, \u00e0 accepter d\u2019aller vers le mieux sans cesse. Je sais qu\u2019avant elle j\u2019avais tendance \u00e0 me laisser gagner par mes id\u00e9es sombres&#8230;\u00a0\u00bb, s&rsquo;enthousiasme-t-il. Il souligne d&rsquo;ailleurs que sa nouvelle compagne l&rsquo;a aid\u00e9 \u00e0 \u00ab\u00a0recr\u00e9er du lien avec ses enfants\u00a0\u00bb, m\u00eame si la t\u00e2che n&rsquo;a pas toujours \u00e9t\u00e9 ais\u00e9e. <b>\u00ab\u00a0<\/b><b>Pour certains, la pilule avait \u00e9t\u00e9 dure \u00e0 avaler. Une s\u00e9paration, \u00e7a brise forc\u00e9ment des choses\u00a0\u00bb<\/b>, pr\u00e9cise-t-il. En se montrant patiente, l&rsquo;\u00e9crivaine a r\u00e9ussi \u00e0 rapprocher le clan. \u00ab\u00a0H\u00e9l\u00e8ne a d\u00e9velopp\u00e9 des talents de diplomatie pour nous r\u00e9unir et faire de moi un patriarche heureux\u00a0\u00bb, confie-t-il ainsi.<\/p>\n<p>                 H\u00e9l\u00e8ne Gr\u00e9millon pr\u00e9cise qu&rsquo;elle n&rsquo;a pas bris\u00e9 le couple de Julien Clerc<\/p>\n<p>Quand Julien Clerc a rencontr\u00e9 sa nouvelle compagne au d\u00e9but des ann\u00e9es 2000, il \u00e9tait toujours mari\u00e9 avec la cavali\u00e8re Virginie Coup\u00e9rie-Eiffel. Mais H\u00e9l\u00e8ne Gr\u00e9millon a tenu \u00e0 faire une mise au point sur leur histoire. \u00ab\u00a0Notre relation a fait que Julien a d\u00e9cid\u00e9 de divorcer. Mais je n\u2019ai pas \u00e9t\u00e9 une briseuse de couple\u00a0\u00bb, insiste-t-elle.<\/p>\n<p>Rejoignez-nous sur Google News !<\/p>\n<p class=\"articleContent-pushTagline\">Abonnez-vous \u00e0 <a href=\"https:\/\/news.google.com\/publications\/CAAiEJwr-IZFXDFoZD1ePbkC_VcqFAgKIhCcK_iGRVwxaGQ9Xj25Av1X\" target=\"_blank\" rel=\"noopener\">T\u00e9l\u00e9 2 semaines sur Google News<\/a> pour ne manquer aucune info !<\/p>\n","protected":false},"excerpt":{"rendered":"Hier \u00e0 17:15 &#8211; par Agn\u00e8s Fr\u00e9miot Tweeter Partager sur Facebook Julien Clerc partage la vie de l&rsquo;\u00e9crivaine&hellip;\n","protected":false},"author":2,"featured_media":353408,"comment_status":"","ping_status":"","sticky":false,"template":"","format":"standard","meta":{"footnotes":""},"categories":[1355],"tags":[58,59,1011,27,1735,1361,873,1630],"class_list":{"0":"post-353407","1":"post","2":"type-post","3":"status-publish","4":"format-standard","5":"has-post-thumbnail","7":"category-musique","8":"tag-divertissement","9":"tag-entertainment","10":"tag-fr","11":"tag-france","12":"tag-julien-clerc","13":"tag-music","14":"tag-musique","15":"tag-zapping"},"share_on_mastodon":{"url":"https:\/\/pubeurope.com\/@fr\/115115042110767580","error":""},"_links":{"self":[{"href":"https:\/\/www.europesays.com\/fr\/wp-json\/wp\/v2\/posts\/353407","targetHints":{"allow":["GET"]}}],"collection":[{"href":"https:\/\/www.europesays.com\/fr\/wp-json\/wp\/v2\/posts"}],"about":[{"href":"https:\/\/www.europesays.com\/fr\/wp-json\/wp\/v2\/types\/post"}],"author":[{"embeddable":true,"href":"https:\/\/www.europesays.com\/fr\/wp-json\/wp\/v2\/users\/2"}],"replies":[{"embeddable":true,"href":"https:\/\/www.europesays.com\/fr\/wp-json\/wp\/v2\/comments?post=353407"}],"version-history":[{"count":0,"href":"https:\/\/www.europesays.com\/fr\/wp-json\/wp\/v2\/posts\/353407\/revisions"}],"wp:featuredmedia":[{"embeddable":true,"href":"https:\/\/www.europesays.com\/fr\/wp-json\/wp\/v2\/media\/353408"}],"wp:attachment":[{"href":"https:\/\/www.europesays.com\/fr\/wp-json\/wp\/v2\/media?parent=353407"}],"wp:term":[{"taxonomy":"category","embeddable":true,"href":"https:\/\/www.europesays.com\/fr\/wp-json\/wp\/v2\/categories?post=353407"},{"taxonomy":"post_tag","embeddable":true,"href":"https:\/\/www.europesays.com\/fr\/wp-json\/wp\/v2\/tags?post=353407"}],"curies":[{"name":"wp","href":"https:\/\/api.w.org\/{rel}","templated":true}]}}