{"id":353409,"date":"2025-08-30T01:08:11","date_gmt":"2025-08-30T01:08:11","guid":{"rendered":"https:\/\/www.europesays.com\/fr\/353409\/"},"modified":"2025-08-30T01:08:11","modified_gmt":"2025-08-30T01:08:11","slug":"point-limite-zero-la-liberte-pied-au-plancher","status":"publish","type":"post","link":"https:\/\/www.europesays.com\/fr\/353409\/","title":{"rendered":"\u201cPoint limite z\u00e9ro\u201d, la libert\u00e9 pied au plancher"},"content":{"rendered":"\n<ul class=\"sheet__notation-container sheet__notation-container--no-img\">\n<li class=\"sheet__notation\"><img decoding=\"async\" src=\"https:\/\/www.telerama.fr\/dist\/assets\/img\/icons\/notation\/notation-4.svg\" alt=\"Tr\u00e8s Bien\"\/><\/li>\n<li class=\"sheet__notation-label\">Tr\u00e8s Bien<\/li>\n<\/ul>\n<p>            <a href=\"https:\/\/www.europesays.com\/fr\/wp-content\/uploads\/2025\/08\/1e72592b98404c6e96eb2f13136912af.jpg\" data-pswp-width=\"\" data-pswp-height=\"\" class=\"media__hd\" target=\"_blank\">      <img decoding=\"async\" fetchpriority=\"high\" src=\"https:\/\/www.europesays.com\/fr\/wp-content\/uploads\/2025\/08\/1e72592b98404c6e96eb2f13136912af.jpg\" class=\"media__picture js-media-zoom-main \" alt=\"\" title=\"\"\/>       <\/a>                  <\/p>\n<p class=\"author author--simple\">Par  <a class=\"author author--link\" href=\"https:\/\/www.telerama.fr\/recherche\/articles?q=Guillemette+Odicino\" rel=\"nofollow noopener\" target=\"_blank\"> Guillemette Odicino <\/a>    <\/p>\n<p class=\"publication__date\">Publi\u00e9 le 29 ao\u00fbt 2025 \u00e0 06h33<\/p>\n<p>   Partager   <\/p>\n<ul class=\"sharing-popin--results\">\n<li class=\"sharing-popin--item sharing-popin--item-container\"> Partage  <\/li>\n<li data-share=\"linkedin\" class=\"sharing-popin--item\">  LinkedIn <\/li>\n<li data-share=\"facebook\" class=\"sharing-popin--item\">  Facebook <\/li>\n<li data-share=\"mail\" data-social=\"mail\" class=\"sharing-popin--item\">  Envoyer par email <\/li>\n<li data-share=\"copy\" class=\"sharing-popin--item\">  Copier le lien <\/li>\n<\/ul>\n<p>        Favoris       <\/p>\n<p>           Noter (1)          Critiquer (1)      <a class=\"openapp__link\" data-event=\"click-open-app\" data-deep-link=\"tlrm:\/\/element?id=cinema\/point-limite-zero-la-liberte-pied-au-plancher_cri-7040372.php&amp;source=deeplink_site\">  Lire dans l&rsquo;application<br \/>\n  <\/a>                               <\/p>\n<p class=\"paragraph\">Californie, dimanche, 10h02. Une Dodge Challenger 1970 de couleur blanche est poursuivie par un h\u00e9lico et une meute de voitures de police. Un meurtrier en cavale\u00a0? Flash-back\u00a0: Denver, Colorado, vendredi, 23h30. Un type qui n\u2019a pas dormi depuis longtemps monte dans une voiture blanche. Il passe acheter des amph\u00e9tamines chez un ami, qui lui conseille de mettre la p\u00e9dale douce. Le conducteur, bien au contraire, parie qu\u2019il peut rejoindre San Francisco en un temps record. Rien ni personne ne pourra l\u2019en emp\u00eacher.<\/p>\n<p class=\"paragraph\">Cette course contre la montre \u00e0 travers l\u2019Am\u00e9rique profonde, poussi\u00e9reuse et engourdie, est d\u2019abord un acte gratuit\u00a0: conduire pied au plancher, avaler des kilom\u00e8tres, hors la raison et la loi. Mais l\u00e0 o\u00f9 le <a target=\"_blank\" href=\"https:\/\/www.telerama.fr\/cinema\/films\/macadam-a-deux-voies,14544.php\" rel=\"nofollow noopener\">Macadam \u00e0 deux voies<\/a> de Monte Hellman, autre grand film de bagnole de la contre-culture r\u00e9alis\u00e9 la m\u00eame ann\u00e9e, refusait de faire sens, Sarafian fonce dans l\u2019all\u00e9gorie contestataire. D\u2019\u00c9tat en \u00c9tat, la police se passe le relais pour stopper le fou du volant. Au micro de sa radio libre, un DJ noir spirituel entretient avec lui un \u00e9trange dialogue t\u00e9l\u00e9pathique. Il ne sera pas le seul repr\u00e9sentant d\u2019une minorit\u00e9 \u00e0 aider le chauffard solitaire. Le d\u00e9lit de fuite devient acte politique. Kowalski roule pour ceux qui, d\u2019habitude, restent sur le bord de la route. Sa qu\u00eate de libert\u00e9 est la leur, son sacrifice aussi.<\/p>\n","protected":false},"excerpt":{"rendered":"Tr\u00e8s Bien Par Guillemette Odicino Publi\u00e9 le 29 ao\u00fbt 2025 \u00e0 06h33 Partager Partage LinkedIn Facebook Envoyer par&hellip;\n","protected":false},"author":2,"featured_media":353410,"comment_status":"","ping_status":"","sticky":false,"template":"","format":"standard","meta":{"footnotes":""},"categories":[1354],"tags":[58,59,1346,1011,27,1360],"class_list":{"0":"post-353409","1":"post","2":"type-post","3":"status-publish","4":"format-standard","5":"has-post-thumbnail","7":"category-films","8":"tag-divertissement","9":"tag-entertainment","10":"tag-films","11":"tag-fr","12":"tag-france","13":"tag-movies"},"share_on_mastodon":{"url":"https:\/\/pubeurope.com\/@fr\/115115046178473425","error":""},"_links":{"self":[{"href":"https:\/\/www.europesays.com\/fr\/wp-json\/wp\/v2\/posts\/353409","targetHints":{"allow":["GET"]}}],"collection":[{"href":"https:\/\/www.europesays.com\/fr\/wp-json\/wp\/v2\/posts"}],"about":[{"href":"https:\/\/www.europesays.com\/fr\/wp-json\/wp\/v2\/types\/post"}],"author":[{"embeddable":true,"href":"https:\/\/www.europesays.com\/fr\/wp-json\/wp\/v2\/users\/2"}],"replies":[{"embeddable":true,"href":"https:\/\/www.europesays.com\/fr\/wp-json\/wp\/v2\/comments?post=353409"}],"version-history":[{"count":0,"href":"https:\/\/www.europesays.com\/fr\/wp-json\/wp\/v2\/posts\/353409\/revisions"}],"wp:featuredmedia":[{"embeddable":true,"href":"https:\/\/www.europesays.com\/fr\/wp-json\/wp\/v2\/media\/353410"}],"wp:attachment":[{"href":"https:\/\/www.europesays.com\/fr\/wp-json\/wp\/v2\/media?parent=353409"}],"wp:term":[{"taxonomy":"category","embeddable":true,"href":"https:\/\/www.europesays.com\/fr\/wp-json\/wp\/v2\/categories?post=353409"},{"taxonomy":"post_tag","embeddable":true,"href":"https:\/\/www.europesays.com\/fr\/wp-json\/wp\/v2\/tags?post=353409"}],"curies":[{"name":"wp","href":"https:\/\/api.w.org\/{rel}","templated":true}]}}