{"id":353420,"date":"2025-08-30T01:14:16","date_gmt":"2025-08-30T01:14:16","guid":{"rendered":"https:\/\/www.europesays.com\/fr\/353420\/"},"modified":"2025-08-30T01:14:16","modified_gmt":"2025-08-30T01:14:16","slug":"le-hamas-affirme-que-les-otages-seront-soumis-aux-memes-risques-que-ses-soldats-en-cas-doffensive-a-gaza","status":"publish","type":"post","link":"https:\/\/www.europesays.com\/fr\/353420\/","title":{"rendered":"Le Hamas affirme que les otages seront soumis aux \u00abm\u00eames risques\u00bb que ses soldats en cas d\u2019offensive \u00e0 Gaza"},"content":{"rendered":"<p class=\"fig-paragraph\">Le mouvement\u00a0<a href=\"http:\/\/www.lefigaro.fr\/international\/il-ne-leur-reste-que-six-ou-sept-hauts-cadres-militaires-affaibli-le-hamas-aura-du-mal-a-resister-a-l-armee-israelienne-20250808\" data-fig-type=\"Article\" data-gtm-custom-categorie=\"navigation\" data-gtm-custom-action=\"crossclick\" data-gtm-custom-label=\"Contextuel\" data-gtm-event=\"customEventSPE\" data-fig-domain=\"LEFIGARO\" target=\"_blank\" rel=\"noopener\">palestinien Hamas<\/a>\u00a0a averti vendredi, avant l&rsquo;offensive qu&rsquo;Isra\u00ebl s&rsquo;appr\u00eate \u00e0 lancer sur Gaza-ville, que les otages isra\u00e9liens qu&rsquo;il d\u00e9tient seraient soumis aux \u00abm\u00eames risques\u00bb que ses combattants.<\/p>\n<p class=\"fig-paragraph\">\u00abNous prendrons soin des prisonniers du mieux que nous pourrons, et ils seront avec nos combattants dans les zones de combats et d&rsquo;affrontements, soumis aux m\u00eames risques et aux m\u00eames conditions de subsistance\u00bb, indique un communiqu\u00e9 diffus\u00e9 par le Hamas et attribu\u00e9 au porte-parole de sa branche arm\u00e9e, connu sous le nom de guerre Abou Obeida.<\/p>\n","protected":false},"excerpt":{"rendered":"Le mouvement\u00a0palestinien Hamas\u00a0a averti vendredi, avant l&rsquo;offensive qu&rsquo;Isra\u00ebl s&rsquo;appr\u00eate \u00e0 lancer sur Gaza-ville, que les otages isra\u00e9liens qu&rsquo;il&hellip;\n","protected":false},"author":2,"featured_media":353421,"comment_status":"","ping_status":"","sticky":false,"template":"","format":"standard","meta":{"footnotes":""},"categories":[5],"tags":[11,1011,27,665,3519,14,12,19141,28],"class_list":{"0":"post-353420","1":"post","2":"type-post","3":"status-publish","4":"format-standard","5":"has-post-thumbnail","7":"category-international","8":"tag-actualites","9":"tag-fr","10":"tag-france","11":"tag-gaza","12":"tag-hamas","13":"tag-international","14":"tag-news","15":"tag-otages","16":"tag-world"},"share_on_mastodon":{"url":"https:\/\/pubeurope.com\/@fr\/115115069455824363","error":""},"_links":{"self":[{"href":"https:\/\/www.europesays.com\/fr\/wp-json\/wp\/v2\/posts\/353420","targetHints":{"allow":["GET"]}}],"collection":[{"href":"https:\/\/www.europesays.com\/fr\/wp-json\/wp\/v2\/posts"}],"about":[{"href":"https:\/\/www.europesays.com\/fr\/wp-json\/wp\/v2\/types\/post"}],"author":[{"embeddable":true,"href":"https:\/\/www.europesays.com\/fr\/wp-json\/wp\/v2\/users\/2"}],"replies":[{"embeddable":true,"href":"https:\/\/www.europesays.com\/fr\/wp-json\/wp\/v2\/comments?post=353420"}],"version-history":[{"count":0,"href":"https:\/\/www.europesays.com\/fr\/wp-json\/wp\/v2\/posts\/353420\/revisions"}],"wp:featuredmedia":[{"embeddable":true,"href":"https:\/\/www.europesays.com\/fr\/wp-json\/wp\/v2\/media\/353421"}],"wp:attachment":[{"href":"https:\/\/www.europesays.com\/fr\/wp-json\/wp\/v2\/media?parent=353420"}],"wp:term":[{"taxonomy":"category","embeddable":true,"href":"https:\/\/www.europesays.com\/fr\/wp-json\/wp\/v2\/categories?post=353420"},{"taxonomy":"post_tag","embeddable":true,"href":"https:\/\/www.europesays.com\/fr\/wp-json\/wp\/v2\/tags?post=353420"}],"curies":[{"name":"wp","href":"https:\/\/api.w.org\/{rel}","templated":true}]}}