{"id":353425,"date":"2025-08-30T01:17:34","date_gmt":"2025-08-30T01:17:34","guid":{"rendered":"https:\/\/www.europesays.com\/fr\/353425\/"},"modified":"2025-08-30T01:17:34","modified_gmt":"2025-08-30T01:17:34","slug":"le-chambon-feugerolles-100-000-euros-de-travaux-realises-cet-ete-dans-la-ville","status":"publish","type":"post","link":"https:\/\/www.europesays.com\/fr\/353425\/","title":{"rendered":"Le Chambon-Feugerolles. 100\u00a0000\u00a0euros de travaux r\u00e9alis\u00e9s cet \u00e9t\u00e9 dans la ville"},"content":{"rendered":"<p>David Fara, maire du Chambon-Feugerolles, accompagn\u00e9 de son premier adjoint Henri Bouth\u00e9on et de plusieurs \u00e9lus, a visit\u00e9 ce mercredi 27\u00a0ao\u00fbt une partie des travaux r\u00e9alis\u00e9s par la ville durant la p\u00e9riode estivale.<\/p>\n<p>De plus petits travaux au cours des petites vacances<\/p>\n<p>\u00ab\u00a0Comme tous les \u00e9t\u00e9s, on fait des travaux dans tous nos b\u00e2timents et nos espaces ext\u00e9rieurs qui le n\u00e9cessitent. Cette ann\u00e9e, ce sont plus de 100\u00a0000\u00a0euros de d\u00e9penses&#8230;<\/p>\n","protected":false},"excerpt":{"rendered":"David Fara, maire du Chambon-Feugerolles, accompagn\u00e9 de son premier adjoint Henri Bouth\u00e9on et de plusieurs \u00e9lus, a visit\u00e9&hellip;\n","protected":false},"author":2,"featured_media":353426,"comment_status":"","ping_status":"","sticky":false,"template":"","format":"standard","meta":{"footnotes":""},"categories":[9653],"tags":[1111,11,2430,12162,1984,7539,1777,674,1011,27,12161,12,316,25,4001],"class_list":{"0":"post-353425","1":"post","2":"type-post","3":"status-publish","4":"format-standard","5":"has-post-thumbnail","7":"category-saint-etienne","8":"tag-actu","9":"tag-actualites","10":"tag-auvergne-rhone-alpes","11":"tag-chambon-feugerolles-ville","12":"tag-conseil-municipal","13":"tag-edition-loire-sud","14":"tag-eu","15":"tag-europe","16":"tag-fr","17":"tag-france","18":"tag-le-chambon-feugerolles","19":"tag-news","20":"tag-politique","21":"tag-republique-francaise","22":"tag-saint-etienne"},"share_on_mastodon":{"url":"https:\/\/pubeurope.com\/@fr\/115115081327595574","error":""},"_links":{"self":[{"href":"https:\/\/www.europesays.com\/fr\/wp-json\/wp\/v2\/posts\/353425","targetHints":{"allow":["GET"]}}],"collection":[{"href":"https:\/\/www.europesays.com\/fr\/wp-json\/wp\/v2\/posts"}],"about":[{"href":"https:\/\/www.europesays.com\/fr\/wp-json\/wp\/v2\/types\/post"}],"author":[{"embeddable":true,"href":"https:\/\/www.europesays.com\/fr\/wp-json\/wp\/v2\/users\/2"}],"replies":[{"embeddable":true,"href":"https:\/\/www.europesays.com\/fr\/wp-json\/wp\/v2\/comments?post=353425"}],"version-history":[{"count":0,"href":"https:\/\/www.europesays.com\/fr\/wp-json\/wp\/v2\/posts\/353425\/revisions"}],"wp:featuredmedia":[{"embeddable":true,"href":"https:\/\/www.europesays.com\/fr\/wp-json\/wp\/v2\/media\/353426"}],"wp:attachment":[{"href":"https:\/\/www.europesays.com\/fr\/wp-json\/wp\/v2\/media?parent=353425"}],"wp:term":[{"taxonomy":"category","embeddable":true,"href":"https:\/\/www.europesays.com\/fr\/wp-json\/wp\/v2\/categories?post=353425"},{"taxonomy":"post_tag","embeddable":true,"href":"https:\/\/www.europesays.com\/fr\/wp-json\/wp\/v2\/tags?post=353425"}],"curies":[{"name":"wp","href":"https:\/\/api.w.org\/{rel}","templated":true}]}}