{"id":353427,"date":"2025-08-30T01:18:11","date_gmt":"2025-08-30T01:18:11","guid":{"rendered":"https:\/\/www.europesays.com\/fr\/353427\/"},"modified":"2025-08-30T01:18:11","modified_gmt":"2025-08-30T01:18:11","slug":"ce-qui-change-a-la-rentree","status":"publish","type":"post","link":"https:\/\/www.europesays.com\/fr\/353427\/","title":{"rendered":"ce qui change \u00e0 la rentr\u00e9e"},"content":{"rendered":"<p>            Par<br \/>\n        <strong><br \/>\n            <a href=\"https:\/\/actu.fr\/auteur\/mathias-souteyrat\" title=\"Consulter tous les articles de Mathias Souteyrat\" target=\"_blank\" rel=\"noopener\">Mathias Souteyrat<\/a><br \/>\n        <\/strong><\/p>\n<p>        Publi\u00e9 le<\/p>\n<p>            29 ao\u00fbt 2025 \u00e0 15h58        <\/p>\n<p>Nouvelles dessertes, 8 trolleybus sur la ligne M6 et 31 nouveaux bus biogaz sur les lignes M2 et M5\u2026 Ce jeudi 28\u00a0ao\u00fbt 2025, la Soci\u00e9t\u00e9 de transport de l\u2019agglom\u00e9ration st\u00e9phanoise (<a href=\"https:\/\/actu.fr\/tag\/societe-de-transport-de-lagglomeration-stephanoise-stas\" target=\"_blank\" rel=\"noopener\">STAS<\/a>) annonce les nouveaut\u00e9s de cette rentr\u00e9e 2025\/2026 dans la m\u00e9tropole de <a href=\"https:\/\/actu.fr\/saint-etienne\/\" target=\"_blank\" rel=\"noopener\">Saint-Etienne<\/a>. Ce qu\u2019il faut retenir.<\/p>\n<p>8 trolleybus articul\u00e9s 100\u2009% \u00e9lectriques<\/p>\n<p class=\" wall-content\">L\u2019acquisition de 39 nouveaux v\u00e9hicules \u00e0 faibles \u00e9missions\u2009:<\/p>\n<ul class=\" wall-content\">\n<li>8 trolleybus articul\u00e9s 100\u2009% \u00e9lectriques, prochainement en circulation sur la ligne <a href=\"https:\/\/actu.fr\/auvergne-rhone-alpes\/saint-etienne_42218\/saint-etienne-ligne-stas-m6-le-cours-fauriel-transforme-de-gros-changements-prevus_61927862.html\" target=\"_blank\" rel=\"noopener\">M6<\/a>.<\/li>\n<li>31 nouveaux bus biogaz pour circuler sur les lignes M2 (12 bus standards) et M5 (11 bus standards et 8 bus articul\u00e9s), d\u00e8s 2026.<\/li>\n<\/ul>\n<p class=\" wall-content\">\u00ab\u2009Tous les nouveaux bus et trolleys acquis sont climatis\u00e9s. \u00c0 terme, donc, tous les v\u00e9hicules du r\u00e9seau seront aussi climatis\u00e9s\u2009\u00bb, pr\u00e9cise la STAS.<\/p>\n<p class=\" wall-content\">\u00c0 noter\u2009: l\u2019acquisition des bus biogaz articul\u00e9s a entra\u00een\u00e9 l\u2019agrandissement des quais de la ligne M5. Un ensemble de travaux qui a \u00e9t\u00e9 men\u00e9, en grande partie, cet \u00e9t\u00e9.<\/p>\n<p>Un QR Code pour valider<\/p>\n<p class=\" wall-content\">Pour rappel, la billettique a \u00e9t\u00e9 repens\u00e9e avec des tickets QR Code et les nouveaux valideurs. Les anciens tickets restent validables sur les anciens valideurs dans les tramways jusqu\u2019\u00e0 la fin de l\u2019ann\u00e9e 2025.<\/p>\n<p>    <img   decoding=\"async\" loading=\"lazy\" src=\"https:\/\/www.europesays.com\/fr\/wp-content\/uploads\/2025\/08\/stas-cb-960x640.jpg\" alt=\"Comme \u00e0 Lyon, Clermont-Ferrand, Saint-\u00c9tienne passe (enfin) au paiement par carte bancaire directement \u00e0 l'int\u00e9rieur des trams et bus.\" width=\"960\" height=\"640\"\/><br \/>\n    Comme \u00e0 Lyon, Clermont-Ferrand, Saint-\u00c9tienne passe (enfin) au paiement par carte bancaire directement \u00e0 l\u2019int\u00e9rieur des trams et bus. (\u00a9Saint-Etienne m\u00e9tropole)<\/p>\n<p>Votre r\u00e9gion, votre actu !<\/p>\n<p>Recevez chaque jour les infos qui comptent pour vous.<\/p>\n<p>\t<a href=\"https:\/\/actu.fr\/newsletter\" class=\"ac-btn ac-btn--corner ac-btn--medium ac-btn--blue800\" target=\"_blank\" rel=\"noopener\">S&rsquo;incrire<\/a><\/p>\n<p class=\" wall-content\">Vous pouvez \u00e9galement valider directement avec votre carte bancaire ou une carte O\u00f9ra. Il n\u2019y a pas de changement c\u00f4t\u00e9 prix.<\/p>\n<p>De nouvelles dessertes<\/p>\n<p class=\" wall-content\">Deux \u00e9volutions sont \u00e0 signaler sur les lignes du r\u00e9seau\u2009:<\/p>\n<ul class=\" wall-content\">\n<li>Ligne 39\u2009: l\u2019itin\u00e9raire est prolong\u00e9 jusqu\u2019\u00e0 Chamb\u0153uf et Saint-Galmier, pour faciliter l\u2019acc\u00e8s aux coll\u00e8ges Sainte-St\u00e9phanie et Jules-Romain, ainsi qu\u2019aux \u00e9quipements du secteur Nautiform. La ligne 39 assure aussi des correspondances avec les lignes L19 et C1.<\/li>\n<li>Un TAD (transport \u00e0 la demande) vient compl\u00e9ter la ligne 34 \u00e0 Saint-Paul-en-Cornillon. Une \u00e9volution qui permet de r\u00e9pondre aux besoins r\u00e9els des habitants, sans faire circuler de v\u00e9hicules \u00e0 vide.<\/li>\n<\/ul>\n<p class=\" wall-content\">\u00ab\u2009Des plans g\u00e9osch\u00e9matiques plus lisibles, avec des contrastes de couleurs renforc\u00e9s et des lignes structurantes (tram et lignes M\u00e9tropoles) davantage mises en valeur, vont progressivement faire leur apparition aux arr\u00eats de bus, tram et trolleybus\u2009\u00bb, annonce la STAS.<\/p>\n<p class=\" wall-content\">Personnalisez votre actualit\u00e9 en ajoutant vos villes et m\u00e9dias en favori avec <a href=\"https:\/\/moncompte.actu.fr\" title=\"D\u00e9couvez Mon Actu\" rel=\"nofollow noopener\" data-trk=\"{&quot;cta&quot;:{&quot;action&quot;:&quot;https:\\\/\\\/moncompte.actu.fr&quot;,&quot;category&quot;:&quot;mon compte&quot;,&quot;from&quot;:&quot;article footer&quot;,&quot;name&quot;:&quot;Mon actu&quot;,&quot;type&quot;:&quot;cta&quot;}}\" target=\"_blank\">Mon Actu<\/a>.<\/p>\n","protected":false},"excerpt":{"rendered":"Par Mathias Souteyrat Publi\u00e9 le 29 ao\u00fbt 2025 \u00e0 15h58 Nouvelles dessertes, 8 trolleybus sur la ligne M6&hellip;\n","protected":false},"author":2,"featured_media":353428,"comment_status":"","ping_status":"","sticky":false,"template":"","format":"standard","meta":{"footnotes":""},"categories":[9653],"tags":[1111,11,2430,1777,674,1011,27,12,25,4001,10060,104,25515,2803],"class_list":{"0":"post-353427","1":"post","2":"type-post","3":"status-publish","4":"format-standard","5":"has-post-thumbnail","7":"category-saint-etienne","8":"tag-actu","9":"tag-actualites","10":"tag-auvergne-rhone-alpes","11":"tag-eu","12":"tag-europe","13":"tag-fr","14":"tag-france","15":"tag-news","16":"tag-republique-francaise","17":"tag-saint-etienne","18":"tag-saint-etienne-metropole","19":"tag-societe","20":"tag-societe-de-transport-de-lagglomeration-stephanoise-stas","21":"tag-transport"},"share_on_mastodon":{"url":"https:\/\/pubeurope.com\/@fr\/115115085340991943","error":""},"_links":{"self":[{"href":"https:\/\/www.europesays.com\/fr\/wp-json\/wp\/v2\/posts\/353427","targetHints":{"allow":["GET"]}}],"collection":[{"href":"https:\/\/www.europesays.com\/fr\/wp-json\/wp\/v2\/posts"}],"about":[{"href":"https:\/\/www.europesays.com\/fr\/wp-json\/wp\/v2\/types\/post"}],"author":[{"embeddable":true,"href":"https:\/\/www.europesays.com\/fr\/wp-json\/wp\/v2\/users\/2"}],"replies":[{"embeddable":true,"href":"https:\/\/www.europesays.com\/fr\/wp-json\/wp\/v2\/comments?post=353427"}],"version-history":[{"count":0,"href":"https:\/\/www.europesays.com\/fr\/wp-json\/wp\/v2\/posts\/353427\/revisions"}],"wp:featuredmedia":[{"embeddable":true,"href":"https:\/\/www.europesays.com\/fr\/wp-json\/wp\/v2\/media\/353428"}],"wp:attachment":[{"href":"https:\/\/www.europesays.com\/fr\/wp-json\/wp\/v2\/media?parent=353427"}],"wp:term":[{"taxonomy":"category","embeddable":true,"href":"https:\/\/www.europesays.com\/fr\/wp-json\/wp\/v2\/categories?post=353427"},{"taxonomy":"post_tag","embeddable":true,"href":"https:\/\/www.europesays.com\/fr\/wp-json\/wp\/v2\/tags?post=353427"}],"curies":[{"name":"wp","href":"https:\/\/api.w.org\/{rel}","templated":true}]}}