{"id":353429,"date":"2025-08-30T01:19:51","date_gmt":"2025-08-30T01:19:51","guid":{"rendered":"https:\/\/www.europesays.com\/fr\/353429\/"},"modified":"2025-08-30T01:19:51","modified_gmt":"2025-08-30T01:19:51","slug":"ces-personnalites-attendues-pour-cette-47e-edition","status":"publish","type":"post","link":"https:\/\/www.europesays.com\/fr\/353429\/","title":{"rendered":"ces personnalit\u00e9s attendues pour cette 47e \u00e9dition"},"content":{"rendered":"<p>Plac\u00e9 sous la pr\u00e9sidence de Guillaume Gallienne, la 47e \u00e9dition du Livre sur la Place, le salon national de la rentr\u00e9e litt\u00e9raire, aura lieu \u00e0 Nancy du vendredi 12 au dimanche 14 septembre prochains. Il mettra en lumi\u00e8re la sinc\u00e9rit\u00e9 et l&rsquo;introspection litt\u00e9raire. De nombreuses personnalit\u00e9s du monde litt\u00e9raire et des m\u00e9dias sont attendus. Petit tour non exhaustif.<\/p>\n","protected":false},"excerpt":{"rendered":"Plac\u00e9 sous la pr\u00e9sidence de Guillaume Gallienne, la 47e \u00e9dition du Livre sur la Place, le salon national&hellip;\n","protected":false},"author":2,"featured_media":345290,"comment_status":"","ping_status":"","sticky":false,"template":"","format":"standard","meta":{"footnotes":""},"categories":[9635],"tags":[1111,11,650,1687,3602,1707,1704,1706,1705,10174,1777,674,1011,27,2798,775,2410,1702,12,25,2205],"class_list":{"0":"post-353429","1":"post","2":"type-post","3":"status-publish","4":"format-standard","5":"has-post-thumbnail","7":"category-nancy","8":"tag-actu","9":"tag-actualites","10":"tag-cinema","11":"tag-culture-loisirs","12":"tag-edition-bar-le-duc","13":"tag-edition-luneville","14":"tag-edition-nancy-et-agglomeration","15":"tag-edition-pont-a-mousson","16":"tag-edition-toul","17":"tag-edition-verdun","18":"tag-eu","19":"tag-europe","20":"tag-fr","21":"tag-france","22":"tag-galerie-photo","23":"tag-grand-est","24":"tag-livres-bd","25":"tag-nancy","26":"tag-news","27":"tag-republique-francaise","28":"tag-television-medias"},"share_on_mastodon":{"url":"https:\/\/pubeurope.com\/@fr\/115115093037089562","error":""},"_links":{"self":[{"href":"https:\/\/www.europesays.com\/fr\/wp-json\/wp\/v2\/posts\/353429","targetHints":{"allow":["GET"]}}],"collection":[{"href":"https:\/\/www.europesays.com\/fr\/wp-json\/wp\/v2\/posts"}],"about":[{"href":"https:\/\/www.europesays.com\/fr\/wp-json\/wp\/v2\/types\/post"}],"author":[{"embeddable":true,"href":"https:\/\/www.europesays.com\/fr\/wp-json\/wp\/v2\/users\/2"}],"replies":[{"embeddable":true,"href":"https:\/\/www.europesays.com\/fr\/wp-json\/wp\/v2\/comments?post=353429"}],"version-history":[{"count":0,"href":"https:\/\/www.europesays.com\/fr\/wp-json\/wp\/v2\/posts\/353429\/revisions"}],"wp:featuredmedia":[{"embeddable":true,"href":"https:\/\/www.europesays.com\/fr\/wp-json\/wp\/v2\/media\/345290"}],"wp:attachment":[{"href":"https:\/\/www.europesays.com\/fr\/wp-json\/wp\/v2\/media?parent=353429"}],"wp:term":[{"taxonomy":"category","embeddable":true,"href":"https:\/\/www.europesays.com\/fr\/wp-json\/wp\/v2\/categories?post=353429"},{"taxonomy":"post_tag","embeddable":true,"href":"https:\/\/www.europesays.com\/fr\/wp-json\/wp\/v2\/tags?post=353429"}],"curies":[{"name":"wp","href":"https:\/\/api.w.org\/{rel}","templated":true}]}}