{"id":353436,"date":"2025-08-30T01:24:24","date_gmt":"2025-08-30T01:24:24","guid":{"rendered":"https:\/\/www.europesays.com\/fr\/353436\/"},"modified":"2025-08-30T01:24:24","modified_gmt":"2025-08-30T01:24:24","slug":"il-est-interdit-de-nous-traiter-comme-ca-une-plainte-deposee-contre-le-manque-daccessibilite-sur-le-rooftop-du-corum-a-montpellier","status":"publish","type":"post","link":"https:\/\/www.europesays.com\/fr\/353436\/","title":{"rendered":"\u00ab\u00a0Il est interdit de nous traiter comme \u00e7a\u00a0\u00bb\u00a0: une plainte d\u00e9pos\u00e9e contre le manque d\u2019accessibilit\u00e9 sur le rooftop du Corum \u00e0 Montpellier"},"content":{"rendered":"<p>\n                                                                Depuis le d\u00e9but de l\u2019\u00e9t\u00e9, plusieurs personnes handicap\u00e9es en fauteuil roulant se plaignent de l\u2019absence d\u2019acc\u00e8s au Panorama. L\u2019un d\u2019entre eux vient de d\u00e9poser plainte contre l\u2019organisateur de l\u2019\u00e9v\u00e8nement.\n                            <\/p>\n<p>Le Panorama, rooftop sur le toit du Corum, promet\u00a0une vue \u00e0 360\u00b0 sur Montpellier\u00a0du 13\u00a0juin au 14\u00a0septembre. Un lieu \u00ab\u00a0embl\u00e9matique\u00a0\u00bb, auquel les visiteurs\u00a0en fauteuil roulant ne peuvent pas acc\u00e9der d\u2019apr\u00e8s plusieurs personnes \u00e0 mobilit\u00e9 r\u00e9duite (PMR).<\/p>\n<p>Le 13\u00a0juin dernier, une vingtaine de manifestants se sont rassembl\u00e9s devant les marches du palais des congr\u00e8s pour \u00ab\u00a0d\u00e9noncer l\u2019inaccessibilit\u00e9 du rooftop du Corum et l\u2019impossibilit\u00e9 de profiter comme tout le monde de tous les \u00e9v\u00e8nements festifs\u00a0\u00bb.<\/p>\n<p>Une plainte pour discrimination<\/p>\n<p>Suite \u00e0 cette mobilisation, Emmanuel Hunault, l\u2019un des manifestants, a d\u00e9pos\u00e9 plainte\u00a0aupr\u00e8s du procureur de la R\u00e9publique contre Vincent Cavaroc, directeur des Halles Tropisme et organisateur pour la seconde ann\u00e9e cons\u00e9cutive de\u00a0Panorama. Ce dernier est accus\u00e9 de\u00a0\u00ab\u00a0discrimination \u00e0 l\u2019\u00e9gard des personnes handicap\u00e9es\u00a0\u00bb, de \u00ab\u00a0non-respect de la loi de 2005 sur l\u2019\u00e9galit\u00e9 des chances\u00a0\u00bb et \u00ab\u00a0traitement in\u00e9gal et d\u00e9favorable \u00e0 l\u2019\u00e9gard des PMR\u00a0\u00bb.<\/p>\n<p>\u00ab\u00a0On est en 2025, il est interdit de nous traiter comme \u00e7a. La premi\u00e8re \u00e9dition de\u00a0Panorama avait \u00e9t\u00e9 organis\u00e9e en vitesse, donc \u00e7a pouvait aller. Mais l\u00e0, il y avait tout le temps de rendre le rooftop accessible aux PMR\u00a0\u00bb, regrette Emmanuel Hunault.<\/p>\n<p>Des mesures compensatoires<\/p>\n<p>\u00ab\u00a0On sait que le lieu n\u2019est\u00a0pas 100\u00a0% accessible\u00a0mais nous ne sommes pas les propri\u00e9taires du b\u00e2timent qui a \u00e9t\u00e9 construit comme \u00e7a. Nous ne pouvons donc pas faire de travaux structurels pour rendre accessibles l\u2019h\u00e9liport (NDLR\u00a0: o\u00f9 se trouve le rooftop du Corum) aux PMR\u00a0\u00bb, se d\u00e9fend de son c\u00f4t\u00e9\u00a0Vincent Cavaroc. Ce dernier\u00a0affirme que c\u2019est \u00e0 la mairie de Montpellier de se charger des travaux pour rendre accessible le rooftop.<\/p>\n<p>Le directeur des Halles Tropisme ajoute toutefois que ses\u00a0\u00e9quipes s\u2019efforcent de proposer des mesures compensatoires aux PMR. \u00ab\u00a0Il s\u2019agit de faire un maximum d\u2019activit\u00e9s au belv\u00e9d\u00e8re (NDLR\u00a0: l\u2019\u00e9tage inf\u00e9rieur du rooftop, accessible en ascenseur) pour que les PMR puissent acc\u00e9der au plus grand nombre de services propos\u00e9s par le Panorama\u00a0\u00bb. Au menu\u00a0: service de bar et de restauration, un mobilier adapt\u00e9 et\u00a0l\u2019ensemble de la programmation culturelle et musicale au niveau du belv\u00e9d\u00e8re. Cette ann\u00e9e, Vincent Cavaroc explique avoir achet\u00e9\u00a0\u00ab\u00a0un si\u00e8ge roulant \u00e0 trois roues\u00a0\u00bb et former ses \u00e9quipes \u00e0 \u00ab\u00a0monter manuellement\u00a0\u00bb les personnes qui le demandent.<\/p>\n<p>Un belv\u00e9d\u00e8re qui ne rivalise pas avec le rooftop\u00a0?<\/p>\n<p>Pour Emmanuel Hunault, \u00ab\u00a0ces compensations propos\u00e9es et cette diff\u00e9rence de traitement sont indignes, rabaissantes et discriminante \u00e0 l\u2019\u00e9gard des personnes handicap\u00e9es\u00a0\u00bb. L\u2019homme affirme que le belv\u00e9d\u00e8re n\u2019a rien \u00e0 voir avec le rooftop, car il est \u00e0 trois quarts couverts et propose une\u00a0vue nord \u00e0 120\u00b0, contre 360\u00b0 \u00e0 l\u2019\u00e9tage sup\u00e9rieur.<\/p>\n<p>\u00ab\u00a0Quelque 90\u00a0000 personnes sont all\u00e9es sur le Panorama l\u2019ann\u00e9e derni\u00e8re. S\u2019il n\u2019y avait eu que le belv\u00e9d\u00e8re, il n\u2019y aurait m\u00eame pas eu 10\u00a0000 visiteurs.\u00a0Quand j\u2019y suis all\u00e9 tout le monde \u00e9tait en haut en train de faire la f\u00eate.\u00a0Nous \u00e9tions exclus en bas\u00a0\u00bb, regrette Emmanuel Hunault.<\/p>\n<p>De son c\u00f4t\u00e9, la mairie explique que la Corum \u00ab\u00a0fait l\u2019objet d\u2019\u00e9tudes afin d\u2019am\u00e9liorer l\u2019accessibilit\u00e9 g\u00e9n\u00e9rale du site, notamment pour l\u2019ensemble du toit\u00a0\u00bb.<\/p>\n<p>Les PMR qui veulent acc\u00e9der au rooftop sont donc toujours dans l\u2019attente.<\/p>\n","protected":false},"excerpt":{"rendered":"Depuis le d\u00e9but de l\u2019\u00e9t\u00e9, plusieurs personnes handicap\u00e9es en fauteuil roulant se plaignent de l\u2019absence d\u2019acc\u00e8s au Panorama.&hellip;\n","protected":false},"author":2,"featured_media":353437,"comment_status":"","ping_status":"","sticky":false,"template":"","format":"standard","meta":{"footnotes":""},"categories":[9599],"tags":[1111,11,1777,674,1011,27,2208,12,2680,25],"class_list":{"0":"post-353436","1":"post","2":"type-post","3":"status-publish","4":"format-standard","5":"has-post-thumbnail","7":"category-montpellier","8":"tag-actu","9":"tag-actualites","10":"tag-eu","11":"tag-europe","12":"tag-fr","13":"tag-france","14":"tag-montpellier","15":"tag-news","16":"tag-occitanie","17":"tag-republique-francaise"},"share_on_mastodon":{"url":"https:\/\/pubeurope.com\/@fr\/115115108874188981","error":""},"_links":{"self":[{"href":"https:\/\/www.europesays.com\/fr\/wp-json\/wp\/v2\/posts\/353436","targetHints":{"allow":["GET"]}}],"collection":[{"href":"https:\/\/www.europesays.com\/fr\/wp-json\/wp\/v2\/posts"}],"about":[{"href":"https:\/\/www.europesays.com\/fr\/wp-json\/wp\/v2\/types\/post"}],"author":[{"embeddable":true,"href":"https:\/\/www.europesays.com\/fr\/wp-json\/wp\/v2\/users\/2"}],"replies":[{"embeddable":true,"href":"https:\/\/www.europesays.com\/fr\/wp-json\/wp\/v2\/comments?post=353436"}],"version-history":[{"count":0,"href":"https:\/\/www.europesays.com\/fr\/wp-json\/wp\/v2\/posts\/353436\/revisions"}],"wp:featuredmedia":[{"embeddable":true,"href":"https:\/\/www.europesays.com\/fr\/wp-json\/wp\/v2\/media\/353437"}],"wp:attachment":[{"href":"https:\/\/www.europesays.com\/fr\/wp-json\/wp\/v2\/media?parent=353436"}],"wp:term":[{"taxonomy":"category","embeddable":true,"href":"https:\/\/www.europesays.com\/fr\/wp-json\/wp\/v2\/categories?post=353436"},{"taxonomy":"post_tag","embeddable":true,"href":"https:\/\/www.europesays.com\/fr\/wp-json\/wp\/v2\/tags?post=353436"}],"curies":[{"name":"wp","href":"https:\/\/api.w.org\/{rel}","templated":true}]}}