{"id":353442,"date":"2025-08-30T01:30:22","date_gmt":"2025-08-30T01:30:22","guid":{"rendered":"https:\/\/www.europesays.com\/fr\/353442\/"},"modified":"2025-08-30T01:30:22","modified_gmt":"2025-08-30T01:30:22","slug":"asse-grenoble-le-groupe-des-verts-est-tombe","status":"publish","type":"post","link":"https:\/\/www.europesays.com\/fr\/353442\/","title":{"rendered":"ASSE &#8211; Grenoble : Le groupe des Verts est tomb\u00e9"},"content":{"rendered":"<p>Voici le groupe de l\u2019ASSE pour la r\u00e9ception de Grenoble ce samedi.<\/p>\n<p>Ce samedi 30 ao\u00fbt, l\u2019ASSE re\u00e7oit Grenoble pour la J4 de la Ligue 2. Sur une bonne s\u00e9rie et leader du championnat, les Verts veulent confirmer, d\u2019autant plus que le Chaudron sera plein. La veille du choc, Saint-\u00c9tienne a d\u00e9voil\u00e9 son groupe. <a href=\"https:\/\/www.sport.fr\/football\/asse-2-forfaits-annonces-et-4-incertains-pour-grenoble-1398688.shtm\" rel=\"nofollow noopener\" target=\"_blank\">Comme annonc\u00e9 hier<\/a>, Dennis Appiah, Ebenezer Annan et Djylian N\u2019Guessan sont absents. Ben Old est aussi out, \u00e0 la diff\u00e9rence d\u2019A\u00efmen Moueffek\u00a0et\u00a0Zuriko Davitashvili, qui sont finalement de la partie. Voici le groupe de l\u2019ASSE pour ce choc face \u00e0 Grenoble.<\/p>\n<p>Le groupe de l\u2019ASSE :<\/p>\n<blockquote class=\"twitter-tweet\">\n<p lang=\"fr\" dir=\"ltr\">\ud83d\udc65 Les 18 Verts convoqu\u00e9s par Eirik Horneland pour la quatri\u00e8me journ\u00e9e de <a href=\"https:\/\/twitter.com\/Ligue2BKT?ref_src=twsrc%5Etfw\" rel=\"nofollow noopener\" target=\"_blank\">@Ligue2BKT<\/a> ! \ud83d\udc4a<\/p>\n<p>On se voit demain pour <a href=\"https:\/\/twitter.com\/hashtag\/ASSEGF38?src=hash&amp;ref_src=twsrc%5Etfw\" rel=\"nofollow noopener\" target=\"_blank\">#ASSEGF38<\/a> dans le Chaudron ! \ud83d\udc9a <a href=\"https:\/\/t.co\/kAzBr4Vy05\" rel=\"nofollow\">pic.twitter.com\/kAzBr4Vy05<\/a><\/p>\n<p>\u2014 AS Saint-\u00c9tienne (@ASSEofficiel) <a href=\"https:\/\/twitter.com\/ASSEofficiel\/status\/1961458868266881077?ref_src=twsrc%5Etfw\" rel=\"nofollow noopener\" target=\"_blank\">August 29, 2025<\/a><\/p><\/blockquote>\n<p><script async src=\"https:\/\/platform.twitter.com\/widgets.js\" charset=\"utf-8\"><\/script><\/p>\n","protected":false},"excerpt":{"rendered":"Voici le groupe de l\u2019ASSE pour la r\u00e9ception de Grenoble ce samedi. Ce samedi 30 ao\u00fbt, l\u2019ASSE re\u00e7oit&hellip;\n","protected":false},"author":2,"featured_media":353443,"comment_status":"","ping_status":"","sticky":false,"template":"","format":"standard","meta":{"footnotes":""},"categories":[9566],"tags":[1111,11,2430,1777,674,1011,27,2731,12,25],"class_list":{"0":"post-353442","1":"post","2":"type-post","3":"status-publish","4":"format-standard","5":"has-post-thumbnail","7":"category-grenoble","8":"tag-actu","9":"tag-actualites","10":"tag-auvergne-rhone-alpes","11":"tag-eu","12":"tag-europe","13":"tag-fr","14":"tag-france","15":"tag-grenoble","16":"tag-news","17":"tag-republique-francaise"},"share_on_mastodon":{"url":"https:\/\/pubeurope.com\/@fr\/115115132350949056","error":""},"_links":{"self":[{"href":"https:\/\/www.europesays.com\/fr\/wp-json\/wp\/v2\/posts\/353442","targetHints":{"allow":["GET"]}}],"collection":[{"href":"https:\/\/www.europesays.com\/fr\/wp-json\/wp\/v2\/posts"}],"about":[{"href":"https:\/\/www.europesays.com\/fr\/wp-json\/wp\/v2\/types\/post"}],"author":[{"embeddable":true,"href":"https:\/\/www.europesays.com\/fr\/wp-json\/wp\/v2\/users\/2"}],"replies":[{"embeddable":true,"href":"https:\/\/www.europesays.com\/fr\/wp-json\/wp\/v2\/comments?post=353442"}],"version-history":[{"count":0,"href":"https:\/\/www.europesays.com\/fr\/wp-json\/wp\/v2\/posts\/353442\/revisions"}],"wp:featuredmedia":[{"embeddable":true,"href":"https:\/\/www.europesays.com\/fr\/wp-json\/wp\/v2\/media\/353443"}],"wp:attachment":[{"href":"https:\/\/www.europesays.com\/fr\/wp-json\/wp\/v2\/media?parent=353442"}],"wp:term":[{"taxonomy":"category","embeddable":true,"href":"https:\/\/www.europesays.com\/fr\/wp-json\/wp\/v2\/categories?post=353442"},{"taxonomy":"post_tag","embeddable":true,"href":"https:\/\/www.europesays.com\/fr\/wp-json\/wp\/v2\/tags?post=353442"}],"curies":[{"name":"wp","href":"https:\/\/api.w.org\/{rel}","templated":true}]}}