{"id":353444,"date":"2025-08-30T01:32:22","date_gmt":"2025-08-30T01:32:22","guid":{"rendered":"https:\/\/www.europesays.com\/fr\/353444\/"},"modified":"2025-08-30T01:32:22","modified_gmt":"2025-08-30T01:32:22","slug":"rennes-va-lacher-30-me-pour-soffrir-conrad-harder","status":"publish","type":"post","link":"https:\/\/www.europesays.com\/fr\/353444\/","title":{"rendered":"Rennes va l\u00e2cher 30 M\u20ac pour s\u2019offrir Conrad Harder"},"content":{"rendered":"<p>Habib Beye le r\u00e9clame depuis plusieurs semaines. <a href=\"https:\/\/www.footmercato.net\/club\/stade-rennais-fc\/\" rel=\"nofollow noopener\" target=\"_blank\">Rennes<\/a> a un besoin cruel d\u2019attaquant. Heureusement pour les Bretons, leur principal actionnaire, la famille Pinault, est capable de sortir de tr\u00e8s gros ch\u00e8ques pour aider leur club \u00e0 rafler quelques coups durant cette fin de mercato. Hier, l\u2019Angevin <a href=\"https:\/\/www.footmercato.net\/a35901807207734337-esteban-lepaul-signe-au-stade-rennais\" rel=\"nofollow noopener\" target=\"_blank\">Esteban Lepaul a ainsi d\u00e9barqu\u00e9 au Roazhon Park<\/a>.<\/p>\n<p>            La suite apr\u00e8s cette publicit\u00e9<\/p>\n<p>Rennes a su faire craquer le SCO en l\u00e2chant un billet de 15 M\u20ac (bonus compris). Aujourd\u2019hui, le SRFC profite d\u2019un revirement de situation pour finaliser l\u2019arriv\u00e9e d\u2019un autre attaquant, <a href=\"https:\/\/www.footmercato.net\/joueur\/conrad-harder\/\" rel=\"nofollow noopener\" target=\"_blank\">Conrad Harder<\/a>. Cibl\u00e9 par les Rouge et Noir depuis plusieurs jours, le Danois du <a href=\"https:\/\/www.footmercato.net\/club\/sporting-clube-de-portugal\/\" rel=\"nofollow noopener\" target=\"_blank\">Sporting<\/a> Portugal devait filer \u00e0 l\u2019AC Milan. Heureusement pour les Rennais, les Rossoneri bouclaient la venue de Christopher Nkunku (42 M\u20ac, bonus compris) et l\u2019offre de pr\u00eat assortie d\u2019une option d\u2019achat de 30 M\u20ac capotait.<\/p>\n<p>        Rennes a enfin ses attaquants<\/p>\n<p>Une aubaine pour la direction rennaise qui est imm\u00e9diatement revenue dans la partie. Et cette fois, pas question de tra\u00eener. Record affirme qu\u2019Harder devrait bien prendre la direction de la Bretagne. L\u2019affaire n\u2019est pas encore boucl\u00e9e, mais le quotidien portugais assure que les deux clubs n\u00e9gocient un transfert de 26 M\u20ac fixes plus 4 M\u20ac de bonus. Ce qui permettrait au SCP de r\u00e9aliser une plus-value de 11 M\u20ac (les Le\u00f5es l\u2019ont achet\u00e9 pour 19 M\u20ac, ndlr). De son c\u00f4t\u00e9, Ouest France parle d\u2019un transfert \u00e0 24 millions d\u2019euros (22 millions en fixe + 2 en bonus), sans compter le pourcentage \u00e0 la revente.<\/p>\n<p>            La suite apr\u00e8s cette publicit\u00e9<\/p>\n<p>Pour les Lusitaniens, l\u2019op\u00e9ration est parfaite puisqu\u2019ils r\u00e9cup\u00e8rent imm\u00e9diatement du cash. De son c\u00f4t\u00e9, Rennes a enfin boucl\u00e9 le dossier de l\u2019attaquant, m\u00eame le prix pay\u00e9 s\u2019annonce tr\u00e8s \u00e9lev\u00e9. Pour rappel, le Scandinave a 12 buts et d\u00e9livr\u00e9 7 passes d\u00e9cisives en 51 matches depuis son arriv\u00e9e l\u2019an dernier. Mais vouloir recruter un titulaire d\u2019un gros club portugais en fin de mercato a forc\u00e9ment un prix\u2026<\/p>\n<p>\n    Pub. le 29\/08\/2025 12:23<br \/>\n            &#8211; MAJ le 29\/08\/2025 17:56\n    <\/p>\n","protected":false},"excerpt":{"rendered":"Habib Beye le r\u00e9clame depuis plusieurs semaines. Rennes a un besoin cruel d\u2019attaquant. Heureusement pour les Bretons, leur&hellip;\n","protected":false},"author":2,"featured_media":331438,"comment_status":"","ping_status":"","sticky":false,"template":"","format":"standard","meta":{"footnotes":""},"categories":[2821],"tags":[1111,11,829,1777,674,1011,27,12,584,25],"class_list":{"0":"post-353444","1":"post","2":"type-post","3":"status-publish","4":"format-standard","5":"has-post-thumbnail","7":"category-rennes","8":"tag-actu","9":"tag-actualites","10":"tag-bretagne","11":"tag-eu","12":"tag-europe","13":"tag-fr","14":"tag-france","15":"tag-news","16":"tag-rennes","17":"tag-republique-francaise"},"share_on_mastodon":{"url":"https:\/\/pubeurope.com\/@fr\/115115140356121023","error":""},"_links":{"self":[{"href":"https:\/\/www.europesays.com\/fr\/wp-json\/wp\/v2\/posts\/353444","targetHints":{"allow":["GET"]}}],"collection":[{"href":"https:\/\/www.europesays.com\/fr\/wp-json\/wp\/v2\/posts"}],"about":[{"href":"https:\/\/www.europesays.com\/fr\/wp-json\/wp\/v2\/types\/post"}],"author":[{"embeddable":true,"href":"https:\/\/www.europesays.com\/fr\/wp-json\/wp\/v2\/users\/2"}],"replies":[{"embeddable":true,"href":"https:\/\/www.europesays.com\/fr\/wp-json\/wp\/v2\/comments?post=353444"}],"version-history":[{"count":0,"href":"https:\/\/www.europesays.com\/fr\/wp-json\/wp\/v2\/posts\/353444\/revisions"}],"wp:featuredmedia":[{"embeddable":true,"href":"https:\/\/www.europesays.com\/fr\/wp-json\/wp\/v2\/media\/331438"}],"wp:attachment":[{"href":"https:\/\/www.europesays.com\/fr\/wp-json\/wp\/v2\/media?parent=353444"}],"wp:term":[{"taxonomy":"category","embeddable":true,"href":"https:\/\/www.europesays.com\/fr\/wp-json\/wp\/v2\/categories?post=353444"},{"taxonomy":"post_tag","embeddable":true,"href":"https:\/\/www.europesays.com\/fr\/wp-json\/wp\/v2\/tags?post=353444"}],"curies":[{"name":"wp","href":"https:\/\/api.w.org\/{rel}","templated":true}]}}