{"id":353453,"date":"2025-08-30T01:39:27","date_gmt":"2025-08-30T01:39:27","guid":{"rendered":"https:\/\/www.europesays.com\/fr\/353453\/"},"modified":"2025-08-30T01:39:27","modified_gmt":"2025-08-30T01:39:27","slug":"un-homme-meurt-dune-chute-de-trois-etages-dans-le-quartier-doulon","status":"publish","type":"post","link":"https:\/\/www.europesays.com\/fr\/353453\/","title":{"rendered":"un homme meurt d&rsquo;une chute de trois \u00e9tages dans le quartier Doulon"},"content":{"rendered":"<p>            Par<br \/>\n        <strong><br \/>\n            <a href=\"https:\/\/actu.fr\/auteur\/laure-gentil\" title=\"Consulter tous les articles de Laure Gentil\" rel=\"nofollow noopener\" target=\"_blank\">Laure Gentil<\/a><br \/>\n        <\/strong><\/p>\n<p>        Publi\u00e9 le<\/p>\n<p>            29 ao\u00fbt 2025 \u00e0 18h22        <\/p>\n<p>L\u2019incident s\u2019est d\u00e9roul\u00e9 ce <strong>vendredi 29 ao\u00fbt 2025<\/strong> \u00e0 17h \u00e0 Nantes, dans le quartier Doulon. Les sapeurs-pompiers de Loire-Atlantique ont \u00e9t\u00e9 d\u00e9p\u00each\u00e9s <strong>rue de la Basse-Chenaie<\/strong> en raison d\u2019une d\u00e9fenestration.\u00a0<\/p>\n<p>Mort d\u2019un sexag\u00e9naire\u00a0<\/p>\n<p class=\" wall-content\">Selon le bulletin d\u2019information op\u00e9rationnelle du<strong> Service d\u00e9partemental d\u2019incendie et de secours<\/strong> (SDIS44), un homme de 61 ans est mort apr\u00e8s une chute du 3e \u00e9tage d\u2019un immeuble d\u2019habitation.\u00a0<\/p>\n<p class=\" wall-content\">Au total, 10 pompiers sont intervenus sur les lieux.\u00a0<\/p>\n<p class=\" wall-content\">Personnalisez votre actualit\u00e9 en ajoutant vos villes et m\u00e9dias en favori avec <a href=\"https:\/\/moncompte.actu.fr\" title=\"D\u00e9couvez Mon Actu\" rel=\"nofollow noopener\" data-trk=\"{&quot;cta&quot;:{&quot;action&quot;:&quot;https:\\\/\\\/moncompte.actu.fr&quot;,&quot;category&quot;:&quot;mon compte&quot;,&quot;from&quot;:&quot;article footer&quot;,&quot;name&quot;:&quot;Mon actu&quot;,&quot;type&quot;:&quot;cta&quot;}}\" target=\"_blank\">Mon Actu<\/a>.<\/p>\n","protected":false},"excerpt":{"rendered":"Par Laure Gentil Publi\u00e9 le 29 ao\u00fbt 2025 \u00e0 18h22 L\u2019incident s\u2019est d\u00e9roul\u00e9 ce vendredi 29 ao\u00fbt 2025&hellip;\n","protected":false},"author":2,"featured_media":193004,"comment_status":"","ping_status":"","sticky":false,"template":"","format":"standard","meta":{"footnotes":""},"categories":[2818],"tags":[1111,11,1777,674,118,1011,27,766,12,2636,1311,25],"class_list":{"0":"post-353453","1":"post","2":"type-post","3":"status-publish","4":"format-standard","5":"has-post-thumbnail","7":"category-nantes","8":"tag-actu","9":"tag-actualites","10":"tag-eu","11":"tag-europe","12":"tag-faits-divers","13":"tag-fr","14":"tag-france","15":"tag-nantes","16":"tag-news","17":"tag-pays-de-la-loire","18":"tag-pompiers","19":"tag-republique-francaise"},"share_on_mastodon":{"url":"https:\/\/pubeurope.com\/@fr\/115115168420464000","error":""},"_links":{"self":[{"href":"https:\/\/www.europesays.com\/fr\/wp-json\/wp\/v2\/posts\/353453","targetHints":{"allow":["GET"]}}],"collection":[{"href":"https:\/\/www.europesays.com\/fr\/wp-json\/wp\/v2\/posts"}],"about":[{"href":"https:\/\/www.europesays.com\/fr\/wp-json\/wp\/v2\/types\/post"}],"author":[{"embeddable":true,"href":"https:\/\/www.europesays.com\/fr\/wp-json\/wp\/v2\/users\/2"}],"replies":[{"embeddable":true,"href":"https:\/\/www.europesays.com\/fr\/wp-json\/wp\/v2\/comments?post=353453"}],"version-history":[{"count":0,"href":"https:\/\/www.europesays.com\/fr\/wp-json\/wp\/v2\/posts\/353453\/revisions"}],"wp:featuredmedia":[{"embeddable":true,"href":"https:\/\/www.europesays.com\/fr\/wp-json\/wp\/v2\/media\/193004"}],"wp:attachment":[{"href":"https:\/\/www.europesays.com\/fr\/wp-json\/wp\/v2\/media?parent=353453"}],"wp:term":[{"taxonomy":"category","embeddable":true,"href":"https:\/\/www.europesays.com\/fr\/wp-json\/wp\/v2\/categories?post=353453"},{"taxonomy":"post_tag","embeddable":true,"href":"https:\/\/www.europesays.com\/fr\/wp-json\/wp\/v2\/tags?post=353453"}],"curies":[{"name":"wp","href":"https:\/\/api.w.org\/{rel}","templated":true}]}}