{"id":353454,"date":"2025-08-30T01:40:23","date_gmt":"2025-08-30T01:40:23","guid":{"rendered":"https:\/\/www.europesays.com\/fr\/353454\/"},"modified":"2025-08-30T01:40:23","modified_gmt":"2025-08-30T01:40:23","slug":"ou-bouger-cette-semaine-du-1er-septembre-au-07-septembre","status":"publish","type":"post","link":"https:\/\/www.europesays.com\/fr\/353454\/","title":{"rendered":"O\u00f9 bouger cette semaine du 1er septembre au 07 septembre ?"},"content":{"rendered":"<p>\ud83d\udd14 C\u2019est reparti ! Les vacances sont finies\u2026 et \u00e7a veut dire : bonne rentr\u00e9e \u00e0 tous ! Que tu retournes au travail ou aux \u00e9tudes, pas de panique : les \u00e9v\u00e9nements en tout genre vont continuer \u00e0 pimenter ta semaine et \u00e0 chasser la routine.<\/p>\n<p>LUNDI 01 SEPTEMBRE<\/p>\n<p>Soir\u00e9e Blanche &amp; Noire \u2013 La Terrasse<\/p>\n<p style=\"font-size:16px\">Apr\u00e8s un \u00e9t\u00e9 charg\u00e9 entre f\u00e9rias, canicule et jobs d\u2019\u00e9t\u00e9, les G\u00e9distes font leur retour et commencent la rentr\u00e9e sur les chapeaux de roues avec <strong>la mythique Semaine d\u2019Accueil<\/strong>.<\/p>\n<p style=\"font-size:16px\">Pour ouvrir les festivit\u00e9s, tous les regards se tournent vers <strong>la Soir\u00e9e Blanche &amp; Noire \u00e0 La Terrasse<\/strong>. Perch\u00e9 sur un rooftop avec une vue imprenable, l\u2019endroit promet une ambiance unique, port\u00e9e par les DJs \u201cmade in Dentaire\u201d qui feront danser tout le monde jusqu\u2019au petit matin.<\/p>\n<p style=\"font-size:16px\">Le <strong>dress code est simple mais incontournable<\/strong> : les filles en blanc, les gar\u00e7ons en noir. Une occasion parfaite pour se retrouver, se m\u00e9langer et partager un moment festif dans une atmosph\u00e8re chic et d\u00e9contract\u00e9e.<\/p>\n<p style=\"font-size:16px\">La soir\u00e9e propose \u00e9galement des <strong>tarifs pr\u00e9f\u00e9rentiels<\/strong> pour se r\u00e9galer : deux pintes de blonde \u00e0 7\u20ac, cocktails \u00e0 7\u20ac, hard drinks \u00e0 8\u20ac, frites \u00e0 3\u20ac avant 22h et planches \u00e0 partager \u00e0 20\u20ac avant 22h. L\u2019entr\u00e9e est fix\u00e9e \u00e0 4\u20ac, et le SG aura lieu le dimanche 24 \u00e0 20h.<\/p>\n<p style=\"font-size:16px\">Entre ambiance festive, rooftop de r\u00eave et DJs d\u00e9cha\u00een\u00e9s, cette soir\u00e9e promet d\u2019\u00eatre <strong>un moment m\u00e9morable<\/strong>, une rentr\u00e9e haute en \u00e9nergie o\u00f9 le noir et le blanc seront \u00e0 l\u2019honneur.<\/p>\n<p><img fetchpriority=\"high\" decoding=\"async\" width=\"1500\" height=\"750\" src=\"https:\/\/www.europesays.com\/fr\/wp-content\/uploads\/2025\/08\/425140.jpg\" alt=\"\" class=\"wp-image-82795\" style=\"width:574px;height:auto\"  \/><\/p>\n<p class=\"has-text-align-center\" style=\"font-size:16px\"><strong>On bouge ?<\/strong><br \/>\ud83d\udccdLa Terrasse \u2022 11 rue Lucien Faure, Bordeaux<br \/>\ud83d\udcc5 Lundi 1er septembre \u2022 De 21h \u00e0 02h<br \/>\ud83d\udc9b Ouvert \u00e0 tous.tes<br \/>\u27a1\ufe0f <a href=\"https:\/\/www.facebook.com\/events\/30946292034985772?acontext=%7B%22event_action_history%22%3A[%7B%22mechanism%22%3A%22discovery_local_tab%22%2C%22surface%22%3A%22bookmark%22%7D]%2C%22ref_notif_type%22%3Anull%7D\" target=\"_blank\" rel=\"noreferrer noopener nofollow\">Lien \u00e9v\u00e9nement<\/a><\/p>\n<p>MARDI 02 SEPTEMBRE<\/p>\n<p>Un Soir Sans Fin \u2013 Th\u00e9\u00e2tre des Chartrons<\/p>\n<p style=\"font-size:16px\">Et si tu te retrouvais coinc\u00e9 \u00e0 revivre la m\u00eame soir\u00e9e\u2026 encore et encore ? C\u2019est exactement ce qui arrive \u00e0 <strong>Thomas<\/strong>, h\u00e9ros d\u2019Un Soir Sans Fin, la nouvelle com\u00e9die qui d\u00e9barque au <strong>Th\u00e9\u00e2tre des Chartrons \u00e0 Bordeaux<\/strong> du <strong>2 au 30 septembre 2025<\/strong>.<\/p>\n<p style=\"font-size:16px\">Tout commence quand Thomas, pris au pi\u00e8ge d\u2019une boucle temporelle, r\u00e9alise qu\u2019il doit partager cette r\u00e9p\u00e9tition infernale avec une jeune inconnue. Au d\u00e9but, il r\u00e2le, peste, et tente d\u2019y \u00e9chapper\u2026 avant de comprendre que cette situation peut aussi \u00eatre une incroyable opportunit\u00e9. \u00c0 chaque \u201cred\u00e9marrage\u201d, il a la chance de recommencer, de corriger ses erreurs, de tester de nouvelles approches. Entre les embrouilles de ses voisins, les soucis de Fred, son meilleur pote, et ses tentatives (parfois rat\u00e9es, parfois brillantes) de s\u00e9duire sa myst\u00e9rieuse compagne de boucle, Thomas se lance dans une avalanche de p\u00e9rip\u00e9ties hilarantes.<\/p>\n<p style=\"font-size:16px\">Inspir\u00e9e de l\u2019univers du film culte <strong>Un jour sans fin<\/strong>, cette pi\u00e8ce mise sur un humour p\u00e9tillant, des dialogues rythm\u00e9s et une touche de tendresse qui ne te laissera pas indiff\u00e9rent. Derri\u00e8re le texte, on retrouve <strong>St\u00e9phane Murat<\/strong>, co-auteur de la pi\u00e8ce \u00e0 succ\u00e8s <strong>Desperate Housemen<\/strong>.<\/p>\n<p style=\"font-size:16px\">Alors, pr\u00eat \u00e0 vivre une soir\u00e9e\u2026 \u00e0 r\u00e9p\u00e9tition ? R\u00e9serve vite ta place !<\/p>\n<p><img loading=\"lazy\" decoding=\"async\" width=\"1414\" height=\"2000\" src=\"https:\/\/www.bougerabordeaux.com\/wp-content\/uploads\/2025\/08\/un-soir-sans-fin-affiche.webp\" alt=\"\" class=\"wp-image-82770\" style=\"width:402px;height:auto\"  \/><\/p>\n<p class=\"has-text-align-center\" id=\"block-6a8ed284-7cc5-4508-b5d7-5aa12f69314c\" style=\"font-size:16px\"><strong>On bouge ?<\/strong><br \/>\ud83d\udccdTh\u00e9\u00e2tre des Chartrons, Bordeaux <br \/>\ud83d\udcc5 Mardi 02 septembre \u2022 \u00c0 20h30<br \/>\ud83d\udc9b Ouvert \u00e0 tous.tes<br \/>\u27a1\ufe0f\u00a0<a href=\"https:\/\/www.fnacspectacles.com\/artist\/un-soir-sans-fin\/un-soir-sans-fin-theatre-des-chartrons-bordeaux-3820643\/?affiliate=QM0&amp;sv1=affiliate&amp;sv_campaign_id=634278&amp;awc=12494_1756304902_492cbfad2e6e730fe679e9085183a289&amp;utm_source=Awin&amp;utm_campaign=634278&amp;utm_medium=affiliate\" target=\"_blank\" rel=\"noreferrer noopener nofollow\">Billetterie<\/a><br \/>\ud83d\udcf2\u00a0<a href=\"https:\/\/www.jds.fr\/bordeaux\/spectacles\/humour\/un-soir-sans-fin-theatre-des-chartrons-bordeaux-1097587_A\" target=\"_blank\" rel=\"noreferrer noopener nofollow\">Site web<\/a>\u00a0\u2022\u00a0<a href=\"https:\/\/www.facebook.com\/theatredeschartrons\/\" target=\"_blank\" rel=\"noreferrer noopener nofollow\">Facebook<\/a>\u00a0\u2022\u00a0<a href=\"https:\/\/www.instagram.com\/theatre_des_chartrons\/\" target=\"_blank\" rel=\"noreferrer noopener nofollow\">Instagram<\/a><\/p>\n<p>MERCREDI 03 SEPTEMBRE<\/p>\n<p>PALA \u00e0 POLA \u2013 Fabrique Pola<\/p>\n<p style=\"font-size:16px\">Le <strong>Cab Pelote Basque<\/strong> traverse une \u00e9preuve difficile : son Mur \u00e0 Gauche a \u00e9t\u00e9 d\u00e9moli et ne rena\u00eetra qu\u2019en 2026. Mais pas question de laisser tomber l\u2019esprit du club ! Pour soutenir les pelotari, une grande soir\u00e9e est organis\u00e9e \u00e0 <strong>Polacabana<\/strong>.<\/p>\n<p style=\"font-size:16px\">D\u00e8s <strong>17h30<\/strong>, viens boire un verre au bord de la Garonne et profiter d\u2019une ambiance conviviale. \u00c0 partir de <strong>19h<\/strong>, place aux concerts : licenci\u00e9s du Cab, <strong>Adour M\u00e9ditation<\/strong> pour un moment zen, <strong>Vincent Bestaven<\/strong> en guitare-voix apaisant, puis <strong>Arthur Sat\u00e0n<\/strong> et sa pop survitamin\u00e9e des ann\u00e9es 70.<\/p>\n<p style=\"font-size:16px\">Le tout dans une atmosph\u00e8re festive, drap\u00e9e de bleu et blanc, avec buvette et petite restauration sur place. L\u2019entr\u00e9e est \u00e0 <strong>5 euros<\/strong>, et surtout, toutes les recettes (hors bar classique) iront directement au club pour l\u2019aider \u00e0 maintenir les cours et compenser les pertes.<\/p>\n<p style=\"font-size:16px\">Une<strong> belle soir\u00e9e solidaire<\/strong> \u00e0 ne pas manquer !<\/p>\n<p><img loading=\"lazy\" decoding=\"async\" width=\"679\" height=\"960\" src=\"https:\/\/www.europesays.com\/fr\/wp-content\/uploads\/2025\/08\/pala-pola.jpg\" alt=\"\" class=\"wp-image-82769\" style=\"width:505px;height:auto\"  \/><\/p>\n<p class=\"has-text-align-center\" style=\"font-size:16px\"><strong>On bouge ?<\/strong><br \/>\ud83d\udccdFabrique Pola, Bordeaux<br \/>\ud83d\udcc5 Mercredi 03 septembre \u2022 \u00c0 17h30<br \/>\ud83d\udc9b Ouvert \u00e0 tous.tes <br \/>\u27a1\ufe0f <a href=\"https:\/\/www.facebook.com\/events\/756760106974128\/?acontext=%7B%22event_action_history%22%3A[%7B%22mechanism%22%3A%22discovery_local_tab%22%2C%22surface%22%3A%22bookmark%22%7D]%2C%22ref_notif_type%22%3Anull%7D\" target=\"_blank\" rel=\"noreferrer noopener nofollow\">Lien de l\u2019\u00e9v\u00e9nement<\/a><\/p>\n<p>JEUDI 04 SEPTEMBRE<\/p>\n<p>Karaok\u00e9 Live Band \u2013 La Belle Saison<\/p>\n<p style=\"font-size:16px\">Tous les jeudis, <strong>La Belle Saison<\/strong> te transforme en star gr\u00e2ce au <strong>Karaok\u00e9 Live Band<\/strong>. Oublie le playback et les \u00e9crans kitsch : ici, c\u2019est <strong>KARACOLL<\/strong>, un vrai groupe en live, qui t\u2019accompagne sur ton tube pr\u00e9f\u00e9r\u00e9. Diva assum\u00e9e, rockeur de salle de bain ou rappeuse improvis\u00e9e, la sc\u00e8ne est \u00e0 toi.<\/p>\n<p style=\"font-size:16px\">L\u2019ambiance ? Explosive. Les musiciens balancent des classiques qui font trembler les murs, et toi, tu donnes tout au micro. Tous les styles sont bienvenus : <strong>pop, rock, rap ou ballade romantique<\/strong>, chacun a son moment de gloire.<\/p>\n<p style=\"font-size:16px\">Entre deux performances, profite du <strong>menu sp\u00e9cial karaok\u00e9<\/strong> ou du service resto classique pour reprendre des forces et partager ce moment unique avec tes potes.<\/p>\n<p style=\"font-size:16px\">Alors, pr\u00eat\u00b7e \u00e0 r\u00e9veiller la star qui sommeille en toi ? Viens transformer ton jeudi en soir\u00e9e inoubliable !<\/p>\n<p><img loading=\"lazy\" decoding=\"async\" width=\"700\" height=\"874\" src=\"https:\/\/www.bougerabordeaux.com\/wp-content\/uploads\/2025\/08\/la-belle-saison.webp\" alt=\"\" class=\"wp-image-82768\" style=\"width:435px;height:auto\"  \/><\/p>\n<p class=\"has-text-align-center\" style=\"font-size:16px\"><strong>On bouge ?<\/strong><br \/>\ud83d\udccdLa Belle Saison, Bordeaux<br \/>\ud83d\udcc5 Jeudi 04 septembre \u2022 De 20h \u00e0 23h<br \/>\ud83d\udc9b Ouvert \u00e0 tous.tes \u2022 Entr\u00e9e libre<br \/>\u27a1\ufe0f<a href=\"https:\/\/www.bordeaux.fr\/agenda\/karaoke-live-band-tous-les-jeudis-a-la-belle-saison\" rel=\"nofollow noopener\" target=\"_blank\">Lien de l\u2019\u00e9v\u00e9nement<\/a><br \/>\ud83d\udcf2\u00a0<a href=\"https:\/\/la-bellesaison.fr\/#close\" target=\"_blank\" rel=\"noreferrer noopener nofollow\">Site web<\/a> \u2022\u00a0<a href=\"https:\/\/www.facebook.com\/LaBelleSaison.restaurant\" target=\"_blank\" rel=\"noreferrer noopener nofollow\">Facebook<\/a> \u2022 <a href=\"https:\/\/www.instagram.com\/labellesaison.restaurant\/\" target=\"_blank\" rel=\"noreferrer noopener nofollow\">Instagram<\/a><\/p>\n<p>VENDREDI 05 SEPTEMBRE<\/p>\n<p>DroneArt Show \u2013 Hippodrome du Bouscat<\/p>\n<p style=\"font-size:16px\">Les <strong>5 et 6 septembre 2025<\/strong>, pr\u00e9pare-toi \u00e0 lever les yeux : l\u2019<strong>Hippodrome du Bouscat<\/strong> se transforme en un immense th\u00e9\u00e2tre c\u00e9leste avec le tout premier <strong>DroneArt Show<\/strong> de Bordeaux. Deux soir\u00e9es exceptionnelles o\u00f9 musique, lumi\u00e8re et technologie s\u2019entrelacent pour te plonger dans une exp\u00e9rience unique, \u00e0 mi-chemin entre po\u00e9sie et futurisme.<\/p>\n<p style=\"font-size:16px\">Peut-\u00eatre as-tu d\u00e9j\u00e0 vu passer ces shows dans d\u2019autres grandes villes : Madrid, Milan, Miami, Lyon\u2026 \u00c0 chaque fois, la magie a frapp\u00e9 fort. Cette fois, c\u2019est <strong>chez toi<\/strong> que \u00e7a se passe, et tu ne voudras pas manquer ce moment.<\/p>\n<p style=\"font-size:16px\">Imagine la sc\u00e8ne : un quatuor \u00e0 cordes joue Debussy, Tcha\u00efkovski ou Vivaldi, entour\u00e9 de <strong>20 000 bougies<\/strong> qui diffusent une lueur douce et hypnotique. L\u2019ambiance est feutr\u00e9e, intime. Puis, le ciel s\u2019illumine : <strong>500 drones synchronis\u00e9s<\/strong> s\u2019\u00e9lancent et dessinent \u00e9toiles, cygnes ou spirales en mouvement. Pendant <strong>45 minutes<\/strong>, la musique et la lumi\u00e8re fusionnent pour cr\u00e9er un v\u00e9ritable ballet a\u00e9rien.<\/p>\n<p style=\"font-size:16px\">Ce n\u2019est pas juste un spectacle : c\u2019est une <strong>immersion sensorielle totale<\/strong>, entre \u00e9motion et innovation. Un rendez-vous in\u00e9dit qui promet de marquer Bordeaux d\u2019une empreinte lumineuse !<\/p>\n<p><img loading=\"lazy\" decoding=\"async\" width=\"1200\" height=\"800\" src=\"https:\/\/www.europesays.com\/fr\/wp-content\/uploads\/2025\/08\/drone-art-show-1.jpg\" alt=\"\" class=\"wp-image-82767\" style=\"width:690px;height:auto\"  \/><\/p>\n<p class=\"has-text-align-center\" id=\"block-14bd2738-8902-4da1-8b5d-485c222de01e\" style=\"font-size:16px\"><strong>On bouge ?<br \/><\/strong>\ud83d\udccdHippodrome de Bordeaux Le Bouscat \u2022 8 avenue de l\u2019Hippodrome, Le Bouscat<br \/>\ud83d\udcc5 Vendredi 05 et samedi 06 septembre \u2022 \u00c0 partir de 19h<br \/>\ud83d\udc9b Ouvert \u00e0 tous.tes \u2022 35 euros<br \/>\u27a1\ufe0f <a href=\"https:\/\/feverup.com\/m\/387448?cp_landing=cta_hero&amp;cp_landing_term=cta_hero&amp;cp_landing_source=thedroneartshow&amp;utm_source=direct\" target=\"_blank\" rel=\"noreferrer noopener nofollow\">R\u00e9serve ton billet<\/a><br \/>\ud83d\udcf2 <a href=\"https:\/\/feverup.com\/m\/387448?cp_landing=cta_hero&amp;cp_landing_term=cta_hero&amp;cp_landing_source=thedroneartshow&amp;utm_source=direct\" target=\"_blank\" rel=\"noreferrer noopener nofollow\">Site web<\/a><\/p>\n<p>SAMEDI 06 SEPTEMBRE<\/p>\n<p>La Rentr\u00e9e des Assos \u2013 Place Pey-Berland<\/p>\n<p style=\"font-size:16px\">La rentr\u00e9e \u00e0 Bordeaux rime avec d\u00e9couvertes, rencontres et bonne humeur : la <strong>place Pey-Berland<\/strong> se transforme une nouvelle fois en v\u00e9ritable carrefour de la <strong>vie associative avec le grand forum de la \u00ab Rentr\u00e9e des Assos \u00bb<\/strong>. Plus de <strong>250 associations<\/strong> t\u2019attendent pour partager leurs passions, leurs projets et t\u2019inviter \u00e0 t\u2019impliquer dans des causes qui te tiennent \u00e0 c\u0153ur.<\/p>\n<p style=\"font-size:16px\">Le principe est simple : les assos sont regroup\u00e9es en villages th\u00e9matiques :<strong> culture, sport, environnement, solidarit\u00e9, bien-\u00eatre, jeunesse, familles<\/strong>\u2026 Peu importe ton \u00e2ge ou tes envies, tu trouveras forc\u00e9ment une activit\u00e9 qui te ressemble ou une initiative \u00e0 soutenir.<\/p>\n<p style=\"font-size:16px\">Et ce n\u2019est pas tout ! Tu pourras aussi d\u00e9couvrir l\u2019<strong>agenda associatif de la rentr\u00e9e<\/strong>, un outil en ligne qui recense tous les <strong>\u00e9v\u00e9nements de septembre et octobre. <\/strong>Parfait pour organiser tes sorties et plonger dans la richesse du tissu associatif bordelais.<\/p>\n<p style=\"font-size:16px\">Mais la journ\u00e9e ne s\u2019arr\u00eate pas au forum. D\u00e8s <strong>19h<\/strong>, la place prend des allures de sc\u00e8ne g\u00e9ante. <strong>Calista<\/strong> ouvre le bal avec une performance de hip hop contemporain, suivie du live envo\u00fbtant de <strong>YADE\u0304<\/strong>. Puis, place \u00e0 l\u2019\u00e9nergie brute avec les mix de <strong>DJ Strict Fox<\/strong> et <strong>DJ Koyla<\/strong>.<\/p>\n<p style=\"font-size:16px\">Une <strong>rentr\u00e9e festive, inclusive et r\u00e9solument bordelaise<\/strong> !<\/p>\n<p><img loading=\"lazy\" decoding=\"async\" width=\"800\" height=\"450\" src=\"https:\/\/www.europesays.com\/fr\/wp-content\/uploads\/2025\/08\/bx-assos.jpg\" alt=\"\" class=\"wp-image-82766\" style=\"width:624px;height:auto\"  \/><\/p>\n<p class=\"has-text-align-center\" id=\"block-10ff2e60-d40a-4b18-8e33-3d6a1929fbf9\" style=\"font-size:16px\"><strong>On bouge ?<\/strong><br \/>\ud83d\udccdPlace Pey-Berland, Bordeaux <br \/>\ud83d\udcc5 Samedi 06 septembre \u2022 D\u00e8s 10h<br \/>\ud83d\udc9b Ouvert \u00e0 tous.tes \u2022 Gratuit<br \/>\u27a1\ufe0f <a href=\"https:\/\/www.bordeaux.fr\/agenda\/la-rentree-des-assos\" target=\"_blank\" rel=\"noreferrer noopener nofollow\">Lien de l\u2019\u00e9v\u00e9nement<\/a><\/p>\n<p>DIMANCHE 07 SEPTEMBRE<\/p>\n<p>D\u00eener croisi\u00e8re \u2013 Les Bateaux Bordelais<\/p>\n<p style=\"font-size:16px\">Et si tu t\u2019offrais une parenth\u00e8se hors du temps <strong>sur la Garonne<\/strong> ? Imagine : la lumi\u00e8re dor\u00e9e d\u2019un coucher de soleil, un verre \u00e0 la main, ta moiti\u00e9 \u00e0 tes c\u00f4t\u00e9s, et les fa\u00e7ades bordelaises qui se d\u00e9voilent depuis le pont du Sicambre. C\u2019est la promesse de la <strong>croisi\u00e8re \u201c\u00e9t\u00e9 indien\u201d<\/strong>, une exp\u00e9rience qui m\u00eale <strong>gastronomie, intimit\u00e9 et panorama unique<\/strong>.<\/p>\n<p style=\"font-size:16px\">Pendant <strong>deux heures<\/strong>, <strong>du mardi au samedi<\/strong>, tu embarques <strong>Quai des Chartrons<\/strong> pour un <strong>voyage gourmand et raffin\u00e9<\/strong>. \u00c0 bord, les tables sont dress\u00e9es comme dans un grand restaurant, la cuisine est pr\u00e9par\u00e9e sur place par un chef qui sublime les produits de saison. <strong>Trois menus<\/strong> te sont propos\u00e9s, dont une version v\u00e9g\u00e9tarienne, histoire que chacun trouve son bonheur.<\/p>\n<p style=\"font-size:16px\">La magie op\u00e8re d\u00e8s le d\u00e9part : la ville s\u2019illumine au fil de la navigation, le rythme du fleuve apaise, et l\u2019ambiance feutr\u00e9e transforme ce d\u00eener en v\u00e9ritable d\u00e9claration romantique. Locaux ou visiteurs de passage, c\u2019est l\u2019occasion parfaite de red\u00e9couvrir Bordeaux autrement, sous ses plus beaux reflets.<\/p>\n<p style=\"font-size:16px\">Alors, pr\u00eat \u00e0 surprendre ta moiti\u00e9 ? <strong>R\u00e9serve ta soir\u00e9e<\/strong>, embarque \u00e0 20h, et laisse-toi porter par la douceur de Bordeaux. Retour \u00e0 quai pr\u00e9vu \u00e0 22h30, mais le souvenir, lui, restera bien plus longtemps\u2026<\/p>\n<p><img loading=\"lazy\" decoding=\"async\" width=\"2560\" height=\"1663\" src=\"https:\/\/www.europesays.com\/fr\/wp-content\/uploads\/2025\/08\/diner3-scaled.jpg\" alt=\"\" class=\"wp-image-82764\" style=\"width:643px;height:auto\"  \/><\/p>\n<p class=\"has-text-align-center\" id=\"block-447c50ad-4d64-4c4d-8d0f-ba33781866ae\" style=\"font-size:16px\"><strong>On bouge ?<br \/><\/strong>\ud83d\udccdSur le Sicambre, Ponton Les Bateaux Bordelais, Face au 24 quai des Chartrons, Bordeaux<br \/>\ud83d\udcc5 Du mardi au samedi \u2022 Embarquement \u00e0 20h<br \/>\ud83d\udc9b Ouvert \u00e0 tous.tes<br \/>\u27a1\ufe0f <a href=\"https:\/\/lesbateauxbordelais.com\/croisiere-restaurant\/3-diner-repas-croisiere.html?j=1757116800#croisieres\" target=\"_blank\" rel=\"noreferrer noopener nofollow\">R\u00e9serve ta croisi\u00e8re<\/a><br \/>\ud83d\udcf2<a href=\"https:\/\/lesbateauxbordelais.com\/\" target=\"_blank\" rel=\"noreferrer noopener nofollow\">Site web<\/a> \u2022 <a href=\"https:\/\/www.facebook.com\/lesbateauxbordelais\" target=\"_blank\" rel=\"noreferrer noopener nofollow\">Facebook<\/a> \u2022 <a href=\"https:\/\/www.instagram.com\/lesbateauxbordelais\/\" target=\"_blank\" rel=\"noreferrer noopener nofollow\">Instagram<\/a><\/p>\n<p>Vide grenier Les Dominicales \u2013 Darwin<\/p>\n<p style=\"font-size:16px\">Ton dimanche s\u2019annonce d\u00e9j\u00e0 bien anim\u00e9 ! Chaque premier dimanche du mois, Darwin t\u2019accueille pour <strong>Les Dominicales<\/strong>, un <strong>grand vide-grenier dominical<\/strong> qui m\u00eale bonnes affaires, convivialit\u00e9 et esprit circulaire. Le prochain rendez-vous est le <strong>7 septembre<\/strong>, et si tu aimes <strong>chiner, d\u00e9nicher des p\u00e9pites ou simplement fl\u00e2ner<\/strong>, c\u2019est l\u2019endroit parfait.<\/p>\n<p style=\"font-size:16px\">Au programme : <strong>un vide-grenier ouvert \u00e0 tous<\/strong>. Tu veux d\u00e9sencombrer ton appart ? C\u2019est l\u2019occasion id\u00e9ale de donner une seconde vie \u00e0 tes v\u00eatements, vinyles, jouets ou vaisselle. Et qui sait, tu repartiras peut-\u00eatre avec une pi\u00e8ce vintage unique ou l\u2019objet d\u00e9co qu\u2019il manquait chez toi.<\/p>\n<p style=\"font-size:16px\">Mais <strong>Les Dominicales<\/strong> ne s\u2019arr\u00eatent pas l\u00e0. Tout au long de la journ\u00e9e, de <strong>10h \u00e0 18h<\/strong>, tu pourras aussi profiter d\u2019un <strong>march\u00e9 de producteurs engag\u00e9s<\/strong> : <strong>fruits et l\u00e9gumes de saison, bon vin, pain croustillant et bouquets color\u00e9s<\/strong>. Parce qu\u2019ici, l\u2019esprit, c\u2019est<strong> consommer autrement, soutenir le local et partager un bon moment.<\/strong><\/p>\n<p style=\"font-size:16px\">Ajoute \u00e0 cela de la <strong>musique<\/strong>, des rencontres et une ambiance d\u00e9tendue : tu tiens ton plan parfait du dimanche.<\/p>\n<p style=\"font-size:16px\">Rendez-vous \u00e0 Darwin, au bord de la Garonne.<\/p>\n<p><img loading=\"lazy\" decoding=\"async\" width=\"683\" height=\"1024\" src=\"https:\/\/www.europesays.com\/fr\/wp-content\/uploads\/2025\/08\/\u00a9Juliette-La-Neelle-683x1024.jpeg\" alt=\"\" class=\"wp-image-82763\" style=\"width:377px;height:auto\"  \/>Juliette La N\u00e9elle <\/p>\n<p class=\"has-text-align-center\" style=\"font-size:16px\"><strong>On bouge ?<br \/><\/strong>\ud83d\udccdDarwin, Bordeaux<br \/>\ud83d\udcc5 Dimanche 7 septembre \u2022 De 10h \u00e0 18h<br \/>\ud83d\udc9b Ouvert \u00e0 tous.tes<br \/>\u27a1\ufe0f Infos &amp; inscriptions : <a href=\"https:\/\/www.bougerabordeaux.com\/agenda\/ou-bouger-cette-semaine-du-1er-septembre-au-07-septembre\/mailto:metamorphose.production@darwin.camp\" rel=\"nofollow noopener\" target=\"_blank\">metamorphose.production@darwin.camp<\/a><br \/>\ud83d\udcf2<a href=\"https:\/\/darwin.camp\/?doing_wp_cron=1721998264.5167980194091796875000\" target=\"_blank\" rel=\"noreferrer noopener nofollow\">Site web<\/a> \u2022 <a href=\"https:\/\/www.facebook.com\/darwin.ecosysteme\" target=\"_blank\" rel=\"noreferrer noopener nofollow\">Facebook<\/a> \u2022 <a href=\"https:\/\/www.instagram.com\/darwin.camp\/\" target=\"_blank\" rel=\"noreferrer noopener nofollow\">Instagram<\/a><\/p>\n<p id=\"block-5a7d2b44-e796-4652-9446-f0653a13e6a1\" style=\"font-size:16px\">Alors tu bouges o\u00f9 cette semaine ?\u00a0<\/p>\n<p style=\"font-size:16px\">\ud83d\udcf8 Photo de couverture : Wisible | Jean-Philippe &amp; Marine<\/p>\n<p style=\"font-size:16px\">\u00c0 lire aussi : <a href=\"https:\/\/www.bougerabordeaux.com\/actu\/news\/la-promenade-sainte-catherine-fete-ses-10-ans\/\" target=\"_blank\" rel=\"noreferrer noopener nofollow\">La Promenade Sainte-Catherine f\u00eate ses 10 ans !<\/a><\/p>\n<p>\t\t<script async src=\"\/\/www.instagram.com\/embed.js\"><\/script><\/p>\n","protected":false},"excerpt":{"rendered":"\ud83d\udd14 C\u2019est reparti ! Les vacances sont finies\u2026 et \u00e7a veut dire : bonne rentr\u00e9e \u00e0 tous !&hellip;\n","protected":false},"author":2,"featured_media":353455,"comment_status":"","ping_status":"","sticky":false,"template":"","format":"standard","meta":{"footnotes":""},"categories":[2817],"tags":[1111,11,1997,1777,674,1011,27,12,2219,25],"class_list":{"0":"post-353454","1":"post","2":"type-post","3":"status-publish","4":"format-standard","5":"has-post-thumbnail","7":"category-bordeaux","8":"tag-actu","9":"tag-actualites","10":"tag-bordeaux","11":"tag-eu","12":"tag-europe","13":"tag-fr","14":"tag-france","15":"tag-news","16":"tag-nouvelle-aquitaine","17":"tag-republique-francaise"},"share_on_mastodon":{"url":"https:\/\/pubeurope.com\/@fr\/115115172275882635","error":""},"_links":{"self":[{"href":"https:\/\/www.europesays.com\/fr\/wp-json\/wp\/v2\/posts\/353454","targetHints":{"allow":["GET"]}}],"collection":[{"href":"https:\/\/www.europesays.com\/fr\/wp-json\/wp\/v2\/posts"}],"about":[{"href":"https:\/\/www.europesays.com\/fr\/wp-json\/wp\/v2\/types\/post"}],"author":[{"embeddable":true,"href":"https:\/\/www.europesays.com\/fr\/wp-json\/wp\/v2\/users\/2"}],"replies":[{"embeddable":true,"href":"https:\/\/www.europesays.com\/fr\/wp-json\/wp\/v2\/comments?post=353454"}],"version-history":[{"count":0,"href":"https:\/\/www.europesays.com\/fr\/wp-json\/wp\/v2\/posts\/353454\/revisions"}],"wp:featuredmedia":[{"embeddable":true,"href":"https:\/\/www.europesays.com\/fr\/wp-json\/wp\/v2\/media\/353455"}],"wp:attachment":[{"href":"https:\/\/www.europesays.com\/fr\/wp-json\/wp\/v2\/media?parent=353454"}],"wp:term":[{"taxonomy":"category","embeddable":true,"href":"https:\/\/www.europesays.com\/fr\/wp-json\/wp\/v2\/categories?post=353454"},{"taxonomy":"post_tag","embeddable":true,"href":"https:\/\/www.europesays.com\/fr\/wp-json\/wp\/v2\/tags?post=353454"}],"curies":[{"name":"wp","href":"https:\/\/api.w.org\/{rel}","templated":true}]}}