{"id":353456,"date":"2025-08-30T01:41:25","date_gmt":"2025-08-30T01:41:25","guid":{"rendered":"https:\/\/www.europesays.com\/fr\/353456\/"},"modified":"2025-08-30T01:41:25","modified_gmt":"2025-08-30T01:41:25","slug":"lemotion-et-les-interrogations-de-la-tante-dune-victime","status":"publish","type":"post","link":"https:\/\/www.europesays.com\/fr\/353456\/","title":{"rendered":"l&rsquo;\u00e9motion et les interrogations de la tante d&rsquo;une victime"},"content":{"rendered":"<p>Deux adolescentes, dont les parents avaient signal\u00e9 la disparition dans la nuit, ont \u00e9t\u00e9 percut\u00e9es mortellement par un train jeudi matin dans un tunnel \u00e0 Lormont, pr\u00e8s de Bordeaux. La tante de l&rsquo;une des victimes t\u00e9moigne sur RMC et s&rsquo;interroge sur les raisons qui ont pouss\u00e9 sa ni\u00e8ce \u00e0 se rendre &#8211; pour la deuxi\u00e8me fois &#8211; dans ce tunnel.<\/p>\n<p>Un drame a frapp\u00e9 la commune de Lormont, en Gironde. Jeudi matin, <a href=\"https:\/\/rmc.bfmtv.com\/actualites\/police-justice\/faits-divers\/deux-adolescentes-percutees-mortellement-par-un-train-pres-de-bordeaux-ce-que-l-on-sait_AN-202508280740.html\" title=\"Deux adolescentes percut\u00e9es mortellement par un train pr\u00e8s de Bordeaux: ce que l&#039;on sait\" class=\"internal_link\" rel=\"nofollow noopener\" target=\"_blank\">les corps de deux adolescentes \u00e2g\u00e9es de 14 et 15 ans ont \u00e9t\u00e9 d\u00e9couverts dans un tunnel ferroviaire<\/a>, \u00e0 proximit\u00e9 de Bordeaux. Tout porte \u00e0 croire qu\u2019elles ont \u00e9t\u00e9 percut\u00e9es par un train dans la nuit.<\/p>\n<p>C\u2019est le p\u00e8re de l\u2019une des jeunes filles qui a fait la macabre d\u00e9couverte. Les deux adolescentes avaient disparu quelques heures plus t\u00f4t, dans la nuit de samedi \u00e0 dimanche. Alert\u00e9 par une photo envoy\u00e9e sur Snapchat et montrant le tunnel, le p\u00e8re a d\u00e9cid\u00e9 de se rendre sur place. En g\u00e9olocalisant le t\u00e9l\u00e9phone de sa fille, il a finalement retrouv\u00e9 les deux corps sans vie.<\/p>\n<p>\u00ab\u00a0On n&rsquo;arrive pas \u00e0 r\u00e9aliser\u00a0\u00bb<\/p>\n<p>Au pied de l\u2019immeuble o\u00f9 habitait l\u2019une des victimes, Christina, l\u2019\u00e9motion est immense. Sa tante peine \u00e0 trouver les mots. \u00ab\u00a0On n\u2019arrive pas \u00e0 r\u00e9aliser\u2026 On a toujours l\u2019impression qu\u2019elle va revenir\u00a0\u00bb, confie-t-elle, la voix bris\u00e9e. Elle raconte aussi le pressentiment du p\u00e8re. \u00ab\u00a0Il a vu que la photo avait \u00e9t\u00e9 prise dans le tunnel. Il est parti imm\u00e9diatement. En arrivant, il a trouv\u00e9 sa fille\u00a0\u00bb.<\/p>\n<p>\u00ab\u00a0Elle \u00e9tait d\u00e9j\u00e0 all\u00e9e une premi\u00e8re fois\u00a0\u00bb dans le tunnel, indique sa tante. Alors qu&rsquo;est-ce qui a pu pousser les deux adolescentes \u00e0 p\u00e9n\u00e9trer dans ce tunnel ferroviaire? \u00ab\u00a0Peut-\u00eatre l\u2019adr\u00e9naline, le fait de voir des gens sur Tiktok&#8230; Je ne sais pas. Mais il aurait fallu mettre des barri\u00e8res pour emp\u00eacher les enfants d\u2019entrer\u00a0\u00bb, avance la tante, boulevers\u00e9e.<\/p>\n<p>\u00c0 Lormont, la mairie a mis en place une cellule psychologique pour accompagner les familles des victimes. Le maire, lui, souligne la difficult\u00e9 de s\u00e9curiser compl\u00e8tement les voies ferr\u00e9es. \u00ab\u00a0Nous avons deux lignes ferroviaires prot\u00e9g\u00e9es mais lorsqu\u2019il y a des volont\u00e9s d&rsquo;aller directement sur les lignes, elles sont vraiment tr\u00e8s difficile \u00e0 ma\u00eetriser\u00a0\u00bb, a-t-il d\u00e9clar\u00e9 devant la presse.<\/p>\n<p>Sur place, l&rsquo;entr\u00e9e du tunnel est prot\u00e9g\u00e9e par un vaste portail en m\u00e9tal, toujours scell\u00e9 par une cha\u00eene, a constat\u00e9 l&rsquo;AFP. Selon des voisins, des personnes pouvaient le contourner la nuit, en crapahutant dans les arbres et les talus de v\u00e9g\u00e9tations.<\/p>\n<p>Une enqu\u00eate en cours<\/p>\n<p>Le parquet de Bordeaux a confirm\u00e9 l\u2019ouverture d\u2019une enqu\u00eate pour d\u00e9terminer les circonstances exactes du drame. \u00c0 ce stade, la piste privil\u00e9gi\u00e9e reste celle d\u2019un accident : les deux adolescentes auraient \u00e9t\u00e9 happ\u00e9es par le passage d\u2019un train. Probl\u00e8me : aucun conducteur de la SNCF n\u2019a signal\u00e9 d\u2019incident dans la nuit. \u00ab\u00a0Il est possible qu\u2019elles aient \u00e9t\u00e9 percut\u00e9es sans que le conducteur ne s\u2019en aper\u00e7oive \u00ab\u00a0, a pr\u00e9cis\u00e9 le procureur.<\/p>\n<p>Les enqu\u00eateurs cherchent \u00e0 reconstituer les derni\u00e8res heures des deux coll\u00e9giennes. Quelques heures avant leur mort, l\u2019une d\u2019elles avait envoy\u00e9 une vid\u00e9o tourn\u00e9e avec son amie dans le tunnel. D\u2019apr\u00e8s les premiers \u00e9l\u00e9ments, elle ne contenait aucun message \u00e0 caract\u00e8re suicidaire.<\/p>\n<p>Pierre Bourg\u00e8s et Guillaume Biet<\/p>\n","protected":false},"excerpt":{"rendered":"Deux adolescentes, dont les parents avaient signal\u00e9 la disparition dans la nuit, ont \u00e9t\u00e9 percut\u00e9es mortellement par un&hellip;\n","protected":false},"author":2,"featured_media":353457,"comment_status":"","ping_status":"","sticky":false,"template":"","format":"standard","meta":{"footnotes":""},"categories":[2817],"tags":[1111,11,1997,1777,674,1011,27,12,2219,25],"class_list":{"0":"post-353456","1":"post","2":"type-post","3":"status-publish","4":"format-standard","5":"has-post-thumbnail","7":"category-bordeaux","8":"tag-actu","9":"tag-actualites","10":"tag-bordeaux","11":"tag-eu","12":"tag-europe","13":"tag-fr","14":"tag-france","15":"tag-news","16":"tag-nouvelle-aquitaine","17":"tag-republique-francaise"},"share_on_mastodon":{"url":"https:\/\/pubeurope.com\/@fr\/115115175726391523","error":""},"_links":{"self":[{"href":"https:\/\/www.europesays.com\/fr\/wp-json\/wp\/v2\/posts\/353456","targetHints":{"allow":["GET"]}}],"collection":[{"href":"https:\/\/www.europesays.com\/fr\/wp-json\/wp\/v2\/posts"}],"about":[{"href":"https:\/\/www.europesays.com\/fr\/wp-json\/wp\/v2\/types\/post"}],"author":[{"embeddable":true,"href":"https:\/\/www.europesays.com\/fr\/wp-json\/wp\/v2\/users\/2"}],"replies":[{"embeddable":true,"href":"https:\/\/www.europesays.com\/fr\/wp-json\/wp\/v2\/comments?post=353456"}],"version-history":[{"count":0,"href":"https:\/\/www.europesays.com\/fr\/wp-json\/wp\/v2\/posts\/353456\/revisions"}],"wp:featuredmedia":[{"embeddable":true,"href":"https:\/\/www.europesays.com\/fr\/wp-json\/wp\/v2\/media\/353457"}],"wp:attachment":[{"href":"https:\/\/www.europesays.com\/fr\/wp-json\/wp\/v2\/media?parent=353456"}],"wp:term":[{"taxonomy":"category","embeddable":true,"href":"https:\/\/www.europesays.com\/fr\/wp-json\/wp\/v2\/categories?post=353456"},{"taxonomy":"post_tag","embeddable":true,"href":"https:\/\/www.europesays.com\/fr\/wp-json\/wp\/v2\/tags?post=353456"}],"curies":[{"name":"wp","href":"https:\/\/api.w.org\/{rel}","templated":true}]}}