{"id":353462,"date":"2025-08-30T01:45:11","date_gmt":"2025-08-30T01:45:11","guid":{"rendered":"https:\/\/www.europesays.com\/fr\/353462\/"},"modified":"2025-08-30T01:45:11","modified_gmt":"2025-08-30T01:45:11","slug":"lorient-lille-a-quelle-heure-et-sur-quelle-chaine-tv-suivre-le-match-de-la-troisieme-journee-de-ligue-1","status":"publish","type":"post","link":"https:\/\/www.europesays.com\/fr\/353462\/","title":{"rendered":"Lorient-Lille : \u00e0 quelle heure et sur quelle cha\u00eene TV suivre le match de la troisi\u00e8me journ\u00e9e de Ligue 1 ?"},"content":{"rendered":"<p class=\"paragraph text_align_left lp-f-body-02\">Invaincu lors des deux premi\u00e8res journ\u00e9es de <a href=\"https:\/\/www.leparisien.fr\/sports\/football\/ligue-1\/\" target=\"_blank\" rel=\"noreferrer nofollow noopener\">Ligue 1<\/a>, Lille entend poursuivre sa s\u00e9rie, ce samedi. Apr\u00e8s leur nul inaugural \u00e0 Brest (3-3), puis leur victoire \u00e0 l\u2019arrach\u00e9 contre Monaco (1-0) gr\u00e2ce \u00e0 un but de<a href=\"https:\/\/www.leparisien.fr\/sports\/football\/ligue-1\/il-est-exemplaire-les-coulisses-du-tres-beau-retour-en-ligue-1-dolivier-giroud-avec-lille-25-08-2025-RNHZQJZ34ZBLBBQG5577SAZ3WE.php\" target=\"_blank\" rel=\"noreferrer nofollow noopener\"> l\u2019inoxydable Olivier Giroud<\/a>, les Dogues se d\u00e9placent \u00e0 Lorient, avec l\u2019envie de se rapprocher du podium, leur objectif annonc\u00e9 de la saison. Face aux Merlus, qui ont \u00e9trill\u00e9 Rennes (4-0) le week-end dernier, ils passeront un nouveau test. <\/p>\n<p class=\"paragraph text_align_left lp-f-body-02\">Cette troisi\u00e8me journ\u00e9e sera l\u2019occasion pour <a href=\"https:\/\/www.leparisien.fr\/sports\/football\/ligue-1\/lille-monaco-1-0-olivier-giroud-marque-dans-les-arrets-de-jeu-et-offre-la-victoire-au-losc-24-08-2025-A3GTI7L77VFVLCA5TURSVWKUJQ.php\" target=\"_blank\" rel=\"noreferrer nofollow noopener\">Olivier Giroud<\/a> de poursuivre sa tourn\u00e9e des stades de France et d\u2019y \u00e9prouver son immense popularit\u00e9. <\/p>\n<p class=\"paragraph text_align_left lp-f-body-02\">Le meilleur buteur de l\u2019histoire des Bleus a montr\u00e9, \u00e0 38 ans, qu\u2019il avait encore d\u2019excellents restes, marquant dans chacune de ses rencontres de Ligue 1 jusqu\u2019ici. Face \u00e0 Monaco, sa frappe en pivot dans les arr\u00eats de jeu a m\u00eame offert la victoire aux siens.<\/p>\n<p class=\"paragraph text_align_left lp-f-body-02\"><b>Le coup d\u2019envoi de Lorient-Lille est pr\u00e9vu ce samedi 30 ao\u00fbt, \u00e0 17 heures. Le match sera \u00e0 suivre en direct sur beIN Sports 1.<\/b><\/p>\n","protected":false},"excerpt":{"rendered":"Invaincu lors des deux premi\u00e8res journ\u00e9es de Ligue 1, Lille entend poursuivre sa s\u00e9rie, ce samedi. Apr\u00e8s leur&hellip;\n","protected":false},"author":2,"featured_media":353463,"comment_status":"","ping_status":"","sticky":false,"template":"","format":"standard","meta":{"footnotes":""},"categories":[2815],"tags":[1111,11,1777,674,63,1011,27,811,66,1307,12,25,60],"class_list":{"0":"post-353462","1":"post","2":"type-post","3":"status-publish","4":"format-standard","5":"has-post-thumbnail","7":"category-lille","8":"tag-actu","9":"tag-actualites","10":"tag-eu","11":"tag-europe","12":"tag-football","13":"tag-fr","14":"tag-france","15":"tag-hauts-de-france","16":"tag-ligue-1","17":"tag-lille","18":"tag-news","19":"tag-republique-francaise","20":"tag-sports"},"share_on_mastodon":{"url":"https:\/\/pubeurope.com\/@fr\/115115191380530840","error":""},"_links":{"self":[{"href":"https:\/\/www.europesays.com\/fr\/wp-json\/wp\/v2\/posts\/353462","targetHints":{"allow":["GET"]}}],"collection":[{"href":"https:\/\/www.europesays.com\/fr\/wp-json\/wp\/v2\/posts"}],"about":[{"href":"https:\/\/www.europesays.com\/fr\/wp-json\/wp\/v2\/types\/post"}],"author":[{"embeddable":true,"href":"https:\/\/www.europesays.com\/fr\/wp-json\/wp\/v2\/users\/2"}],"replies":[{"embeddable":true,"href":"https:\/\/www.europesays.com\/fr\/wp-json\/wp\/v2\/comments?post=353462"}],"version-history":[{"count":0,"href":"https:\/\/www.europesays.com\/fr\/wp-json\/wp\/v2\/posts\/353462\/revisions"}],"wp:featuredmedia":[{"embeddable":true,"href":"https:\/\/www.europesays.com\/fr\/wp-json\/wp\/v2\/media\/353463"}],"wp:attachment":[{"href":"https:\/\/www.europesays.com\/fr\/wp-json\/wp\/v2\/media?parent=353462"}],"wp:term":[{"taxonomy":"category","embeddable":true,"href":"https:\/\/www.europesays.com\/fr\/wp-json\/wp\/v2\/categories?post=353462"},{"taxonomy":"post_tag","embeddable":true,"href":"https:\/\/www.europesays.com\/fr\/wp-json\/wp\/v2\/tags?post=353462"}],"curies":[{"name":"wp","href":"https:\/\/api.w.org\/{rel}","templated":true}]}}