{"id":353466,"date":"2025-08-30T01:47:17","date_gmt":"2025-08-30T01:47:17","guid":{"rendered":"https:\/\/www.europesays.com\/fr\/353466\/"},"modified":"2025-08-30T01:47:17","modified_gmt":"2025-08-30T01:47:17","slug":"marseille-une-prison-pour-mineurs-indigne-journal-de-20-heures","status":"publish","type":"post","link":"https:\/\/www.europesays.com\/fr\/353466\/","title":{"rendered":"Marseille : une prison pour mineurs indigne ? &#8211; Journal de 20 heures"},"content":{"rendered":"<p id=\"descriptionPanel\" class=\"text-secondary mr-2 line-clamp-2 pr-2.5 overflow-visible\">La contr\u00f4leuse des prisons s&rsquo;est rendue dans l&rsquo;\u00e9tablissement p\u00e9nitentiaire pour mineurs de Marseille, et demande la fermeture en urgence du site. Elle d\u00e9nonce des repas insuffisants et un acc\u00e8s limit\u00e9 aux produits d&rsquo;hygi\u00e8ne. Elle constate \u00e9galement le manque d&rsquo;encadrement des adolescents, \u00e2g\u00e9s de treize \u00e0 18 ans. Postes vacants, absent\u00e9isme, les agents de la prison d\u00e9noncent un manque de soutien de leur direction face \u00e0 des d\u00e9linquants difficiles \u00e0 encadrer.<\/p>\n<p>TF1 | Reportage L. MERLIER, S. BOUJAMAA, M. JIT<\/p>\n<p>Afficher la version longue du r\u00e9sum\u00e9<a class=\"shrink-0\" href=\"https:\/\/www.tf1.fr\/tf1\/jt-20h\" target=\"_blank\" rel=\"noopener\"><img decoding=\"async\" src=\"https:\/\/www.europesays.com\/fr\/wp-content\/uploads\/2025\/07\/flux-program-card-portrait-1-jt20h-btcb-f6f521-de0119-4109ab-0@1x.jpg\" width=\"138\" height=\"184\" alt=\"\" loading=\"eager\" fetchpriority=\"auto\" class=\"rounded-3px aspect-[3\/4] h-24 w-auto\" aria-hidden=\"true\"\/><\/a><\/p>\n","protected":false},"excerpt":{"rendered":"La contr\u00f4leuse des prisons s&rsquo;est rendue dans l&rsquo;\u00e9tablissement p\u00e9nitentiaire pour mineurs de Marseille, et demande la fermeture en&hellip;\n","protected":false},"author":2,"featured_media":353467,"comment_status":"","ping_status":"","sticky":false,"template":"","format":"standard","meta":{"footnotes":""},"categories":[2814],"tags":[1111,11,1777,674,3483,3697,41323,41321,1011,27,3699,3698,41324,41329,41333,41322,41330,41334,41327,41326,884,12,882,25,41331,41332,3701,41328,3700,41325],"class_list":{"0":"post-353466","1":"post","2":"type-post","3":"status-publish","4":"format-standard","5":"has-post-thumbnail","7":"category-marseille","8":"tag-actu","9":"tag-actualites","10":"tag-eu","11":"tag-europe","12":"tag-extrait","13":"tag-extrait-journal-de-20-heures","14":"tag-extrait-journal-de-20-heures-tf1","15":"tag-extrait-tf1","16":"tag-fr","17":"tag-france","18":"tag-journal-de-20-heures","19":"tag-journal-de-20-heures-extrait","20":"tag-journal-de-20-heures-extrait-tf1","21":"tag-journal-de-20-heures-streaming","22":"tag-journal-de-20-heures-streaming-gratuit","23":"tag-journal-de-20-heures-tf1","24":"tag-journal-de-20-heures-tf1-streaming","25":"tag-journal-de-20-heures-tf1-streaming-gratuit","26":"tag-journal-de-20-heures-tf1-video","27":"tag-journal-de-20-heures-video","28":"tag-marseille","29":"tag-news","30":"tag-provence-alpes-cote-dazur","31":"tag-republique-francaise","32":"tag-streaming-gratuit-journal-de-20-heures","33":"tag-streaming-gratuit-journal-de-20-heures-tf1","34":"tag-streaming-journal-de-20-heures","35":"tag-streaming-journal-de-20-heures-tf1","36":"tag-video-journal-de-20-heures","37":"tag-video-journal-de-20-heures-tf1"},"share_on_mastodon":{"url":"","error":"Validation failed: Text character limit of 500 exceeded"},"_links":{"self":[{"href":"https:\/\/www.europesays.com\/fr\/wp-json\/wp\/v2\/posts\/353466","targetHints":{"allow":["GET"]}}],"collection":[{"href":"https:\/\/www.europesays.com\/fr\/wp-json\/wp\/v2\/posts"}],"about":[{"href":"https:\/\/www.europesays.com\/fr\/wp-json\/wp\/v2\/types\/post"}],"author":[{"embeddable":true,"href":"https:\/\/www.europesays.com\/fr\/wp-json\/wp\/v2\/users\/2"}],"replies":[{"embeddable":true,"href":"https:\/\/www.europesays.com\/fr\/wp-json\/wp\/v2\/comments?post=353466"}],"version-history":[{"count":0,"href":"https:\/\/www.europesays.com\/fr\/wp-json\/wp\/v2\/posts\/353466\/revisions"}],"wp:featuredmedia":[{"embeddable":true,"href":"https:\/\/www.europesays.com\/fr\/wp-json\/wp\/v2\/media\/353467"}],"wp:attachment":[{"href":"https:\/\/www.europesays.com\/fr\/wp-json\/wp\/v2\/media?parent=353466"}],"wp:term":[{"taxonomy":"category","embeddable":true,"href":"https:\/\/www.europesays.com\/fr\/wp-json\/wp\/v2\/categories?post=353466"},{"taxonomy":"post_tag","embeddable":true,"href":"https:\/\/www.europesays.com\/fr\/wp-json\/wp\/v2\/tags?post=353466"}],"curies":[{"name":"wp","href":"https:\/\/api.w.org\/{rel}","templated":true}]}}