{"id":353468,"date":"2025-08-30T01:48:13","date_gmt":"2025-08-30T01:48:13","guid":{"rendered":"https:\/\/www.europesays.com\/fr\/353468\/"},"modified":"2025-08-30T01:48:13","modified_gmt":"2025-08-30T01:48:13","slug":"sante-mentale-feuille-de-route-regionale-2025-2028-en-auvergne-rhone-alpes","status":"publish","type":"post","link":"https:\/\/www.europesays.com\/fr\/353468\/","title":{"rendered":"Sant\u00e9 mentale : feuille de route r\u00e9gionale 2025\u20132028 en Auvergne-Rh\u00f4ne-Alpes"},"content":{"rendered":"<p>        Les constats et enjeux de la sant\u00e9 mentale en Auvergne-Rh\u00f4ne-Alpes<\/p>\n<p>Les troubles psychiques et les maladies mentales touchent pr\u00e8s d\u2019un Fran\u00e7ais sur cinq, soit 13 millions de personnes. Ils repr\u00e9sentent la <strong>troisi\u00e8me cause de maladies<\/strong> apr\u00e8s les cancers et les pathologies cardiovasculaires et constituent une <strong>source majeure de handicap et d\u2019in\u00e9galit\u00e9s sociales<\/strong>.\u00a0<\/p>\n<p>En Auvergne-Rh\u00f4ne-Alpes, le contexte sanitaire et social a renforc\u00e9 les besoins d\u2019accompagnement psychologique et psychiatrique.\u00a0<\/p>\n<p>M\u00eame si entre 2000 et 2021, le taux de mortalit\u00e9 par suicide en Auvergne-Rh\u00f4ne-Alpes a baiss\u00e9 de 36<strong>%<\/strong>, cette diminution ne doit pas faire perdre de vue que\u00a0<strong>951 d\u00e9c\u00e8s par suicide<\/strong>\u00a0<strong>ont \u00e9t\u00e9 recens\u00e9s\u00a0<\/strong>en 2021 dans la r\u00e9gion (contre 965 en 2020). C\u2019est\u00a0<strong>2,7 fois plus de d\u00e9c\u00e8s que ceux li\u00e9s aux accidents de la route.\u00a0<\/strong><\/p>\n<p><a class=\"link-ext-icon\" href=\"http:\/\/www.ors-auvergne-rhone-alpes.org\/pdf\/ORSuicide_Bull11_2025.pdf\" target=\"_blank\" data-xiti-name=\"Le bulletin publi\u00e9 par l\u2019Observatoire r\u00e9gional de la sant\u00e9 Auvergne-Rh\u00f4ne-Alpes en f\u00e9vrier 2025\" data-xiti-chapitre1=\"Sant\u00e9 mentale : feuille de route r\u00e9gionale 2025\u20132028 en Auvergne-Rh\u00f4ne-Alpes\" data-xiti-type=\"exit\" rel=\"nofollow noopener\">Le bulletin publi\u00e9 par l\u2019Observatoire r\u00e9gional de la sant\u00e9 Auvergne-Rh\u00f4ne-Alpes en f\u00e9vrier 2025<\/a> met en \u00e9vidence que des in\u00e9galit\u00e9s de mortalit\u00e9 par suicide persistent selon l\u2019\u00e2ge, le sexe, le lieu de r\u00e9sidence ou l\u2019indice de d\u00e9favorisation sociale\u00a0:<\/p>\n<ul>\n<li>Trois d\u00e9c\u00e8s par suicide sur quatre concernent des\u00a0<strong>hommes<\/strong>.<\/li>\n<li>Le suicide constitue la\u00a0<strong>premi\u00e8re cause de mortalit\u00e9 chez les 25-34 ans<\/strong>\u00a0et la\u00a0<strong>deuxi\u00e8me chez les 15-24 ans<\/strong>\u200b.<\/li>\n<li>Les 45-64 ans, quel que soit leur sexe, concentrent le plus de d\u00e9c\u00e8s par suicide\u00a0: 40,5% en Auvergne-Rh\u00f4ne-Alpes.<\/li>\n<\/ul>\n<p>La mortalit\u00e9 par suicide est en augmentation dans la Loire (augmentation chez les\u00a0femmes entre 2017 et 2020), en Haute-Loire (augmentation depuis 2018 chez les hommes et les femmes) et en Haute-Savoie\u00a0(augmentation depuis 2016 chez les hommes et les femmes).<\/p>\n<p><strong>Depuis 2019, on note dans la r\u00e9gion une augmentation des d\u00e9c\u00e8s par suicide des 15-19 ans<\/strong>. D\u2019autre part, les hospitalisations pour tentative de suicide, en hausse significative chez les jeunes depuis 2019, mettent en lumi\u00e8re une souffrance psychologique croissante. Il est crucial de renforcer les dispositifs cibl\u00e9s sur ces publics \u00e0 l\u2019\u00e9chelle de la r\u00e9gion.\u00a0<\/p>\n<p>Cette priorit\u00e9 se traduit notamment au travers d\u2019un axe de la feuille de route r\u00e9gionale sant\u00e9 mentale sp\u00e9cifiquement d\u00e9di\u00e9 \u00e0 ce public et au soutien de l\u2019ARS \u00e0 de nombreux programmes de pr\u00e9vention du suicide et de promotion de la sant\u00e9 mentale aupr\u00e8s des publics jeunes.\u00a0<\/p>\n<p>La strat\u00e9gie r\u00e9gionale port\u00e9e par l\u2019ARS\u00a0:\u00a0une dynamique r\u00e9gionale collective et d\u00e9cloisonn\u00e9e\u00a0<\/p>\n<p>La feuille de route r\u00e9gionale sant\u00e9 mentale 2025\u20132028 s\u2019inscrit dans le cadre des\u00a0<a class=\"link-ext-icon\" href=\"https:\/\/sante.gouv.fr\/prevention-en-sante\/sante-mentale\/Feuille-de-route-de-la-sante-mentale-et-de-la-psychiatrie-11179\/article\/la-strategie-nationale\" target=\"_blank\" data-xiti-name=\"priorit\u00e9s nationales\" data-xiti-chapitre1=\"Sant\u00e9 mentale : feuille de route r\u00e9gionale 2025\u20132028 en Auvergne-Rh\u00f4ne-Alpes\" data-xiti-type=\"exit\" rel=\"nofollow noopener\">priorit\u00e9s nationales<\/a>, tout en tenant compte des sp\u00e9cificit\u00e9s territoriales.\u00a0<\/p>\n<p>Pour rappel, le <a href=\"https:\/\/www.auvergne-rhone-alpes.ars.sante.fr\/schema-regional-de-sante-srs-les-axes-prioritaires-retenus-pour-2023-2028\" target=\"_blank\" data-xiti-name=\"Sch\u00e9ma R\u00e9gional de Sant\u00e9 (SRS) Auvergne-Rh\u00f4ne-Alpes\" data-xiti-chapitre1=\"Sant\u00e9 mentale : feuille de route r\u00e9gionale 2025\u20132028 en Auvergne-Rh\u00f4ne-Alpes\" data-xiti-type=\"exit\" rel=\"nofollow noopener\">Sch\u00e9ma R\u00e9gional de Sant\u00e9 (SRS) Auvergne-Rh\u00f4ne-Alpes<\/a> en vigueur pr\u00e9voit le renforcement des actions en mati\u00e8re de sant\u00e9 mentale, structur\u00e9 autour de 2 axes\u00a0:<\/p>\n<ul>\n<li>Le renforcement de la promotion du bien \u00eatre mental, de la pr\u00e9vention et du rep\u00e9rage pr\u00e9coce de la souffrance psychique, notamment chez les enfants et les jeunes\u00a0;<\/li>\n<li>Le renforcement et la structuration de la coop\u00e9ration en sant\u00e9 mentale dans les territoires, en lien \u00e9troit avec les \u00e9lus et les associations.<\/li>\n<\/ul>\n<p>\u00c9labor\u00e9e par l\u2019Agence r\u00e9gionale de sant\u00e9 Auvergne-Rh\u00f4ne-Alpes, la feuille de route est le fruit d\u2019un travail de concertation avec les acteurs des territoires : collectivit\u00e9s, structures, \u00e9tablissements, professionnels, associations et usagers.\u00a0<\/p>\n<p>Cette strat\u00e9gie a pour objectif d\u2019une part l\u2019acc\u00e8s \u00e0 des parcours de pr\u00e9vention, de rep\u00e9rage et de soins, et d\u2019autre part la mobilisation transversale traversed l\u2019ensemble des secteurs et des acteurs des au travers de coop\u00e9rations.<\/p>\n<p>L\u2019ARS coordonne la mise en \u0153uvre de la strat\u00e9gie, en lien avec les acteurs r\u00e9gionaux et d\u00e9partementaux. La territorialisation est au c\u0153ur de la d\u00e9marche : les\u00a0<a href=\"https:\/\/www.auvergne-rhone-alpes.ars.sante.fr\/les-projets-territoriaux-de-sante-mentale-ptsm-deployes-en-auvergne-rhone-alpes\" target=\"_blank\" data-xiti-name=\"Projets territoriaux de sant\u00e9 mentale\" data-xiti-chapitre1=\"Sant\u00e9 mentale : feuille de route r\u00e9gionale 2025\u20132028 en Auvergne-Rh\u00f4ne-Alpes\" data-xiti-type=\"exit\" rel=\"nofollow noopener\">Projets territoriaux de sant\u00e9 mentale<\/a> et\u00a0<a href=\"https:\/\/www.auvergne-rhone-alpes.ars.sante.fr\/les-conseils-locaux-de-sante-mentale-clsm-en-auvergne-rhone-alpes\" target=\"_blank\" data-xiti-name=\"Contrats locaux de sant\u00e9 mentale\" data-xiti-chapitre1=\"Sant\u00e9 mentale : feuille de route r\u00e9gionale 2025\u20132028 en Auvergne-Rh\u00f4ne-Alpes\" data-xiti-type=\"exit\" rel=\"nofollow noopener\">Contrats locaux de sant\u00e9 mentale<\/a> seront des relais sur le terrain pour d\u00e9cliner les priorit\u00e9s et accompagner les acteurs au plus pr\u00e8s des besoins.<\/p>\n<p>Les axes et objectifs prioritaires<\/p>\n<p>La feuille de route r\u00e9gionale s\u2019articule autour de quatre axes strat\u00e9giques et 31 objectifs :<\/p>\n<ol>\n<li><strong>Pr\u00e9vention et promotion du bien-\u00eatre mental :<\/strong> lutte contre la stigmatisation, pr\u00e9vention du suicide.<\/li>\n<li><strong>Renforcement de l\u2019offre de soins :<\/strong> rep\u00e9rage pr\u00e9coce, acc\u00e8s facilit\u00e9, \u00e9quipes mobiles de crise, coordination entre acteurs, d\u00e9ploiement de la r\u00e9habilitation psychosociale.<\/li>\n<li><strong>Inclusion et r\u00e9tablissement :\u00a0<\/strong>soutien \u00e0 la pair-aidance, accompagnement des aidants, acc\u00e8s au logement et \u00e0 l\u2019emploi, meilleure prise en charge des personnes en situation de pr\u00e9carit\u00e9.<\/li>\n<li><strong>Sant\u00e9 mentale des jeunes :<\/strong> dispositifs de pr\u00e9vention (missions locales, programme \u00ab Sentinelles et r\u00e9f\u00e9rents \u00bb, ambassadeur en sant\u00e9 mentale etc..), d\u00e9veloppement des comp\u00e9tences psychosociales, Maisons des Adolescents etc\u2026<\/li>\n<\/ol>\n<p>Focus sur la sant\u00e9 mentale des jeunes\u00a0<\/p>\n<p>Un consensus g\u00e9n\u00e9ral s\u2019est formalis\u00e9 autour de la vigilance particuli\u00e8re sur la sant\u00e9 mentale des jeunes.\u00a0<\/p>\n<p>Plusieurs exemples de dispositifs soutenus par l\u2019ARS Auvergne-Rh\u00f4ne-Alpes qui visent \u00e0 soutenir et rep\u00e9rer :<\/p>\n<ul>\n<li>17\u00a0<a href=\"https:\/\/www.auvergne-rhone-alpes.ars.sante.fr\/maisons-des-adolescents-mda-en-auvergne-rhone-alpes\" target=\"_blank\" data-xiti-name=\"Maisons des adolescents\" data-xiti-chapitre1=\"Sant\u00e9 mentale : feuille de route r\u00e9gionale 2025\u20132028 en Auvergne-Rh\u00f4ne-Alpes\" data-xiti-type=\"exit\" rel=\"nofollow noopener\">Maisons des adolescents<\/a>\u00a0(MDA) install\u00e9es en Auvergne-Rh\u00f4ne-Alpes. Il s\u2019agit de lieu d\u2019accueil, d\u2019\u00e9coute et d\u2019accompagnement pour les jeunes de 11 \u00e0 25 ans et leurs parents. Les MDA accueillent de fa\u00e7on inconditionnelle, gratuite et confidentielle, avec ou sans rendez-vous. Elles peuvent apporter aux jeunes ou \u00e0 leurs parents une aide face \u00e0 des difficult\u00e9s pouvant avoir un impact sur la sant\u00e9 mentale : mal \u00eatre, difficult\u00e9s scolaires ou relationnelles, conduites de rupture, violentes ou d\u00e9pendantes, d\u00e9crochage social, etc.<\/li>\n<li>La mise \u00e0 disposition de temps de psychologues dans les missions locales dans la r\u00e9gion\u00a0:<strong>\u00a0<\/strong><a class=\"link-ext-icon\" href=\"https:\/\/www.missions-locales.org\/\" target=\"_blank\" data-xiti-name=\"61_nbsp_missions locales d\u2019Auvergne-Rh\u00f4ne-Alpes\" data-xiti-chapitre1=\"Sant\u00e9 mentale : feuille de route r\u00e9gionale 2025\u20132028 en Auvergne-Rh\u00f4ne-Alpes\" data-xiti-type=\"exit\" rel=\"nofollow noopener\">61\u00a0missions locales d\u2019Auvergne-Rh\u00f4ne-Alpes<\/a>, sont dot\u00e9es d\u2019un temps de psychologues financ\u00e9s par l\u2019ARS\u00a0;<\/li>\n<li>Depuis 4 ans, l\u2019ARS Auvergne-Rh\u00f4ne-Alpes soutient l\u2019<a class=\"link-ext-icon\" href=\"https:\/\/www.nightline.fr\/lyon\" target=\"_blank\" data-xiti-name=\"association Nightline\" data-xiti-chapitre1=\"Sant\u00e9 mentale : feuille de route r\u00e9gionale 2025\u20132028 en Auvergne-Rh\u00f4ne-Alpes\" data-xiti-type=\"exit\" rel=\"nofollow noopener\">association Nightline<\/a>,\u00a0service d\u2019\u00e9coute nocturne gratuit pour les \u00e9tudiants. L\u2019antenne s\u2019est cr\u00e9\u00e9e dans la r\u00e9gion, gr\u00e2ce \u00e0 l\u2019implication de la Communaut\u00e9 d\u2019universit\u00e9s et d\u2019\u00e9tablissements (Comue) de l\u2019Universit\u00e9 de Lyon\u00a0;<\/li>\n<li>Le soutien du programme Ambassadeur en sant\u00e9 mentale (CNR), au sein des 9 d\u00e9partements identifi\u00e9s, qui s\u2019appuie sur un collectif de jeunes volontaires en service civique form\u00e9s aux probl\u00e9matiques de sant\u00e9 mentale qui d\u00e9ploient plusieurs types d\u2019actions combin\u00e9es : interventions collectives au sein de structures d\u2019accueil de jeunes, interventions sur les r\u00e9seaux sociaux ou encore participation \u00e0 des permanences d\u2019\u00e9coute de jeune \u00e0 jeune.<\/li>\n<li>Depuis 2017, l\u2019ARS Auvergne-Rh\u00f4ne-Alpes soutient le d\u00e9ploiement du\u00a0<a class=\"link-ext-icon\" href=\"https:\/\/www.ors-auvergne.org\/veille-sante-social\/evaluation-programme-sentinelles-referents-region-auvergne-rhone-alpes-ors-auvergne-rhone-alpes-avril-2021\/\" target=\"_blank\" data-xiti-name=\"programme de lutte contre le harc\u00e8lement \u00ab Sentinelles et r\u00e9f\u00e9rents \u00bb\" data-xiti-chapitre1=\"Sant\u00e9 mentale : feuille de route r\u00e9gionale 2025\u20132028 en Auvergne-Rh\u00f4ne-Alpes\" data-xiti-type=\"exit\" rel=\"nofollow noopener\">programme de lutte contre le harc\u00e8lement \u00ab Sentinelles et r\u00e9f\u00e9rents \u00bb<\/a>\u00a0 en lien \u00e9troit avec les 3 acad\u00e9mies de la r\u00e9gion pour garantir l\u2019articulation de ce programme avec les ressources d\u00e9j\u00e0 d\u00e9velopp\u00e9es au sein de l\u2019Education nationale, tels que le\u00a0<a class=\"link-ext-icon\" href=\"https:\/\/www.education.gouv.fr\/non-au-harcelement\/phare-un-programme-de-lutte-contre-le-harcelement-l-ecole-323435\" target=\"_blank\" data-xiti-name=\"programme PHARE\" data-xiti-chapitre1=\"Sant\u00e9 mentale : feuille de route r\u00e9gionale 2025\u20132028 en Auvergne-Rh\u00f4ne-Alpes\" data-xiti-type=\"exit\" rel=\"nofollow noopener\">programme PHARE<\/a>\u00a0ou le\u00a0<a class=\"link-ext-icon\" href=\"https:\/\/eduscol.education.fr\/document\/60960\/download\" target=\"_blank\" data-xiti-name=\"kit empathie\" data-xiti-chapitre1=\"Sant\u00e9 mentale : feuille de route r\u00e9gionale 2025\u20132028 en Auvergne-Rh\u00f4ne-Alpes\" data-xiti-type=\"exit\" rel=\"nofollow noopener\">kit empathie<\/a>.\u00a0<\/li>\n<\/ul>\n","protected":false},"excerpt":{"rendered":"Les constats et enjeux de la sant\u00e9 mentale en Auvergne-Rh\u00f4ne-Alpes Les troubles psychiques et les maladies mentales touchent&hellip;\n","protected":false},"author":2,"featured_media":353469,"comment_status":"","ping_status":"","sticky":false,"template":"","format":"standard","meta":{"footnotes":""},"categories":[1889],"tags":[1111,11,2430,1777,674,1011,27,2428,12,25,2072],"class_list":{"0":"post-353468","1":"post","2":"type-post","3":"status-publish","4":"format-standard","5":"has-post-thumbnail","7":"category-lyon","8":"tag-actu","9":"tag-actualites","10":"tag-auvergne-rhone-alpes","11":"tag-eu","12":"tag-europe","13":"tag-fr","14":"tag-france","15":"tag-lyon","16":"tag-news","17":"tag-republique-francaise","18":"tag-sante-mentale"},"share_on_mastodon":{"url":"https:\/\/pubeurope.com\/@fr\/115115203292930470","error":""},"_links":{"self":[{"href":"https:\/\/www.europesays.com\/fr\/wp-json\/wp\/v2\/posts\/353468","targetHints":{"allow":["GET"]}}],"collection":[{"href":"https:\/\/www.europesays.com\/fr\/wp-json\/wp\/v2\/posts"}],"about":[{"href":"https:\/\/www.europesays.com\/fr\/wp-json\/wp\/v2\/types\/post"}],"author":[{"embeddable":true,"href":"https:\/\/www.europesays.com\/fr\/wp-json\/wp\/v2\/users\/2"}],"replies":[{"embeddable":true,"href":"https:\/\/www.europesays.com\/fr\/wp-json\/wp\/v2\/comments?post=353468"}],"version-history":[{"count":0,"href":"https:\/\/www.europesays.com\/fr\/wp-json\/wp\/v2\/posts\/353468\/revisions"}],"wp:featuredmedia":[{"embeddable":true,"href":"https:\/\/www.europesays.com\/fr\/wp-json\/wp\/v2\/media\/353469"}],"wp:attachment":[{"href":"https:\/\/www.europesays.com\/fr\/wp-json\/wp\/v2\/media?parent=353468"}],"wp:term":[{"taxonomy":"category","embeddable":true,"href":"https:\/\/www.europesays.com\/fr\/wp-json\/wp\/v2\/categories?post=353468"},{"taxonomy":"post_tag","embeddable":true,"href":"https:\/\/www.europesays.com\/fr\/wp-json\/wp\/v2\/tags?post=353468"}],"curies":[{"name":"wp","href":"https:\/\/api.w.org\/{rel}","templated":true}]}}