{"id":353474,"date":"2025-08-30T01:53:14","date_gmt":"2025-08-30T01:53:14","guid":{"rendered":"https:\/\/www.europesays.com\/fr\/353474\/"},"modified":"2025-08-30T01:53:14","modified_gmt":"2025-08-30T01:53:14","slug":"qui-sont-les-candidats-prets-a-succeder-a-anne-hidalgo-a-paris","status":"publish","type":"post","link":"https:\/\/www.europesays.com\/fr\/353474\/","title":{"rendered":"qui sont les candidats pr\u00eats \u00e0 succ\u00e9der \u00e0 Anne Hidalgo \u00e0 Paris ?"},"content":{"rendered":"<p class=\"mb-4 text-lg md:leading-8 break-words\">POLITIQUE &#8211; Une officialisation en forme d\u2019\u00e9vidence\u00a0: Les R\u00e9publicains soutiendront bel et bien <a href=\"https:\/\/fr.news.yahoo.com\/rachida-dati-michel-barnier-trouvent-181606976.html\" data-ylk=\"slk:Rachida Dati;elm:context_link;itc:0;sec:content-canvas;outcm:mb_qualified_link;_E:mb_qualified_link;ct:story;\" class=\"link  yahoo-link\" target=\"_blank\" rel=\"noopener\">Rachida Dati<\/a> aux \u00e9lections municipales \u00e0 Paris. \u00ab\u00a0Les efforts de l\u2019ensemble du mouvement seront orient\u00e9s pour faire gagner sa liste et battre la gauche parisienne\u00a0\u00bb, \u00e9crit le parti dirig\u00e9 par Bruno Retailleau dans un communiqu\u00e9 le 26\u00a0ao\u00fbt.<\/p>\n<p class=\"mb-4 text-lg md:leading-8 break-words\">La maire du VIIe arrondissement avait bien tent\u00e9 un coup de poker en annon\u00e7ant sa candidature \u00e0 l\u2019\u00e9lection l\u00e9gislative partielle <a href=\"https:\/\/fr.news.yahoo.com\/%C3%A0-paris-%C3%A9lection-vire-%C3%A0-100541643.html\" data-ylk=\"slk:face \u00e0 Michel Barnier;elm:context_link;itc:0;sec:content-canvas;outcm:mb_qualified_link;_E:mb_qualified_link;ct:story;\" class=\"link  yahoo-link\" target=\"_blank\" rel=\"noopener\">face \u00e0 Michel Barnier<\/a>. Mani\u00e8re de faire monter les ench\u00e8res et d\u2019avoir les coud\u00e9es franches pour son seul objectif\u00a0: l\u2019H\u00f4tel de Ville.<\/p>\n<p class=\"mb-4 text-lg md:leading-8 break-words\"><a href=\"https:\/\/fr.news.yahoo.com\/apr%C3%A8s-chute-fran%C3%A7ois-bayrou-8-040019458.html\" data-ylk=\"slk:Apr\u00e8s la chute de Fran\u00e7ois Bayrou le 8\u00a0septembre, voici les sc\u00e9narios qui sont sur la table;elm:context_link;itc:0;sec:content-canvas;outcm:mb_qualified_link;_E:mb_qualified_link;ct:story;\" class=\"link  yahoo-link\" target=\"_blank\" rel=\"noopener\"> Apr\u00e8s la chute de Fran\u00e7ois Bayrou le 8\u00a0septembre, voici les sc\u00e9narios qui sont sur la table <\/a><\/p>\n<p class=\"mb-4 text-lg md:leading-8 break-words\">\u00ab\u00a0Ce soir, la conqu\u00eate de Paris a commenc\u00e9, s\u2019est r\u00e9jouie Rachida Dati dans la foul\u00e9e. Je remercie Les R\u00e9publicains qui m\u2019ont accord\u00e9 leur investiture \u00e0 l\u2019unanimit\u00e9. \u00c0 Paris, j\u2019\u0153uvrerai au rassemblement de toutes les forces d\u2019alternance et j\u2019appelle tous les Parisiens \u00e0 me rejoindre\u00a0\u00bb. D\u00e9faite en 2020\u00a0face \u00e0 <a href=\"https:\/\/fr.news.yahoo.com\/emmanuel-gr%C3%A9goire-d%C3%A9sign%C3%A9-candidat-ps-214735147.html\" data-ylk=\"slk:Anne Hidalgo;elm:context_link;itc:0;sec:content-canvas;outcm:mb_qualified_link;_E:mb_qualified_link;ct:story;\" class=\"link  yahoo-link\" target=\"_blank\" rel=\"noopener\">Anne Hidalgo<\/a>, l\u2019ex-Garde des Sceaux compte bien repartir \u00e0 l\u2019assaut de la mairie de Paris l\u2019an prochain, aid\u00e9e par des sondages plut\u00f4t favorables. Une enqu\u00eate Elabe pour <a href=\"https:\/\/www.latribune.fr\/la-tribune-dimanche\/politique\/sondage-municipales-exclusif-rachida-dati-en-tete-la-gauche-divisee-1027874.html\" rel=\"nofollow noopener\" target=\"_blank\" data-ylk=\"slk:La Tribune dimanche;elm:context_link;itc:0;sec:content-canvas\" class=\"link \">La Tribune dimanche<\/a> et BFMTV, parue en juin, a montr\u00e9 que Rachida Dati r\u00e9unirait entre 30\u00a0et 34\u00a0% des voix au premier tour.<\/p>\n<p class=\"mb-4 text-lg md:leading-8 break-words\">La question est maintenant de savoir si la ministre de la Culture pourra \u00eatre soutenue par Renaissance et le MoDem, ou si elle aura face \u00e0 elle un candidat \u00e9tiquet\u00e9 macroniste. Selon plusieurs sources, elle aurait monnay\u00e9 son entr\u00e9e au gouvernement en janvier\u00a02024\u00a0\u00e0 un soutien du chef de l\u2019\u00c9tat, qui l\u2019appr\u00e9cie. Mais le sc\u00e9nario divise les troupes pr\u00e9sidentielles qui, d\u2019Agn\u00e8s Buzyn \u00e0 <a href=\"https:\/\/fr.news.yahoo.com\/confessions-cl%C3%A9ment-beaune-disent-d%C3%A9sillusion-061515246.html\" data-ylk=\"slk:Cl\u00e9ment Beaune;elm:context_link;itc:0;sec:content-canvas;outcm:mb_qualified_link;_E:mb_qualified_link;ct:story;\" class=\"link  yahoo-link\" target=\"_blank\" rel=\"noopener\">Cl\u00e9ment Beaune<\/a> en passant par Gilles Le\u00a0Gendre, pr\u00e9f\u00e9reraient un candidat issu de leur parti politique.<\/p>\n<p class=\"mb-4 text-lg md:leading-8 break-words\">L\u2019ancien d\u00e9put\u00e9 Pierre-Yves Bournazel, membre d\u2019Horizons et proche d\u2019\u00c9douard Philippe, assure qu\u2019il sera candidat co\u00fbte que co\u00fbte. Lui qui fut pourtant, dans une autre vie, conseiller de Rachida Dati au minist\u00e8re de la Justice.<\/p>\n<p>Les pr\u00e9mices d\u2019une union \u00e0 gauche<\/p>\n<p class=\"mb-4 text-lg md:leading-8 break-words\">\u00c0 gauche, le brouillard pr\u00e9domine. En l\u2019\u00e9tat actuel des choses, Emmanuel Gr\u00e9goire (PS), <a href=\"https:\/\/fr.news.yahoo.com\/david-belliard-choisi-%C3%A9colos-candidat-201510018.html\" data-ylk=\"slk:David Belliard;elm:context_link;itc:0;sec:content-canvas;outcm:mb_qualified_link;_E:mb_qualified_link;ct:story;\" class=\"link  yahoo-link\" target=\"_blank\" rel=\"noopener\">David Belliard<\/a> (Les \u00c9cologistes) et <a href=\"https:\/\/www.huffingtonpost.fr\/politique\/article\/ian-brossat-s-explique-apres-sa-replique-polemique-a-rachida-dati_187780.html\" rel=\"nofollow noopener\" target=\"_blank\" data-ylk=\"slk:Ian Brossat;elm:context_link;itc:0;sec:content-canvas\" class=\"link \">Ian Brossat<\/a> (PCF) sont candidats. Mais des discussions doivent avoir lieu en cette rentr\u00e9e pour parvenir (ou non) \u00e0 une union d\u00e8s le premier tour. Le communiste, ex-adjoint au Logement d\u2019Anne Hidalgo, r\u00e9p\u00e8te que c\u2019est n\u00e9cessaire pour que Paris reste \u00e0 gauche. Une r\u00e9union devait avoir lieu d\u00e9but juillet, elle a finalement \u00e9t\u00e9 repouss\u00e9e au retour des vacances. \u00ab\u00a0Tous ces gens se connaissent tr\u00e8s bien et ne cessent de se voir et de se parler, tente de minimiser un proche de David Belliard aupr\u00e8s du HuffPost. Il ne faut pas donner \u00e0 cette rencontre plus d\u2019importance que n\u00e9cessaire\u00a0\u00bb.<\/p>\n<p class=\"mb-4 text-lg md:leading-8 break-words\">Depuis 2001, et la premi\u00e8re victoire de Bertrand Delano\u00eb, le PS a toujours fait l\u2019union avec le PCF au premier tour, rejoints au second par les Verts. Mais la possibilit\u00e9 de victoire de Rachida Dati oblige une partie de la gauche \u00e0 revoir ses plans. Du c\u00f4t\u00e9 de La France insoumise, aucun candidat n\u2019est encore officiellement d\u00e9sign\u00e9, mais <a href=\"https:\/\/fr.news.yahoo.com\/d%C3%A9put%C3%A9e-lfi-sophia-chikirou-r%C3%A9fute-090810774.html\" data-ylk=\"slk:Sophia Chikirou;elm:context_link;itc:0;sec:content-canvas;outcm:mb_qualified_link;_E:mb_qualified_link;ct:story;\" class=\"link  yahoo-link\" target=\"_blank\" rel=\"noopener\">Sophia Chikirou<\/a> tient la corde pour \u00eatre intronis\u00e9e.<\/p>\n<p>Un retour de l\u2019extr\u00eame droite\u00a0?<\/p>\n<p class=\"mb-4 text-lg md:leading-8 break-words\">La d\u00e9put\u00e9e de l\u2019Est Parisien est cr\u00e9dit\u00e9e jusqu\u2019\u00e0 17\u00a0% d\u2019intentions de vote, ce qui pourrait lui permettre de faire entrer de nombreux insoumis \u00e0 l\u2019H\u00f4tel de Ville\u2026 Mais surtout de monnayer un \u00e9ventuel ralliement au reste de la gauche au second tour. David Belliard plaide d\u2019ailleurs pour que toutes les forces de gauche et \u00e9cologistes se parlent, contrairement \u00e0 Emmanuel Gr\u00e9goire qui ne veut pas entendre parler d\u2019accord avec LFI, \u00ab\u00a0ni au premier, ni au second tour\u00a0\u00bb.<\/p>\n<p class=\"mb-4 text-lg md:leading-8 break-words\">\u00c0 l\u2019extr\u00eame droite, Thierry Mariani (Rassemblement national) et <a href=\"https:\/\/fr.news.yahoo.com\/sarah-knafo-questionne-st%C3%A9phane-s%C3%A9journ%C3%A9-205318590.html\" data-ylk=\"slk:Sarah Knafo;elm:context_link;itc:0;sec:content-canvas;outcm:mb_qualified_link;_E:mb_qualified_link;ct:story;\" class=\"link  yahoo-link\" target=\"_blank\" rel=\"noopener\">Sarah Knafo<\/a> (Reconqu\u00eate) devraient \u00eatre sur la ligne de d\u00e9part, bien qu\u2019ils n\u2019aient tous les deux aucune chance de l\u2019emporter. Leur objectif est ailleurs\u00a0: grappiller un ou deux si\u00e8ges au Conseil de Paris (le seuil est fix\u00e9 \u00e0 10\u00a0% des voix). Tout un symbole pour une famille politique qui n\u2019y si\u00e8ge plus depuis plus de trente ans. Dans les ann\u00e9es 1980, un certain Jean-Marie Le\u00a0Pen a d\u2019ailleurs \u00e9t\u00e9 conseiller de Paris. Une autre \u00e9poque.<\/p>\n<p class=\"mb-4 text-lg md:leading-8 break-words\"><a href=\"https:\/\/fr.news.yahoo.com\/apr%C3%A8s-10-septembre-journ%C3%A9e-gr%C3%A8ve-091547027.html\" data-ylk=\"slk:Apr\u00e8s le 10\u00a0septembre, une journ\u00e9e de gr\u00e8ve le 18\u00a0septembre annonc\u00e9e par les syndicats;elm:context_link;itc:0;sec:content-canvas;outcm:mb_qualified_link;_E:mb_qualified_link;ct:story;\" class=\"link  yahoo-link\" target=\"_blank\" rel=\"noopener\"> Apr\u00e8s le 10\u00a0septembre, une journ\u00e9e de gr\u00e8ve le 18\u00a0septembre annonc\u00e9e par les syndicats <\/a><\/p>\n<p class=\"mb-4 text-lg md:leading-8 break-words\"><a href=\"https:\/\/fr.news.yahoo.com\/pr%C3%A9fet-part-vacances-voiture-fonction-205302749.html\" data-ylk=\"slk:Un pr\u00e9fet part en vacances en voiture de fonction, la CGT lui rappelle le contexte d\u2019\u00e9conomie budg\u00e9taire;elm:context_link;itc:0;sec:content-canvas;outcm:mb_qualified_link;_E:mb_qualified_link;ct:story;\" class=\"link  yahoo-link\" target=\"_blank\" rel=\"noopener\"> Un pr\u00e9fet part en vacances en voiture de fonction, la CGT lui rappelle le contexte d\u2019\u00e9conomie budg\u00e9taire <\/a><\/p>\n","protected":false},"excerpt":{"rendered":"POLITIQUE &#8211; Une officialisation en forme d\u2019\u00e9vidence\u00a0: Les R\u00e9publicains soutiendront bel et bien Rachida Dati aux \u00e9lections municipales&hellip;\n","protected":false},"author":2,"featured_media":353475,"comment_status":"","ping_status":"","sticky":false,"template":"","format":"standard","meta":{"footnotes":""},"categories":[1888],"tags":[1111,1928,11,1927,2618,30253,4188,1777,674,1011,27,2381,12,1926,626,1925,417,25],"class_list":{"0":"post-353474","1":"post","2":"type-post","3":"status-publish","4":"format-standard","5":"has-post-thumbnail","7":"category-paris","8":"tag-actu","9":"tag-actu-paris","10":"tag-actualites","11":"tag-actualites-paris","12":"tag-anne-hidalgo","13":"tag-david-belliard","14":"tag-elections-municipales","15":"tag-eu","16":"tag-europe","17":"tag-fr","18":"tag-france","19":"tag-mairie-de-paris","20":"tag-news","21":"tag-news-paris","22":"tag-paris","23":"tag-paris-news","24":"tag-rachida-dati","25":"tag-republique-francaise"},"share_on_mastodon":{"url":"https:\/\/pubeurope.com\/@fr\/115115223000883224","error":""},"_links":{"self":[{"href":"https:\/\/www.europesays.com\/fr\/wp-json\/wp\/v2\/posts\/353474","targetHints":{"allow":["GET"]}}],"collection":[{"href":"https:\/\/www.europesays.com\/fr\/wp-json\/wp\/v2\/posts"}],"about":[{"href":"https:\/\/www.europesays.com\/fr\/wp-json\/wp\/v2\/types\/post"}],"author":[{"embeddable":true,"href":"https:\/\/www.europesays.com\/fr\/wp-json\/wp\/v2\/users\/2"}],"replies":[{"embeddable":true,"href":"https:\/\/www.europesays.com\/fr\/wp-json\/wp\/v2\/comments?post=353474"}],"version-history":[{"count":0,"href":"https:\/\/www.europesays.com\/fr\/wp-json\/wp\/v2\/posts\/353474\/revisions"}],"wp:featuredmedia":[{"embeddable":true,"href":"https:\/\/www.europesays.com\/fr\/wp-json\/wp\/v2\/media\/353475"}],"wp:attachment":[{"href":"https:\/\/www.europesays.com\/fr\/wp-json\/wp\/v2\/media?parent=353474"}],"wp:term":[{"taxonomy":"category","embeddable":true,"href":"https:\/\/www.europesays.com\/fr\/wp-json\/wp\/v2\/categories?post=353474"},{"taxonomy":"post_tag","embeddable":true,"href":"https:\/\/www.europesays.com\/fr\/wp-json\/wp\/v2\/tags?post=353474"}],"curies":[{"name":"wp","href":"https:\/\/api.w.org\/{rel}","templated":true}]}}