{"id":353480,"date":"2025-08-30T01:56:12","date_gmt":"2025-08-30T01:56:12","guid":{"rendered":"https:\/\/www.europesays.com\/fr\/353480\/"},"modified":"2025-08-30T01:56:12","modified_gmt":"2025-08-30T01:56:12","slug":"bd-rouslan-sidiki-anarchiste-et-partisan-condamne-a-29-ans-de-prison-en-russie-05-%f0%9f%94%b4-info-libertaire","status":"publish","type":"post","link":"https:\/\/www.europesays.com\/fr\/353480\/","title":{"rendered":"[BD] Rouslan Sidiki \u2013 Anarchiste et partisan, condamn\u00e9 \u00e0 29 ans de prison en Russie [05] \u2013 \ud83d\udd34 Info Libertaire"},"content":{"rendered":"<p>TORTURE<\/p>\n<p>L\u2019explosion a eu lieu le 11 novembre 2023 et j\u2019ai \u00e9t\u00e9 arr\u00eat\u00e9 le 29.<\/p>\n<p>Les tch\u00e9kistes m\u2019ont dit qu\u2019ils n\u2019avaient pas r\u00e9ussi \u00e0 d\u00e9terminer comment je suis arriv\u00e9 sur le lieu du sabotage.<\/p>\n<p>Le t\u00e9l\u00e9phone de campagne Ta-57 (appel\u00e9 commun\u00e9ment Tapik ) leur a servi d\u2019appareil de torture. Ils ont attach\u00e9 des c\u00e2bles \u00e9lectriques \u00e0 mes jambes et quand l\u2019un d\u2019eux ordonnait de lancer l\u2019appel, ils commen\u00e7aient la torture \u00e0 l\u2019\u00e9lectricit\u00e9.<\/p>\n<p><\/p>\n<p>Le lendemain matin, des gens masqu\u00e9s m\u2019ont repris et ont commenc\u00e9 \u00e0 me frapper dans la foul\u00e9e et \u00e0 me torturer \u00e0 l\u2019aide d\u2019un Taser. <\/p>\n<p>Le Taser n\u2019a rien de flippant, mais il crame les tissus des fringues en laissant des traces de br\u00fblure sur le corps. Ils ont m\u00eame br\u00fbl\u00e9 une partie de mon tatouage sur l\u2019\u00e9paule.<\/p>\n<p>Dans ce cas pr\u00e9cis, un \u00e9v\u00e9nement extraordinaire s\u2019est produit. Apr\u00e8s les tortures subies au poste de police, Rouslan a \u00e9t\u00e9 emmen\u00e9 en prison, o\u00f9 le m\u00e9decin traitant a document\u00e9 les blessures. L\u2019avocat demande \u2013 et se voit g\u00e9n\u00e9ralement refuser \u2013 un rapport m\u00e9dical.<\/p>\n<p>Dans le cas de Rouslan, l\u2019administration p\u00e9nitentiaire commet une \u00ab \u00aderreur \u00bb et d\u00e9livre le document. Cela pourrait avoir son importance.<\/p>\n<p>Pour une fois, les autorit\u00e9s elles-m\u00eames reconnaissent les blessures. Il est difficile de dire s\u2019il s\u2019agit d\u2019une question d\u2019incomp\u00e9tence ou d\u2019un geste de d\u00e9fiance de l\u2019int\u00e9rieur du syst\u00e8me.<\/p>\n<p>\u00ab Le seul espoir pour Rouslan est de faire conna\u00eetre son cas. Cela le prot\u00e9gera de nouvelles tortures et, peut-\u00eatre, un jour, il pourra \u00eatre inscrit sur la liste des prisonniers de guerre \u00e0 \u00e9changer \u00bb, explique son avocat.<\/p>\n<p>PROC\u00c8S<\/p>\n<p><strong>La d\u00e9claration finale de Sidiki devant la cour<\/strong><\/p>\n<p> Je regrette que mes actions aient mis en danger [Alexander] Bogatyrev, [Sergey] Tarabukin et [Dmitry] Unshakov. Ils n\u2019\u00e9taient pas mes cibles et je suis heureux qu\u2019aucun pr\u00e9judice grave ne leur soit arriv\u00e9.<\/p>\n<p>Mon objectif \u00e9tait le mat\u00e9riel militaire russe, ainsi que les cha\u00eenes logistiques utilis\u00e9es pour transporter celui-ci et le carburant. Je voulais compliquer les op\u00e9rations de combat contre l\u2019Ukraine.<\/p>\n<p>Bien s\u00fbr, toute explosion ou nouvelle sur des sabotages peut effrayer des gens. Mais c\u2019est le cas aussi pour les survols de missiles et de d\u00e9but d\u2019op\u00e9rations militaires \u2013 ils sont destin\u00e9s eux aussi \u00e0 terroriser les populations civiles.<\/p>\n<p>J\u2019ai d\u00e9clar\u00e9 \u00e0 plusieurs reprises que je n\u2019avais pas l\u2019intention d\u2019intimider d\u00e9lib\u00e9r\u00e9ment qui que ce soit. J\u2019ai moi-m\u00eame choisi mes cibles. J\u2019ai attaqu\u00e9 la zone de stationnement des avions militaires pour d\u00e9truire des avions de combat. J\u2019ai fait sauter la ligne ferroviaire pour la mettre hors d\u2019usage, apr\u00e8s avoir confirm\u00e9 que des transports militaires l\u2019utilisaient.<\/p>\n<p>Je me suis assur\u00e9 qu\u2019aucun train de voyageurs ne circulait sur la voie que j\u2019ai sabot\u00e9e et j\u2019ai maintenu un contact visuel pour confirmer cela. Si je ne me souciais pas de la vie humaine, j\u2019aurais pu faire d\u00e9railler un train sans \u00eatre physiquement pr\u00e9sent.<\/p>\n<p>Je n\u2019ai rien \u00e0 voir avec la tentative suppos\u00e9e de fabriquer un nouvel engin explosif ou de faire sauter un autre train. Apr\u00e8s l\u2019explosion du 11 novembre 2023, j\u2019ai su que la s\u00e9curit\u00e9 allait \u00eatre resserr\u00e9e. De plus, j\u2019avais de nombreux probl\u00e8mes personnels.<\/p>\n<p>Je n\u2019ai aucune rancune \u00e0 l\u2019encontre du peuple de Russie. Depuis [20]14, j\u2019ai des d\u00e9saccords sur ce qui se passe, mais ce n\u2019est pas une raison pour ha\u00efr qui que ce soit.<\/p>\n<p>Quand les moyens pacifiques d\u2019influencer les d\u00e9cisions du gouvernement ne sont pas disponibles et la dissidence est criminalis\u00e9e, certaines personnes \u00e9migrent, tandis que d\u2019autres agissent. Peu importe la gravit\u00e9 du crime, la torture pendant un interrogatoire est inacceptable dans un \u00c9tat de droit. \u00c9lectrocuter et frapper une personne arr\u00eat\u00e9e est quelque chose d\u2019abject. La responsabilit\u00e9 incombe non seulement \u00e0 ceux qui commettent de tels actes, mais aussi \u00e0 ceux qui savent et ne font rien. <\/p>\n<p>Et, pour finir, je lirai une strophe de Nestor Makhno :<\/p>\n<p>M\u00eame si, maintenant, ils nous enterrent,<\/p>\n<p>Notre v\u00e9rit\u00e9 ne sera pas balay\u00e9e.<\/p>\n<p>Elle surgira quand le moment viendra,<\/p>\n<p>Et elle gagnera \u2013 je crois en ce jour ! <\/p>\n<p>Sources :<\/p>\n<p> <a href=\"https:\/\/danslabrume.noblogs.org\/post\/2025\/03\/11\/rouslan-sidiki-raconte\/\" class=\"spip_out\" rel=\"external nofollow noopener\" target=\"_blank\">Rouslan Sidiki raconte comment il a fait d\u00e9railler un train et attaqu\u00e9 un a\u00e9roport militaire<\/a><\/p>\n<p> <a href=\"http:\/\/www.furfur.me\/furfur\/freedom\/freedom\/218979-new_path\" class=\"spip_out\" rel=\"external nofollow noopener\" target=\"_blank\">Enqu\u00eate sur Nouvelle voie<\/a><\/p>\n<p> <a href=\"https:\/\/attaque.noblogs.org\/post\/2025\/05\/25\/riazan-russie-lanarchiste-ruslan-sidiki-condamne-a-29-ans\/\" class=\"spip_out\" rel=\"external nofollow noopener\" target=\"_blank\">D\u00e9claration finale de Sidiki<\/a><\/p>\n<p> <a href=\"https:\/\/sotavision.world\/etot-srok-suchestvyet-poka-zhiv-ya-ili-zhivo-gosudarstvo\/\" class=\"spip_out\" rel=\"external nofollow noopener\" target=\"_blank\">ITV Sota Vision<\/a><\/p>\n<p> <a href=\"https:\/\/desk-russie.eu\/2025\/05\/29\/lourde-peine-pour-un-resistant-russe.html\" class=\"spip_out\" rel=\"external nofollow noopener\" target=\"_blank\">Desk Russie<\/a><\/p>\n","protected":false},"excerpt":{"rendered":"TORTURE L\u2019explosion a eu lieu le 11 novembre 2023 et j\u2019ai \u00e9t\u00e9 arr\u00eat\u00e9 le 29. Les tch\u00e9kistes m\u2019ont&hellip;\n","protected":false},"author":2,"featured_media":353481,"comment_status":"","ping_status":"","sticky":false,"template":"","format":"standard","meta":{"footnotes":""},"categories":[1591],"tags":[11,1887,12,1885,1886,132],"class_list":{"0":"post-353480","1":"post","2":"type-post","3":"status-publish","4":"format-standard","5":"has-post-thumbnail","7":"category-russie","8":"tag-actualites","9":"tag-federation-de-russie","10":"tag-news","11":"tag-russia","12":"tag-russian-federation","13":"tag-russie"},"share_on_mastodon":{"url":"https:\/\/pubeurope.com\/@fr\/115115234636779626","error":""},"_links":{"self":[{"href":"https:\/\/www.europesays.com\/fr\/wp-json\/wp\/v2\/posts\/353480","targetHints":{"allow":["GET"]}}],"collection":[{"href":"https:\/\/www.europesays.com\/fr\/wp-json\/wp\/v2\/posts"}],"about":[{"href":"https:\/\/www.europesays.com\/fr\/wp-json\/wp\/v2\/types\/post"}],"author":[{"embeddable":true,"href":"https:\/\/www.europesays.com\/fr\/wp-json\/wp\/v2\/users\/2"}],"replies":[{"embeddable":true,"href":"https:\/\/www.europesays.com\/fr\/wp-json\/wp\/v2\/comments?post=353480"}],"version-history":[{"count":0,"href":"https:\/\/www.europesays.com\/fr\/wp-json\/wp\/v2\/posts\/353480\/revisions"}],"wp:featuredmedia":[{"embeddable":true,"href":"https:\/\/www.europesays.com\/fr\/wp-json\/wp\/v2\/media\/353481"}],"wp:attachment":[{"href":"https:\/\/www.europesays.com\/fr\/wp-json\/wp\/v2\/media?parent=353480"}],"wp:term":[{"taxonomy":"category","embeddable":true,"href":"https:\/\/www.europesays.com\/fr\/wp-json\/wp\/v2\/categories?post=353480"},{"taxonomy":"post_tag","embeddable":true,"href":"https:\/\/www.europesays.com\/fr\/wp-json\/wp\/v2\/tags?post=353480"}],"curies":[{"name":"wp","href":"https:\/\/api.w.org\/{rel}","templated":true}]}}