{"id":353482,"date":"2025-08-30T01:57:11","date_gmt":"2025-08-30T01:57:11","guid":{"rendered":"https:\/\/www.europesays.com\/fr\/353482\/"},"modified":"2025-08-30T01:57:11","modified_gmt":"2025-08-30T01:57:11","slug":"kiev-seme-le-chaos-dans-les-raffineries-russes","status":"publish","type":"post","link":"https:\/\/www.europesays.com\/fr\/353482\/","title":{"rendered":"Kiev s\u00e8me le chaos dans les raffineries russes"},"content":{"rendered":"<p>Et deux de plus. Dans la nuit de mercredi \u00e0 jeudi 28\u00a0ao\u00fbt, des drones ukrainiens emportant des dizaines de kilos d\u2019explosifs se sont \u00e9cras\u00e9s sur les raffineries de p\u00e9trole russes d\u2019Afipsky, dans les r\u00e9gions m\u00e9ridionales de Krasnodar, et de Kuibyshev, dans la r\u00e9gion de Samara. Au total, ce sont au moins dix raffineries russes qui ont \u00e9t\u00e9 ainsi endommag\u00e9es par des drones ukrainiens Kiev au cours des derni\u00e8res semaines. Des d\u00e9p\u00f4ts de carburant et de munitions et des centres logistiques russes ont aussi \u00e9t\u00e9 touch\u00e9s.<\/p>\n<p>Cet article est r\u00e9serv\u00e9 aux abonn\u00e9s<\/p>\n<p>\n                    Vous souhaitez lire la suite\u00a0? Abonnez-vous sans engagement \u00e0 notre offre num\u00e9rique\n                <\/p>\n<p>                <a href=\"https:\/\/www.la-croix.com\/abonnement\" class=\"default-paywall__subscribe-button\" data-tracking=\"cta_click\" data-tracking-action=\"voir la page abonnement\" data-tracking-category=\"abonnement\" rel=\"nofollow noopener\" target=\"_blank\">Je m&rsquo;abonne<\/a><\/p>\n","protected":false},"excerpt":{"rendered":"Et deux de plus. Dans la nuit de mercredi \u00e0 jeudi 28\u00a0ao\u00fbt, des drones ukrainiens emportant des dizaines&hellip;\n","protected":false},"author":2,"featured_media":353483,"comment_status":"","ping_status":"","sticky":false,"template":"","format":"standard","meta":{"footnotes":""},"categories":[1590],"tags":[11,1777,674,12,220],"class_list":{"0":"post-353482","1":"post","2":"type-post","3":"status-publish","4":"format-standard","5":"has-post-thumbnail","7":"category-ukraine","8":"tag-actualites","9":"tag-eu","10":"tag-europe","11":"tag-news","12":"tag-ukraine"},"share_on_mastodon":{"url":"https:\/\/pubeurope.com\/@fr\/115115238570834226","error":""},"_links":{"self":[{"href":"https:\/\/www.europesays.com\/fr\/wp-json\/wp\/v2\/posts\/353482","targetHints":{"allow":["GET"]}}],"collection":[{"href":"https:\/\/www.europesays.com\/fr\/wp-json\/wp\/v2\/posts"}],"about":[{"href":"https:\/\/www.europesays.com\/fr\/wp-json\/wp\/v2\/types\/post"}],"author":[{"embeddable":true,"href":"https:\/\/www.europesays.com\/fr\/wp-json\/wp\/v2\/users\/2"}],"replies":[{"embeddable":true,"href":"https:\/\/www.europesays.com\/fr\/wp-json\/wp\/v2\/comments?post=353482"}],"version-history":[{"count":0,"href":"https:\/\/www.europesays.com\/fr\/wp-json\/wp\/v2\/posts\/353482\/revisions"}],"wp:featuredmedia":[{"embeddable":true,"href":"https:\/\/www.europesays.com\/fr\/wp-json\/wp\/v2\/media\/353483"}],"wp:attachment":[{"href":"https:\/\/www.europesays.com\/fr\/wp-json\/wp\/v2\/media?parent=353482"}],"wp:term":[{"taxonomy":"category","embeddable":true,"href":"https:\/\/www.europesays.com\/fr\/wp-json\/wp\/v2\/categories?post=353482"},{"taxonomy":"post_tag","embeddable":true,"href":"https:\/\/www.europesays.com\/fr\/wp-json\/wp\/v2\/tags?post=353482"}],"curies":[{"name":"wp","href":"https:\/\/api.w.org\/{rel}","templated":true}]}}