{"id":353484,"date":"2025-08-30T01:58:11","date_gmt":"2025-08-30T01:58:11","guid":{"rendered":"https:\/\/www.europesays.com\/fr\/353484\/"},"modified":"2025-08-30T01:58:11","modified_gmt":"2025-08-30T01:58:11","slug":"internationaux-des-etats-unis-fernandez-sincline-en-deux-manches-devant-sabalenka","status":"publish","type":"post","link":"https:\/\/www.europesays.com\/fr\/353484\/","title":{"rendered":"Internationaux des \u00c9tats-Unis | Fernandez s\u2019incline en deux manches devant Sabalenka"},"content":{"rendered":"<p class=\"lead textModule textModule--type-lead \" style=\"\">(New\u00a0York) La Qu\u00e9b\u00e9coise Leylah Fernandez a vu sa route se terminer au troisi\u00e8me tour des Internationaux des \u00c9tats-Unis, vendredi, alors que la favorite et no\u00a01 mondiale, Aryna Sabalenka, s\u2019est impos\u00e9e 6-3 et 7-6 (2). <\/p>\n<p>                    Publi\u00e9 \u00e0 21\u00a0h\u00a011<\/p>\n<p>    <a class=\"print\" href=\"https:\/\/www.lapresse.ca\/sports\/tennis\/2025-08-29\/internationaux-des-etats-unis\/javascript:window.print();\" title=\"Imprimer la page\" rel=\"nofollow noopener\" target=\"_blank\"><\/p>\n<p>        <img loading=\"lazy\" decoding=\"async\" width=\"16\" height=\"18\" src=\"https:\/\/www.europesays.com\/fr\/wp-content\/uploads\/2025\/04\/share-icon.png\" alt=\"Partager\"\/><\/p>\n<p class=\"paragraph textModule textModule--type-paragraph \" style=\"\">T\u00eate de s\u00e9rie num\u00e9ro\u00a031, Fernandez n\u2019a pas r\u00e9ussi \u00e0 arracher un bris, en cinq occasions. <\/p>\n<p class=\"paragraph textModule textModule--type-paragraph \" style=\"\">Sabalenka a m\u00e9rit\u00e9 le seul bris du match \u00e0 la premi\u00e8re manche, pour une avance de 3-1. <\/p>\n<p class=\"paragraph textModule textModule--type-paragraph \" style=\"\">Il y a quatre ans, Fernandez a pr\u00e9valu en trois manches devant Sabalenka, atteignant ainsi la finale du tournoi new-yorkais. <\/p>\n<p class=\"paragraph textModule textModule--type-paragraph \" style=\"\">Le mois dernier, la Lavalloise de 22\u00a0ans a tout rafl\u00e9 \u00e0 l\u2019Omnium Citi \u00e0 Washington, m\u00e9ritant un quatri\u00e8me titre \u00e0 la WTA. <\/p>\n<p class=\"paragraph textModule textModule--type-paragraph \" style=\"\">C\u2019\u00e9tait la premi\u00e8re fois que la Canadienne jouait au troisi\u00e8me tour \u00e0 New\u00a0York depuis 2021. <\/p>\n<p class=\"epigraph textModule textModule--type-epigraph \" style=\"\">B\u00e9larusse, Sabalenka a \u00e9t\u00e9 la reine de Flushing Meadows l\u2019an dernier, obtenant alors le troisi\u00e8me titre majeur de sa carri\u00e8re. <\/p>\n<p class=\"paragraph textModule textModule--type-paragraph \" style=\"\">Au tour suivant, elle va affronter Cristine Bucsa de l\u2019Espagne, 95e au monde. <\/p>\n<p class=\"paragraph textModule textModule--type-paragraph \" style=\"\">Sabalenka a souvent mis \u00e0 profit son puissant service pour se redresser ou mettre encore plus de pression, contre Fernandez. <\/p>\n<p class=\"paragraph textModule textModule--type-paragraph \" style=\"\">Au neuvi\u00e8me jeu du premier set, son quatri\u00e8me as lui a valu de faire 15-15. Peu apr\u00e8s, elle a scell\u00e9 la premi\u00e8re manche \u00e0 l\u2019aide d\u2019un coup gagnant du revers, logeant la balle en fond de terrain. <\/p>\n<p class=\"paragraph textModule textModule--type-paragraph \" style=\"\">Le tout premier jeu du match a dur\u00e9 11\u00a0minutes. La B\u00e9larusse a sauv\u00e9 trois balles de bris avant de s\u2019en tirer avec une avance de 1-0. <\/p>\n<p class=\"paragraph textModule textModule--type-paragraph \" style=\"\">Sabalenka a ensuite gagn\u00e9 les trois jeux suivants.\u00a0\u00a0<\/p>\n<p class=\"paragraph textModule textModule--type-paragraph \" style=\"\">Au jeu d\u2019apr\u00e8s, un as de la Qu\u00e9b\u00e9coise l\u2019a aid\u00e9e \u00e0 r\u00e9duire la marge \u00e0 4-2, mais sa rivale a ripost\u00e9 en gagnant quatre points de suite, dont un gr\u00e2ce \u00e0 un as. <\/p>\n<p class=\"paragraph textModule textModule--type-paragraph \" style=\"\">Fernandez a bien amorc\u00e9 le deuxi\u00e8me set, o\u00f9 un service sortant lui a rapport\u00e9 le premier jeu. <\/p>\n<p class=\"paragraph textModule textModule--type-paragraph \" style=\"\">Une fois le score\u00a02-2, la Canadienne a bien paru avec une vol\u00e9e qui lui a donn\u00e9 la priorit\u00e9, 3-2. <\/p>\n<p class=\"paragraph textModule textModule--type-paragraph \" style=\"\">Au jeu suivant, Fernandez a r\u00e9ussi un superbe retour en d\u00e9crois\u00e9, obtenant ainsi une balle de bris.\u00a0\u00a0<\/p>\n<p class=\"paragraph textModule textModule--type-paragraph \" style=\"\">L\u2019opportunit\u00e9 s\u2019est toutefois dissip\u00e9e, via un service sortant et une balle envoy\u00e9e dans le filet. <\/p>\n<p class=\"paragraph textModule textModule--type-paragraph \" style=\"\">Au septi\u00e8me jeu, un smash rat\u00e9 de Sabalenka a redonn\u00e9 les devants \u00e0 son adversaire, 4-3.\u00a0\u00a0<\/p>\n<p class=\"paragraph textModule textModule--type-paragraph \" style=\"\">Le public du Stade Louis Armstrong a d\u2019ailleurs exprim\u00e9 son appr\u00e9ciation de la qualit\u00e9 du match, \u00e0 ce moment. <\/p>\n<p class=\"paragraph textModule textModule--type-paragraph \" style=\"\">Sabalenka a encore nivel\u00e9 mais de retour au service, Fernandez a encha\u00een\u00e9 une vol\u00e9e sur la ligne et un service sortant fructueux, prenant l\u2019avance\u00a05-4. <\/p>\n<p class=\"epigraph textModule textModule--type-epigraph \" style=\"\">Lors du 11e\u00a0jeu, Fernandez a sign\u00e9 une autre vol\u00e9e de haut calibre, puis son cinqui\u00e8me as l\u2019a amen\u00e9e \u00e0 un jeu de cr\u00e9er l\u2019impasse \u00e0 un set de chaque c\u00f4t\u00e9. <\/p>\n<p class=\"paragraph textModule textModule--type-paragraph \" style=\"\">Sabalenka a toutefois \u00e9gal\u00e9, menant au bris d\u2019impasse. Dans celui-ci, la Qu\u00e9b\u00e9coise a brill\u00e9 avec un coup droit en d\u00e9crois\u00e9 (au vol), pour 1-1.<\/p>\n<p class=\"paragraph textModule textModule--type-paragraph \" style=\"\">Les choses se sont toutefois g\u00e2t\u00e9es pour Fernandez par la suite, notamment une double faute de sa part et un as de sa rivale.<\/p>\n<p class=\"paragraph textModule textModule--type-paragraph \" style=\"\">Sabalenka a concr\u00e9tis\u00e9 sa victoire avec un passing sur la ligne de fond, apr\u00e8s une lutte d\u2019une heure et 40\u00a0minutes.<\/p>\n<p class=\"paragraph textModule textModule--type-paragraph \" style=\"\">Samedi, au deuxi\u00e8me tour du double, Fernandez et Venus Williams vont se mesurer \u00e0 Eri Hozumi, du Japon, et Ulrikke Eikeri, de la Norv\u00e8ge.<\/p>\n","protected":false},"excerpt":{"rendered":"(New\u00a0York) La Qu\u00e9b\u00e9coise Leylah Fernandez a vu sa route se terminer au troisi\u00e8me tour des Internationaux des \u00c9tats-Unis,&hellip;\n","protected":false},"author":2,"featured_media":353485,"comment_status":"","ping_status":"","sticky":false,"template":"","format":"standard","meta":{"footnotes":""},"categories":[1589],"tags":[11,73,1866,12,1864,1865,1863,308],"class_list":{"0":"post-353484","1":"post","2":"type-post","3":"status-publish","4":"format-standard","5":"has-post-thumbnail","7":"category-etats-unis","8":"tag-actualites","9":"tag-etats-unis","10":"tag-etats-unis-damerique","11":"tag-news","12":"tag-united-states","13":"tag-united-states-of-america","14":"tag-us","15":"tag-usa"},"share_on_mastodon":{"url":"https:\/\/pubeurope.com\/@fr\/115115242857605698","error":""},"_links":{"self":[{"href":"https:\/\/www.europesays.com\/fr\/wp-json\/wp\/v2\/posts\/353484","targetHints":{"allow":["GET"]}}],"collection":[{"href":"https:\/\/www.europesays.com\/fr\/wp-json\/wp\/v2\/posts"}],"about":[{"href":"https:\/\/www.europesays.com\/fr\/wp-json\/wp\/v2\/types\/post"}],"author":[{"embeddable":true,"href":"https:\/\/www.europesays.com\/fr\/wp-json\/wp\/v2\/users\/2"}],"replies":[{"embeddable":true,"href":"https:\/\/www.europesays.com\/fr\/wp-json\/wp\/v2\/comments?post=353484"}],"version-history":[{"count":0,"href":"https:\/\/www.europesays.com\/fr\/wp-json\/wp\/v2\/posts\/353484\/revisions"}],"wp:featuredmedia":[{"embeddable":true,"href":"https:\/\/www.europesays.com\/fr\/wp-json\/wp\/v2\/media\/353485"}],"wp:attachment":[{"href":"https:\/\/www.europesays.com\/fr\/wp-json\/wp\/v2\/media?parent=353484"}],"wp:term":[{"taxonomy":"category","embeddable":true,"href":"https:\/\/www.europesays.com\/fr\/wp-json\/wp\/v2\/categories?post=353484"},{"taxonomy":"post_tag","embeddable":true,"href":"https:\/\/www.europesays.com\/fr\/wp-json\/wp\/v2\/tags?post=353484"}],"curies":[{"name":"wp","href":"https:\/\/api.w.org\/{rel}","templated":true}]}}