{"id":353486,"date":"2025-08-30T01:59:10","date_gmt":"2025-08-30T01:59:10","guid":{"rendered":"https:\/\/www.europesays.com\/fr\/353486\/"},"modified":"2025-08-30T01:59:10","modified_gmt":"2025-08-30T01:59:10","slug":"des-manifestations-contre-les-droits-citoyens-mais-arretez-lanarchisme","status":"publish","type":"post","link":"https:\/\/www.europesays.com\/fr\/353486\/","title":{"rendered":"Des manifestations contre les droits citoyens, mais arr\u00eatez l&rsquo;anarchisme!"},"content":{"rendered":"<p class=\"p1\">ARTA &#8211; L\u2019action de masse se transforme d\u00e9sormais en amusant \u00e0 br\u00fbler et endommager les installations publiques. La manifestation, qui \u00e9tait \u00e0 l\u2019origine la subvention de la RPD jusqu\u2019\u00e0 la mort d\u2019Affan Kurniawan parce qu\u2019il \u00e9tait balay\u00e9 par un v\u00e9hicule tactique Brimob, s\u2019est d\u00e9plac\u00e9e en col\u00e8re contre les installations publiques.<\/p>\n<p class=\"p1\">indu Mahasabha (MUI) exhorte le public \u00e0 arr\u00eater les manifestations anarchistes pour causer des d\u00e9g\u00e2ts et des troubles au public.<\/p>\n<p class=\"p1\">Masduki Baidlowi, responsable de l\u2019information et de la communication du Conseil de direction de l\u2019IUE, a appel\u00e9 les manifestants qui sont toujours sur le terrain \u00e0 retourner chez eux.<\/p>\n<p class=\"p1\">ronyme : \u00ab Les rassemblements sont un droit des citoyens, mais quand cela a caus\u00e9 des dommages, des troubles et des difficult\u00e9s au public, je pense qu\u2019il devrait \u00eatre arr\u00eat\u00e9, donc nous appelons \u00e9galement les manifestants \u00e0 retourner chez eux et \u00e0 ne pas causer de probl\u00e8mes \u00e0 d\u2019autres communaut\u00e9s \u00bb, a-t-il d\u00e9clar\u00e9, vendredi 29 ao\u00fbt.<\/p>\n<p class=\"p1\">il, selon lui, les manifestations qui provoquent des \u00e9meutes affecteront \u00e9galement les activit\u00e9s quotidiennes de la communaut\u00e9, en particulier pour les communaut\u00e9s moyennes et inf\u00e9rieures qui ont encore besoin de la vie.<\/p>\n<p class=\"p1\">\u00bb \u00ab Et c\u2019est important pour la communaut\u00e9 (\u00e0 la recherche de la vie), en particulier pour la communaut\u00e9 en dessous, donc s\u2019il vous pla\u00eet, les rassemblements, ne causent pas de travaux d\u2019emploi et de dommages, c\u2019est un appel du MUI \u00bb, a-t-il d\u00e9clar\u00e9.<\/p>\n<p class=\"p1\">fk, 10e et 12e vice-pr\u00e9sident de la R\u00e9publique d\u2019Indon\u00e9sie, Yusuf Kalla, alias JK, a invit\u00e9 toutes les parties \u00e0 s\u2019abstenir et \u00e0 maintenir des conditions s\u00fbres et sous contr\u00f4le.<\/p>\n<p class=\"p1\">k a \u00e9galement exprim\u00e9 ses condol\u00e9ances pour le d\u00e9c\u00e8s du chauffeur d\u2019Ojek en ligne (ojek en ligne \/ojol) Affan Kurniawan lors d\u2019un rassemblement \u00e0 Jakarta jeudi (28\/8) soir.<\/p>\n<p class=\"p1\">al Al Jazeera a d\u00e9clar\u00e9 : \u00ab Dans les circonstances d\u2019aujourd\u2019hui, nous exprimons bien s\u00fbr nos profondes condol\u00e9ances \u00e0 la mort d\u2019Affan Kurniawan \u00bb, a d\u00e9clar\u00e9 JK.<\/p>\n<p class=\"p1\">k a \u00e9galement demand\u00e9 \u00e0 la police de proc\u00e9der et de s\u00e9vir contre les membres impliqu\u00e9s dans l\u2019incident ou ceux qui ont caus\u00e9 la mort d\u2019Affan Kurniawan.<\/p>\n<p class=\"p1\">al. \u00ab J\u2019esp\u00e8re que cela pourra bien \u00eatre transmis que tous les coupables doivent \u00eatre pris en charge par des actions appropri\u00e9es et dures \u00bb, a-t-il d\u00e9clar\u00e9.<\/p>\n<p class=\"p1\">k invite toute la communaut\u00e9 \u00e0 s\u2019abstenir de faire face \u00e0 la situation actuelle. La raison en est que s\u2019il s\u2019\u00e9tend, cela aura des cons\u00e9quences directes sur la vie des Indon\u00e9siens.<\/p>\n<p class=\"p1\">\u00ab Si la ville est comme \u00e7a, la vie \u00e9conomique s\u2019arr\u00eatera. Cela peut avoir de longues cons\u00e9quences \u00bb, a-t-il d\u00e9clar\u00e9.<\/p>\n<p>The English, Chinese, Japanese, Arabic, and French versions are automatically generated by the AI. So there may still be inaccuracies in translating, please always see Indonesian as our main language.<br \/>\n                                    (system supported by DigitalSiber.id)<\/p>\n","protected":false},"excerpt":{"rendered":"ARTA &#8211; L\u2019action de masse se transforme d\u00e9sormais en amusant \u00e0 br\u00fbler et endommager les installations publiques. La&hellip;\n","protected":false},"author":2,"featured_media":353487,"comment_status":"","ping_status":"","sticky":false,"template":"","format":"standard","meta":{"footnotes":""},"categories":[1588],"tags":[11,1777,674,48992,12,473,1853,1851,1850,1852],"class_list":{"0":"post-353486","1":"post","2":"type-post","3":"status-publish","4":"format-standard","5":"has-post-thumbnail","7":"category-royaume-uni","8":"tag-actualites","9":"tag-eu","10":"tag-europe","11":"tag-indu-mahasabha-mui-exhorte-le-public-a-arreter-les-manifestations-anarchistes-pour-causer-des-degats-et-des-troubles-au-public","12":"tag-news","13":"tag-royaume-uni","14":"tag-royaume-uni-de-grande-bretagne-et-dirlande-du-nord","15":"tag-uk","16":"tag-united-kingdom","17":"tag-united-kingdom-of-great-britain-and-northern-ireland"},"share_on_mastodon":{"url":"https:\/\/pubeurope.com\/@fr\/115115246463207465","error":""},"_links":{"self":[{"href":"https:\/\/www.europesays.com\/fr\/wp-json\/wp\/v2\/posts\/353486","targetHints":{"allow":["GET"]}}],"collection":[{"href":"https:\/\/www.europesays.com\/fr\/wp-json\/wp\/v2\/posts"}],"about":[{"href":"https:\/\/www.europesays.com\/fr\/wp-json\/wp\/v2\/types\/post"}],"author":[{"embeddable":true,"href":"https:\/\/www.europesays.com\/fr\/wp-json\/wp\/v2\/users\/2"}],"replies":[{"embeddable":true,"href":"https:\/\/www.europesays.com\/fr\/wp-json\/wp\/v2\/comments?post=353486"}],"version-history":[{"count":0,"href":"https:\/\/www.europesays.com\/fr\/wp-json\/wp\/v2\/posts\/353486\/revisions"}],"wp:featuredmedia":[{"embeddable":true,"href":"https:\/\/www.europesays.com\/fr\/wp-json\/wp\/v2\/media\/353487"}],"wp:attachment":[{"href":"https:\/\/www.europesays.com\/fr\/wp-json\/wp\/v2\/media?parent=353486"}],"wp:term":[{"taxonomy":"category","embeddable":true,"href":"https:\/\/www.europesays.com\/fr\/wp-json\/wp\/v2\/categories?post=353486"},{"taxonomy":"post_tag","embeddable":true,"href":"https:\/\/www.europesays.com\/fr\/wp-json\/wp\/v2\/tags?post=353486"}],"curies":[{"name":"wp","href":"https:\/\/api.w.org\/{rel}","templated":true}]}}