{"id":353488,"date":"2025-08-30T02:00:14","date_gmt":"2025-08-30T02:00:14","guid":{"rendered":"https:\/\/www.europesays.com\/fr\/353488\/"},"modified":"2025-08-30T02:00:14","modified_gmt":"2025-08-30T02:00:14","slug":"allemagne-une-figure-neonazie-relance-le-debat-sur-le-changement-de-genre","status":"publish","type":"post","link":"https:\/\/www.europesays.com\/fr\/353488\/","title":{"rendered":"Allemagne: une figure n\u00e9onazie relance le d\u00e9bat sur le changement de genre"},"content":{"rendered":"<p>Allemagne \u2013 <\/p>\n<p>Une figure n\u00e9onazie relance le d\u00e9bat sur le changement de genre<\/p>\n<p class=\"ContentHead_lead____SsS link_regular__O0hk0 link_externalicon-big__ZdPgo link_externalicon__qcwXs\">Apr\u00e8s avoir chang\u00e9 de genre gr\u00e2ce \u00e0 une nouvelle loi, une militante n\u00e9onazie s\u2019est soustraite \u00e0 sa peine de prison en fuyant vers la Russie.<\/p>\n<p>Publi\u00e9 aujourd\u2019hui \u00e0 02h31Mis \u00e0 jour il y a 1 heure<img decoding=\"async\" loading=\"eager\" fetchpriority=\"high\" src=\"https:\/\/www.europesays.com\/fr\/wp-content\/uploads\/2025\/08\/66DQdQhxqtQB8bHSQca8W0.jpg\" alt=\"Une voiture arr\u00eat\u00e9e \u00e0 un feu rouge devant la prison pour femmes de Chemnitz, mise \u00e0 jour nocturne avec \u00e9clairage public, o\u00f9 Marla-Svenja Liebich doit purger une peine.\" title=\"Une voiture arr\u00eat\u00e9e \u00e0 un feu rouge devant la prison pour femmes de Chemnitz, mise \u00e0 jour nocturne avec \u00e9clairage public, o\u00f9 Marla-Svenja Liebich doit purger une peine.\" class=\"ResponsiveImage_root__ZDz10 responsive-image\" style=\"background-color:#6F7874\"\/><\/p>\n<p>Devant la prison pour femmes de Chemnitz.<\/p>\n<p>AFP<\/p>\n<p>Abonnez-vous d\u00e8s maintenant et profitez de la fonction de lecture audio.<a href=\"https:\/\/bottalk.io\/\" class=\"BottalkPaywall_bottalklink__KDtuf\" target=\"_blank\" rel=\"noreferrer nofollow noopener\">BotTalk<\/a><\/p>\n<p class=\"ArticleParagraph_root__lhFZo ArticleContainer_content-width__FRl7F link_focus__0ZMwx link_externalicon-big__ZdPgo link_externalicon__qcwXs ArticleElement_article-element__q93eL\">Nouveau rebondissement d\u2019une affaire qui a provoqu\u00e9 des d\u00e9bats enflamm\u00e9s en Allemagne: une figure n\u00e9onazie ayant chang\u00e9 de genre apr\u00e8s une condamnation a affirm\u00e9 vendredi avoir quitt\u00e9 le pays au lieu d\u2019int\u00e9grer une prison pour femmes.<\/p>\n<p class=\"ArticleParagraph_root__lhFZo ArticleContainer_content-width__FRl7F link_focus__0ZMwx link_externalicon-big__ZdPgo link_externalicon__qcwXs ArticleElement_article-element__q93eL\">Coutumi\u00e8re des provocations, Marla-Svenja Liebich devait se pr\u00e9senter dans la soir\u00e9e \u00e0 la prison pour femmes de Chemnitz, en Saxe, dans l\u2019est du pays pour commencer \u00e0 purger sa peine de 18 mois pour incitation \u00e0 la haine, diffamation et outrage.<\/p>\n<p class=\"ArticleParagraph_root__lhFZo ArticleContainer_content-width__FRl7F link_focus__0ZMwx link_externalicon-big__ZdPgo link_externalicon__qcwXs ArticleElement_article-element__q93eL\">A la place, elle a publi\u00e9 un message sur les r\u00e9seaux sociaux avec une image proclamant \u00able bonjour de Moscou\u00bb, ajoutant: \u00abC\u2019est quoi la suite? Un mandat d\u2019arr\u00eat international\u00bb.<\/p>\n<p class=\"ArticleParagraph_root__lhFZo ArticleContainer_content-width__FRl7F link_focus__0ZMwx link_externalicon-big__ZdPgo link_externalicon__qcwXs ArticleElement_article-element__q93eL\">Un porte-parole de la police a annonc\u00e9 \u00e0 un petit rassemblement de soutien devant la prison que Marla-Svenja Liebich avait envoy\u00e9 un message audio concernant son projet de fuite: \u00abIl a \u00e9t\u00e9 annonc\u00e9 que la personne ne se sentait pas bien et avait quitt\u00e9 le pays\u00bb.<\/p>\n<p>\u00abLoi sur l\u2019autod\u00e9termination\u00bb<\/p>\n<p class=\"ArticleParagraph_root__lhFZo ArticleContainer_content-width__FRl7F link_focus__0ZMwx link_externalicon-big__ZdPgo link_externalicon__qcwXs ArticleElement_article-element__q93eL\">En 2023, au moment de sa condamnation, son nom \u00e9tait Sven Liebich, de sexe masculin. Marla-Svenja Liebich a chang\u00e9 de genre\u00a0apr\u00e8s l\u2019adoption, fin 2024, de la \u00abloi sur l\u2019autod\u00e9termination\u00bb sous le mandat du chancelier social-d\u00e9mocrate Olaf Scholz. Le texte permet de changer de pr\u00e9nom et de genre en d\u00e9posant une demande aupr\u00e8s du bureau d\u2019\u00e9tat civil local, puis de l\u2019officialiser en y retournant trois mois apr\u00e8s, sans avoir \u00e0 fournir de justificatifs m\u00e9dicaux.<\/p>\n<p class=\"ArticleParagraph_root__lhFZo ArticleContainer_content-width__FRl7F link_focus__0ZMwx link_externalicon-big__ZdPgo link_externalicon__qcwXs ArticleElement_article-element__q93eL\">Salu\u00e9e par les d\u00e9fenseurs des droits des personnes transgenres, cette simplification, comme ailleurs en Europe, fait craindre aux militants pour les droits des femmes que des hommes pr\u00e9dateurs n\u2019abusent des nouvelles r\u00e8gles pour acc\u00e9der aux espaces r\u00e9serv\u00e9s aux femmes et aux jeunes filles.<\/p>\n<p class=\"ArticleParagraph_root__lhFZo ArticleContainer_content-width__FRl7F link_focus__0ZMwx link_externalicon-big__ZdPgo link_externalicon__qcwXs ArticleElement_article-element__q93eL\">Le cas Liebich, qui est largement soup\u00e7onn\u00e9 d\u2019avoir chang\u00e9 de genre par provocation et pour obtenir de meilleures conditions carc\u00e9rales, illustre pour les d\u00e9tracteurs de la loi son c\u00f4t\u00e9 permissif.<\/p>\n<p>\u00abAbus du changement de genre\u00bb<\/p>\n<p class=\"ArticleParagraph_root__lhFZo ArticleContainer_content-width__FRl7F link_focus__0ZMwx link_externalicon-big__ZdPgo link_externalicon__qcwXs ArticleElement_article-element__q93eL\">\u00abLa justice, l\u2019opinion publique et la politique sont ici tourn\u00e9es en ridicule parce que la loi sur l\u2019autod\u00e9termination le permet\u00bb, a d\u00e9plor\u00e9 le ministre de l\u2019Int\u00e9rieur Alexander Dobrindt. Le ministre conservateur a demand\u00e9 un d\u00e9bat \u00absur la mani\u00e8re de r\u00e9tablir des r\u00e8gles claires contre l\u2019abus du changement de genre\u00bb.<\/p>\n<p class=\"ArticleParagraph_root__lhFZo ArticleContainer_content-width__FRl7F link_focus__0ZMwx link_externalicon-big__ZdPgo link_externalicon__qcwXs ArticleElement_article-element__q93eL\">Personnalit\u00e9 des milieux de l\u2019ultradroite en Allemagne de l\u2019est, Marla-Svenja Liebich, 54 ans, a \u00e9t\u00e9 membre, selon des m\u00e9dias allemands, du r\u00e9seau n\u00e9onazi Blood and Honour. Sur une boutique en ligne, Sven Liebich proposait notamment \u00e0 la vente une batte de baseball avec le slogan \u00aboutil pour expulsions\u00bb.<\/p>\n<p class=\"ArticleParagraph_root__lhFZo ArticleContainer_content-width__FRl7F link_focus__0ZMwx link_externalicon-big__ZdPgo link_externalicon__qcwXs ArticleElement_article-element__q93eL\">En 2022, Sven Liebich avait perturb\u00e9 une marche des fiert\u00e9s \u00e0 Halle, qualifiant les personnes LGBT+ de \u00abparasites de la soci\u00e9t\u00e9\u00bb, selon des militants.<\/p>\n<p class=\"ArticleParagraph_root__lhFZo ArticleContainer_content-width__FRl7F link_focus__0ZMwx link_externalicon-big__ZdPgo link_externalicon__qcwXs ArticleElement_article-element__q93eL\">Mais en juillet, Marla-Svenja Liebich est apparue avec un haut l\u00e9opard, un sac \u00e0 main et des boucles d\u2019oreille dor\u00e9s, turban et capeline sur le cr\u00e2ne. Et une large moustache teinte en blond.\u00a0<\/p>\n<p>Evaluation pr\u00e9vue<\/p>\n<p class=\"ArticleParagraph_root__lhFZo ArticleContainer_content-width__FRl7F link_focus__0ZMwx link_externalicon-big__ZdPgo link_externalicon__qcwXs ArticleElement_article-element__q93eL\">La condamn\u00e9e a \u00e9galement affirm\u00e9 s\u2019\u00eatre convertie au juda\u00efsme, r\u00e9clamant des repas casher et un aum\u00f4nier isra\u00e9lite en prison, s\u2019attirant une vive condamnation du commissaire du gouvernement charg\u00e9 de la lutte contre l\u2019antis\u00e9mitisme, Felix Klein.<\/p>\n<p class=\"ArticleParagraph_root__lhFZo ArticleContainer_content-width__FRl7F link_focus__0ZMwx link_externalicon-big__ZdPgo link_externalicon__qcwXs ArticleElement_article-element__q93eL\">\u00abLe cas Liebich met en \u00e9vidence que la loi (\u2026) pr\u00e9sente des faiblesses qui peuvent favoriser des abus cibl\u00e9s\u00bb, a estim\u00e9 la ministre \u2013 conservatrice \u2013 de la Famille, Karin Prien. Le nouveau texte a remplac\u00e9 une l\u00e9gislation datant de 1981, qui pr\u00e9voyait une proc\u00e9dure co\u00fbteuse et longue imposant deux rapports psychologiques.<\/p>\n<p class=\"ArticleParagraph_root__lhFZo ArticleContainer_content-width__FRl7F link_focus__0ZMwx link_externalicon-big__ZdPgo link_externalicon__qcwXs ArticleElement_article-element__q93eL\">Dans leur accord de coalition conclu au printemps, conservateurs et sociaux-d\u00e9mocrates se sont engag\u00e9s \u00e0 en faire un bilan \u00abau plus tard le 31 juillet 2026\u00bb. L\u2019\u00e9valuation devra notamment dire combien de demandes ont \u00e9t\u00e9 rejet\u00e9es en raison \u00abd\u2019indices objectifs et concrets d\u2019un usage abusif\u00bb, a pr\u00e9cis\u00e9 un porte-parole du minist\u00e8re vendredi.<\/p>\n<p>Newsletter<\/p>\n<p>\u00abDerni\u00e8res nouvelles\u00bb<\/p>\n<p>Vous voulez rester au top de l\u2019info? \u00ab24 heures\u00bb vous propose deux rendez-vous par jour, pour ne rien rater de ce qui se passe dans votre Canton, en Suisse ou dans le monde.<\/p>\n<p><a class=\"NewsletterBox_more__FNemz link_underlinelink__K5Zr0\" href=\"https:\/\/www.24heures.ch\/nos-newsletters\" rel=\"nofollow noopener\" target=\"_blank\">Autres newsletters<\/a><\/p>\n<p>Se connecter<\/p>\n<p class=\"ArticleContainer_agencies__g6Lpj ArticleContainer_content-width__FRl7F\">AFP<\/p>\n<p class=\"Feedback_root__fr_Mi ArticleContainer_content-width__FRl7F\">Vous avez trouv\u00e9 une erreur?<a href=\"mailto:tes_correction@tamedia.ch?subject=Avis%20d'erreur%20%7C%20Une%20figure%20n%C3%A9onazie%20relance%20le%20d%C3%A9bat%20sur%20le%20changement%20de%20genre&amp;body=J'ai%20trouv%C3%A9%20une%20erreur%20dans%20cet%20article%3A%20https%3A%2F%2Fwww.24heures.ch%2Fallemagne-une-figure-neonazie-relance-le-debat-sur-le-changement-de-genre-883288115163\" class=\"Feedback_feedbacklink__VyDCi link_underlinelink__K5Zr0\">Merci de nous la signaler.<\/a><\/p>\n","protected":false},"excerpt":{"rendered":"Allemagne \u2013 Une figure n\u00e9onazie relance le d\u00e9bat sur le changement de genre Apr\u00e8s avoir chang\u00e9 de genre&hellip;\n","protected":false},"author":2,"featured_media":353489,"comment_status":"","ping_status":"","sticky":false,"template":"","format":"standard","meta":{"footnotes":""},"categories":[1587],"tags":[11,672,1804,1805,1803,1777,674,1801,12,1802],"class_list":{"0":"post-353488","1":"post","2":"type-post","3":"status-publish","4":"format-standard","5":"has-post-thumbnail","7":"category-allemagne","8":"tag-actualites","9":"tag-allemagne","10":"tag-bundesrepublik-deutschland","11":"tag-de","12":"tag-deutschland","13":"tag-eu","14":"tag-europe","15":"tag-germany","16":"tag-news","17":"tag-republique-federale-dallemagne"},"share_on_mastodon":{"url":"https:\/\/pubeurope.com\/@fr\/115115250745081330","error":""},"_links":{"self":[{"href":"https:\/\/www.europesays.com\/fr\/wp-json\/wp\/v2\/posts\/353488","targetHints":{"allow":["GET"]}}],"collection":[{"href":"https:\/\/www.europesays.com\/fr\/wp-json\/wp\/v2\/posts"}],"about":[{"href":"https:\/\/www.europesays.com\/fr\/wp-json\/wp\/v2\/types\/post"}],"author":[{"embeddable":true,"href":"https:\/\/www.europesays.com\/fr\/wp-json\/wp\/v2\/users\/2"}],"replies":[{"embeddable":true,"href":"https:\/\/www.europesays.com\/fr\/wp-json\/wp\/v2\/comments?post=353488"}],"version-history":[{"count":0,"href":"https:\/\/www.europesays.com\/fr\/wp-json\/wp\/v2\/posts\/353488\/revisions"}],"wp:featuredmedia":[{"embeddable":true,"href":"https:\/\/www.europesays.com\/fr\/wp-json\/wp\/v2\/media\/353489"}],"wp:attachment":[{"href":"https:\/\/www.europesays.com\/fr\/wp-json\/wp\/v2\/media?parent=353488"}],"wp:term":[{"taxonomy":"category","embeddable":true,"href":"https:\/\/www.europesays.com\/fr\/wp-json\/wp\/v2\/categories?post=353488"},{"taxonomy":"post_tag","embeddable":true,"href":"https:\/\/www.europesays.com\/fr\/wp-json\/wp\/v2\/tags?post=353488"}],"curies":[{"name":"wp","href":"https:\/\/api.w.org\/{rel}","templated":true}]}}