{"id":353492,"date":"2025-08-30T02:02:11","date_gmt":"2025-08-30T02:02:11","guid":{"rendered":"https:\/\/www.europesays.com\/fr\/353492\/"},"modified":"2025-08-30T02:02:11","modified_gmt":"2025-08-30T02:02:11","slug":"le-fret-europeen-stable-en-2024","status":"publish","type":"post","link":"https:\/\/www.europesays.com\/fr\/353492\/","title":{"rendered":"LE FRET EUROPEEN STABLE EN 2024"},"content":{"rendered":"<p>\nCr\u00e9dit photo : Marcus Lindstrom<\/p>\n<p>Selon les donn\u00e9es d\u2019Eurostat publi\u00e9es d\u00e9but juillet, le transport routier de marchandises est rest\u00e9 stable dans l\u2019Union europ\u00e9enne en\u00a02024 (+0,6\u00a0%). Il a atteint 1\u00a0689\u00a0milliards de tonnes.kilom\u00e8tres, contre 1\u00a0857 l\u2019ann\u00e9e pr\u00e9c\u00e9dente.<\/p>\n<p>Le classement en termes de pays a peu chang\u00e9 par rapport \u00e0\u00a02023. La Pologne reste assez largement en t\u00eate, elle p\u00e8se 20\u00a0% du volume dans l\u2019UE avec 368\u00a0milliards de tonnes.kilom\u00e8tres, devant l\u2019Allemagne (15\u00a0%, 281\u00a0milliards de tonnes.kilom\u00e8tres) et l\u2019Espagne (15\u00a0%, 272\u00a0milliards). La France et l\u2019Italie se placent au pied du podium avec respectivement 9\u00a0% et 8\u00a0% des volumes transport\u00e9s et, 174\u00a0et 153\u00a0milliards de tonnes.kilom\u00e8tres. Ensemble, ces 5\u00a0\u00c9tats concentrent plus des deux tiers des volumes. Plus loin derri\u00e8re, seules la R\u00e9publique Tch\u00e8que, la Roumanie et la Lituanie d\u00e9passent 50\u00a0milliards de tonnes.kilom\u00e8tres.<\/p>\n<p>En ce qui concerne les produits, les produits alimentaires, les boissons et le tabac constituent le principal groupe transport\u00e9s avec 237\u00a0milliards de tonnes.kilom\u00e8tres. Viennent ensuite les marchandises group\u00e9es, les produits de l\u2019agriculture, de la foresterie et de la p\u00eache, les produits min\u00e9raux non m\u00e9talliques ainsi que les minerais m\u00e9talliques et les autres produits des industries extractives. \u00c0 noter que le top\u00a010 des groupes de produits n\u2019a pas \u00e9volu\u00e9 par rapport \u00e0\u00a02023.<\/p>\n<p>Copyright : Les Echos Publishing<\/p>\n<p>Pour aller plus loin, d\u00e9couvrez nos \u00e9tudes du <a href=\"https:\/\/www.lesechos-etudes.fr\/shop\/category\/logistique-transport-11\" target=\"_blank\" rel=\"nofollow noopener\"><strong>secteur transport et logistique.<\/strong><\/a><\/p>\n","protected":false},"excerpt":{"rendered":"Cr\u00e9dit photo : Marcus Lindstrom Selon les donn\u00e9es d\u2019Eurostat publi\u00e9es d\u00e9but juillet, le transport routier de marchandises est&hellip;\n","protected":false},"author":2,"featured_media":353493,"comment_status":"","ping_status":"","sticky":false,"template":"","format":"standard","meta":{"footnotes":""},"categories":[1586],"tags":[11,1777,674,1779,1011,27,12,25,1778,364],"class_list":{"0":"post-353492","1":"post","2":"type-post","3":"status-publish","4":"format-standard","5":"has-post-thumbnail","7":"category-europe","8":"tag-actualites","9":"tag-eu","10":"tag-europe","11":"tag-european-union","12":"tag-fr","13":"tag-france","14":"tag-news","15":"tag-republique-francaise","16":"tag-ue","17":"tag-union-europeenne"},"share_on_mastodon":{"url":"https:\/\/pubeurope.com\/@fr\/115115258257052845","error":""},"_links":{"self":[{"href":"https:\/\/www.europesays.com\/fr\/wp-json\/wp\/v2\/posts\/353492","targetHints":{"allow":["GET"]}}],"collection":[{"href":"https:\/\/www.europesays.com\/fr\/wp-json\/wp\/v2\/posts"}],"about":[{"href":"https:\/\/www.europesays.com\/fr\/wp-json\/wp\/v2\/types\/post"}],"author":[{"embeddable":true,"href":"https:\/\/www.europesays.com\/fr\/wp-json\/wp\/v2\/users\/2"}],"replies":[{"embeddable":true,"href":"https:\/\/www.europesays.com\/fr\/wp-json\/wp\/v2\/comments?post=353492"}],"version-history":[{"count":0,"href":"https:\/\/www.europesays.com\/fr\/wp-json\/wp\/v2\/posts\/353492\/revisions"}],"wp:featuredmedia":[{"embeddable":true,"href":"https:\/\/www.europesays.com\/fr\/wp-json\/wp\/v2\/media\/353493"}],"wp:attachment":[{"href":"https:\/\/www.europesays.com\/fr\/wp-json\/wp\/v2\/media?parent=353492"}],"wp:term":[{"taxonomy":"category","embeddable":true,"href":"https:\/\/www.europesays.com\/fr\/wp-json\/wp\/v2\/categories?post=353492"},{"taxonomy":"post_tag","embeddable":true,"href":"https:\/\/www.europesays.com\/fr\/wp-json\/wp\/v2\/tags?post=353492"}],"curies":[{"name":"wp","href":"https:\/\/api.w.org\/{rel}","templated":true}]}}