{"id":35350,"date":"2025-04-19T02:01:09","date_gmt":"2025-04-19T02:01:09","guid":{"rendered":"https:\/\/www.europesays.com\/fr\/35350\/"},"modified":"2025-04-19T02:01:09","modified_gmt":"2025-04-19T02:01:09","slug":"a-marseille-le-detenu-des-baumettes-menace-de-mort-les-surveillants-et-linfirmiere-pour-etre-soigne","status":"publish","type":"post","link":"https:\/\/www.europesays.com\/fr\/35350\/","title":{"rendered":"\u00c0 Marseille, le d\u00e9tenu des Baumettes menace de mort les surveillants et l\u2019infirmi\u00e8re \u00ab\u00a0pour \u00eatre soign\u00e9\u00a0\u00bb"},"content":{"rendered":"<p class=\"rev-margin-0 rev-text-xs-normal\">Incarc\u00e9r\u00e9 depuis juin 2024, Claude M. s\u2019\u00e9tait bless\u00e9 \u00e0 la main \u00ab\u00a0en se d\u00e9fendant\u00a0\u00bb lors d\u2019une rixe avec d\u2019autres d\u00e9tenus. Inquiet de voir sa main s\u2019infecter, il s\u2019en est pris \u00e0 des surveillants et une infirmi\u00e8re.<\/p>\n<p class=\"rev-margin-0 rev-text-xs-bold\">\/ Photo Illustration David Rossi<\/p>\n<p>Les avocats le savent\u00a0: dans un proc\u00e8s, un pr\u00e9venu a toujours la parole en dernier. Mais ces quelques mots suffisent parfois \u00e0 torpiller une d\u00e9fense enti\u00e8re. Ceux de Claude M., ce mercredi 16\u00a0avril, ont eu cet effet-l\u00e0. \u00ab\u00a0Si c\u2019\u00e9tait \u00e0 refaire, je le referais, mais en mieux et pas dangereux. Je le referais, je vous le dis, car c\u2019est la sant\u00e9\u00a0\u00bb, a-t-il l\u00e2ch\u00e9, bravache, au pr\u00e9sident du tribunal judiciaire de <a href=\"https:\/\/www.laprovence.com\/ville\/marseille\" target=\"_blank\" rel=\"noopener\">Marseille<\/a> <a href=\"https:\/\/www.laprovence.com\/article\/faits-divers-justice\/2685991565622815\/le-president-du-tribunal-judiciaire-de-marseille-deplore-un-tsunami-d-affaires-criminelles\" target=\"_blank\" rel=\"noopener\">Olivier Leurent<\/a> en personne qui pr\u00e9sidait &#8211; exceptionnellement &#8211; l\u2019audience. Claude M. venait de compara\u00eetre pour des menaces de morts prof\u00e9r\u00e9es les 12 et 13\u00a0d\u00e9cembre\u00a02024 \u00e0 l\u2019encontre de trois surveillants p\u00e9nitentiaires et d\u2019une cadre infirmi\u00e8re de <a href=\"https:\/\/www.laprovence.com\/article\/region\/2079281688070115\/a-marseille-les-riverains-des-baumettes-3-se-calfeutrent-avant-l-ouverture-de-la-prison-en-decembre-2025\" target=\"_blank\" rel=\"noopener\">la prison des Baumettes<\/a> o\u00f9 il \u00e9tait d\u00e9tenu depuis juin\u00a02024. Il a \u00e9t\u00e9 condamn\u00e9 dans la foul\u00e9e \u00e0 18 mois de prison ferme.<\/p>\n<p>Au tribunal, il a apport\u00e9 une explication plausible mais rocambolesque \u00e0 son comportement. \u00ab\u00a0J\u2019ai eu une fracture \u00e0 la main, je venais d\u2019\u00eatre op\u00e9r\u00e9, je devais avoir un suivi constant et depuis trois jours, je r\u00e9clamais des soins. J\u2019ai \u00e9t\u00e9 n\u00e9glig\u00e9. Pour que je sois pris en compte m\u00e9dicalement, j\u2019ai forc\u00e9 le passage pour \u00eatre mis au quartier disciplinaire, o\u00f9 tous les deux jours, un m\u00e9decin ou un infirmier passent. Je me suis dit que c\u2019\u00e9tait le meilleur moyen de ne pas perdre ma main qui \u00e9tait infect\u00e9e\u00a0\u00bb, a d\u00e9taill\u00e9 Claude M., pr\u00e9sentant ses excuses aux surveillants p\u00e9nitentiaires mais assumant avoir \u00ab\u00a0mis en sc\u00e8ne\u00a0\u00bb l\u2019altercation du 12\u00a0d\u00e9cembre\u00a02024 \u00e0 la sortie de sa cellule avec les agents. Il a en revanche ni\u00e9 la possession d\u2019un couteau artisanal tomb\u00e9 de sa veste pendant son transfert en quartier disciplinaire.<\/p>\n<p>Une intervention n\u00e9cessaire pour endiguer l\u2019infection<\/p>\n<p>Interrog\u00e9 sur les menaces \u00e0 l\u2019adresse de l\u2019infirmi\u00e8re le lendemain, il a ensuite \u00e9voqu\u00e9 un coup de sang li\u00e9 au fait qu\u2019elle n\u2019aurait pas pris au s\u00e9rieux sa blessure \u00e0 la main. De fait, cette derni\u00e8re \u00e9tait bel et bien infect\u00e9e\u00a0; dans les jours suivant, le d\u00e9tenu avait subi une petite intervention pour d\u00e9brider les tissus infect\u00e9s o\u00f9 les m\u00e9decins suspectaient un staphylocoque de prolif\u00e9rer.<\/p>\n<p>Reste que mise en sc\u00e8ne ou non, ses menaces de mort inqui\u00e9tantes (\u00ab\u00a0Je vais vous charcler, vous allez voir dehors de quoi je suis capable, je vais vous tirer dehors\u00a0\u00bb, \u00ab\u00a0Vous, Madame la cadre, je vais vous fumer, je ne suis pas un petit joueur comme les autres, je ne mitraille pas, je cible\u00a0\u00bb), amplifi\u00e9es par le profil dangereux d\u2019un homme au casier charg\u00e9, d\u00e9tenu pr\u00e9ventivement dans le cadre d\u2019une enqu\u00eate pour meurtre, avaient durablement perturb\u00e9 les agents et l\u2019infirmi\u00e8re.<\/p>\n<p>Un personnel p\u00e9nitentiaire sous tension maximale<\/p>\n<p>\u00ab\u00a0Il souffle un vent tr\u00e8s d\u00e9favorable sur l\u2019administration p\u00e9nitentiaire ces derniers temps\u00a0\u00bb, a ainsi relev\u00e9 <a href=\"https:\/\/www.laprovence.com\/article\/faits-divers-justice\/3556386977804915\/exclusif-lavocate-beatrice-zavarro-dominique-pelicot-est-mon-everest\" target=\"_blank\" rel=\"noopener\">Me B\u00e9atrice Zavarro<\/a>, avocate de l\u2019un d\u2019entre eux. D\u00e9crivant des surveillants se levant le matin \u00ab\u00a0avec la boule au ventre\u00a0\u00bb, et rappelant que <a href=\"https:\/\/www.laprovence.com\/article\/politique\/15282708493689\/attaques-de-prisons-ddpf-ce-mysterieux-groupe-dont-les-methodes-rappellent-celles-du-narcotrafic\" target=\"_blank\" rel=\"noopener\">la pression \u00e9tait mont\u00e9e d\u2019un cran ces derniers jours<\/a> avec <a href=\"https:\/\/www.laprovence.com\/article\/faits-divers-justice\/2516334959483315\/info-la-provence-les-agents-de-la-penitentiaire-cibles-par-des-incendies-volontaires-et-des-tags\" target=\"_blank\" rel=\"noopener\">la d\u00e9gradation de v\u00e9hicules<\/a> et <a href=\"https:\/\/www.laprovence.com\/article\/france-monde\/28175810287498\/des-prisons-visees-par-des-incendies-de-vehicules-ou-des-tirs-darmes-automatiques\" target=\"_blank\" rel=\"noopener\">les attaques coordonn\u00e9es de prisons<\/a> aux quatre coins de la France.<\/p>\n<p>\u00ab\u00a0Les menaces de mort, c\u2019est le mode op\u00e9ratoire de Claude M. pour communiquer et obtenir ce qu\u2019il veut\u00a0\u00bb, a r\u00e9sum\u00e9 la procureure Marion Chabot, qui a requis \u00e0 son encontre deux ans de prison ferme. \u00ab\u00a0Il vous l\u2019a dit\u00a0: il a paniqu\u00e9. [\u2026] Il a d\u00e9pass\u00e9 les bornes, c\u2019est incontestable, mais on ne peut ignorer la r\u00e9alit\u00e9 un peu terrifiante de ce qu\u2019il dit\u00a0: il l\u2019a fait pour \u00eatre mieux trait\u00e9 sur le plan sanitaire\u00a0\u00bb, a bataill\u00e9 Me Juliette Oberti en d\u00e9fense. Malgr\u00e9 ses efforts, son client a repris la route de la prison des Baumettes, son casier et son parcours judiciaire plus charg\u00e9s de 18 mois derri\u00e8re les barreaux.<\/p>\n","protected":false},"excerpt":{"rendered":"Incarc\u00e9r\u00e9 depuis juin 2024, Claude M. s\u2019\u00e9tait bless\u00e9 \u00e0 la main \u00ab\u00a0en se d\u00e9fendant\u00a0\u00bb lors d\u2019une rixe avec&hellip;\n","protected":false},"author":2,"featured_media":35351,"comment_status":"","ping_status":"","sticky":false,"template":"","format":"standard","meta":{"footnotes":""},"categories":[2814],"tags":[17,1111,11,2829,154,9625,1777,674,274,1011,27,151,884,1147,18,12,882,25],"class_list":{"0":"post-35350","1":"post","2":"type-post","3":"status-publish","4":"format-standard","5":"has-post-thumbnail","7":"category-marseille","8":"tag-17","9":"tag-actu","10":"tag-actualites","11":"tag-baumettes","12":"tag-des","13":"tag-detenu","14":"tag-eu","15":"tag-europe","16":"tag-faits-divers-justice","17":"tag-fr","18":"tag-france","19":"tag-les","20":"tag-marseille","21":"tag-menace","22":"tag-mort","23":"tag-news","24":"tag-provence-alpes-cote-dazur","25":"tag-republique-francaise"},"share_on_mastodon":{"url":"https:\/\/pubeurope.com\/@fr\/114362167072041633","error":""},"_links":{"self":[{"href":"https:\/\/www.europesays.com\/fr\/wp-json\/wp\/v2\/posts\/35350","targetHints":{"allow":["GET"]}}],"collection":[{"href":"https:\/\/www.europesays.com\/fr\/wp-json\/wp\/v2\/posts"}],"about":[{"href":"https:\/\/www.europesays.com\/fr\/wp-json\/wp\/v2\/types\/post"}],"author":[{"embeddable":true,"href":"https:\/\/www.europesays.com\/fr\/wp-json\/wp\/v2\/users\/2"}],"replies":[{"embeddable":true,"href":"https:\/\/www.europesays.com\/fr\/wp-json\/wp\/v2\/comments?post=35350"}],"version-history":[{"count":0,"href":"https:\/\/www.europesays.com\/fr\/wp-json\/wp\/v2\/posts\/35350\/revisions"}],"wp:featuredmedia":[{"embeddable":true,"href":"https:\/\/www.europesays.com\/fr\/wp-json\/wp\/v2\/media\/35351"}],"wp:attachment":[{"href":"https:\/\/www.europesays.com\/fr\/wp-json\/wp\/v2\/media?parent=35350"}],"wp:term":[{"taxonomy":"category","embeddable":true,"href":"https:\/\/www.europesays.com\/fr\/wp-json\/wp\/v2\/categories?post=35350"},{"taxonomy":"post_tag","embeddable":true,"href":"https:\/\/www.europesays.com\/fr\/wp-json\/wp\/v2\/tags?post=35350"}],"curies":[{"name":"wp","href":"https:\/\/api.w.org\/{rel}","templated":true}]}}