{"id":353503,"date":"2025-08-30T02:09:15","date_gmt":"2025-08-30T02:09:15","guid":{"rendered":"https:\/\/www.europesays.com\/fr\/353503\/"},"modified":"2025-08-30T02:09:15","modified_gmt":"2025-08-30T02:09:15","slug":"deception-pour-paolini-sortie-des-le-troisieme-tour","status":"publish","type":"post","link":"https:\/\/www.europesays.com\/fr\/353503\/","title":{"rendered":"d\u00e9ception pour Paolini, sortie d\u00e8s le troisi\u00e8me tour"},"content":{"rendered":"<p>L\u2019Italienne, 8e joueuse mondiale, s\u2019est inclin\u00e9e face la Tch\u00e8que Marketa Vondrousova en deux manches (6-7, 1-6).<\/p>\n<p class=\"fig-paragraph\"><a href=\"http:\/\/www.lefigaro.fr\/sports\/tennis\/tennis-swiatek-sacree-a-cincinnati-face-a-paolini-avant-l-us-open-20250819\" target=\"_blank\" data-fig-type=\"NewsFlash\" rel=\"noopener nofollow\" data-gtm-custom-categorie=\"navigation\" data-gtm-custom-action=\"crossclick\" data-gtm-custom-label=\"Contextuel\" data-gtm-event=\"customEventSPE\" data-fig-domain=\"LEFIGARO\">Jasmine Paolini\u00a0<\/a>tombe de haut. Double finaliste en Grand Chelem, l&rsquo;Italienne (8e mondiale) s&rsquo;est fait \u00e9liminer vendredi d\u00e8s le troisi\u00e8me tour de l&rsquo;US Open par la Tch\u00e8que Marketa Vondrousova (60e).<\/p>\n<p class=\"fig-paragraph\">La laur\u00e9ate de l&rsquo;\u00e9dition 2023 de Wimbledon, quart-de-finaliste \u00e0 New York la m\u00eame ann\u00e9e, s&rsquo;est impos\u00e9e 7-6 (7\/4), 6-1 contre la r\u00e9cente finaliste du Masters 1000 de Cincinnati. Paolini avait atteint les huiti\u00e8mes de finale de l&rsquo;US Open en 2024, son meilleur r\u00e9sultat dans le dernier Grand Chelem de la saison.<\/p>\n<p>                                    <a class=\"fig-a11y-skip a11y-hidden\" href=\"#fig-a11y-skip-main-inarticle\"><br \/>\n        Passer la publicit\u00e9<br \/>\n    <\/a><\/p>\n<p class=\"fig-paragraph\">La Toscane de 29 ans, finaliste de Roland-Garros et Wimbledon en 2024, est la deuxi\u00e8me membre du top 10 f\u00e9minin \u00e0 prendre la porte apr\u00e8s Madison Keys (6e), \u00e9limin\u00e9e d\u00e8s le premier tour de l&rsquo;US Open par la Mexicaine Renata Zarazua (82e).<\/p>\n","protected":false},"excerpt":{"rendered":"L\u2019Italienne, 8e joueuse mondiale, s\u2019est inclin\u00e9e face la Tch\u00e8que Marketa Vondrousova en deux manches (6-7, 1-6). Jasmine Paolini\u00a0tombe&hellip;\n","protected":false},"author":2,"featured_media":353504,"comment_status":"","ping_status":"","sticky":false,"template":"","format":"standard","meta":{"footnotes":""},"categories":[1415],"tags":[47,4169,105,2199,1011,27,1114,35225,1960,1980,60,1467,4172,4170],"class_list":{"0":"post-353503","1":"post","2":"type-post","3":"status-publish","4":"format-standard","5":"has-post-thumbnail","7":"category-tennis","8":"tag-actualite","9":"tag-atp","10":"tag-djokovic","11":"tag-federer","12":"tag-fr","13":"tag-france","14":"tag-infos","15":"tag-murray","16":"tag-nadal","17":"tag-resultats","18":"tag-sports","19":"tag-tennis","20":"tag-us-open","21":"tag-wta"},"share_on_mastodon":{"url":"https:\/\/pubeurope.com\/@fr\/115115285757967688","error":""},"_links":{"self":[{"href":"https:\/\/www.europesays.com\/fr\/wp-json\/wp\/v2\/posts\/353503","targetHints":{"allow":["GET"]}}],"collection":[{"href":"https:\/\/www.europesays.com\/fr\/wp-json\/wp\/v2\/posts"}],"about":[{"href":"https:\/\/www.europesays.com\/fr\/wp-json\/wp\/v2\/types\/post"}],"author":[{"embeddable":true,"href":"https:\/\/www.europesays.com\/fr\/wp-json\/wp\/v2\/users\/2"}],"replies":[{"embeddable":true,"href":"https:\/\/www.europesays.com\/fr\/wp-json\/wp\/v2\/comments?post=353503"}],"version-history":[{"count":0,"href":"https:\/\/www.europesays.com\/fr\/wp-json\/wp\/v2\/posts\/353503\/revisions"}],"wp:featuredmedia":[{"embeddable":true,"href":"https:\/\/www.europesays.com\/fr\/wp-json\/wp\/v2\/media\/353504"}],"wp:attachment":[{"href":"https:\/\/www.europesays.com\/fr\/wp-json\/wp\/v2\/media?parent=353503"}],"wp:term":[{"taxonomy":"category","embeddable":true,"href":"https:\/\/www.europesays.com\/fr\/wp-json\/wp\/v2\/categories?post=353503"},{"taxonomy":"post_tag","embeddable":true,"href":"https:\/\/www.europesays.com\/fr\/wp-json\/wp\/v2\/tags?post=353503"}],"curies":[{"name":"wp","href":"https:\/\/api.w.org\/{rel}","templated":true}]}}