{"id":353505,"date":"2025-08-30T02:11:13","date_gmt":"2025-08-30T02:11:13","guid":{"rendered":"https:\/\/www.europesays.com\/fr\/353505\/"},"modified":"2025-08-30T02:11:13","modified_gmt":"2025-08-30T02:11:13","slug":"motogp-pit-beirer-ktm-nous-ne-sommes-pas-impliques-dans-les-negociations-sur-la-vente-de-tech3","status":"publish","type":"post","link":"https:\/\/www.europesays.com\/fr\/353505\/","title":{"rendered":"MotoGP, Pit Beirer, KTM : \u00ab\u00a0nous ne sommes pas impliqu\u00e9s dans les n\u00e9gociations sur la vente de Tech3\u00a0\u00bb"},"content":{"rendered":"<p><strong>Alors que le paddock bruisse de rumeurs de rachat, le<br \/>\npatron du sport chez KTM, Pit Beirer, a mis les choses au clair :<br \/>\nles Autrichiens ne sont pas impliqu\u00e9s dans les discussions autour<br \/>\nde l\u2019avenir de Tech3.<\/strong><\/p>\n<p>Depuis 2019 et la fin de son aventure avec Yamaha, l\u2019\u00e9quipe<br \/>\nd\u2019<a href=\"https:\/\/www.paddock-gp.com\/motogp-herve-poncharal-et-la-vente-de-tech3-a-steiner-on-discute-oui-mais-rien-nest-fait\/\" target=\"_blank\" rel=\"noopener\"><strong>Herv\u00e9<br \/>\nPoncharal<\/strong><\/a> est devenue un satellite solide de<br \/>\n<strong>KTM<\/strong>, engrangeant m\u00eame deux victoires en MotoGP.<br \/>\nMais ces derniers mois, des bruits persistants \u00e9voquent un possible<br \/>\nchangement de propri\u00e9taire.<\/p>\n<p>Le nom de <a href=\"https:\/\/www.paddock-gp.com\/motogp-guenther-steiner-anime-deja-le-milieu-genie-du-paddock-ou-simple-coup-marketing\/\" target=\"_blank\" rel=\"noopener\"><br \/>\n<strong>Guenther Steiner<\/strong><\/a>, ex-patron de l\u2019\u00e9curie Haas<br \/>\nF1, revient r\u00e9guli\u00e8rement dans les conversations.<br \/>\n<strong>Poncharal<\/strong> a fermement d\u00e9menti qu\u2019un accord soit<br \/>\nd\u00e9j\u00e0 sign\u00e9, mais le doute reste dans l\u2019air.<\/p>\n<p><strong>Beirer<\/strong> a reconnu sur <a href=\"https:\/\/www.crash.net\/motogp\/news\/1080109\/1\/ktm-staying-out-tech3-motogp-team-takeover-talks\" target=\"_blank\" rel=\"noopener\"><br \/>\ncrash.net<\/a> que des curieux s\u2019\u00e9taient manifest\u00e9s : \u00ab il y a<br \/>\nde l\u2019int\u00e9r\u00eat de la part de diff\u00e9rentes personnes et, d\u2019une mani\u00e8re<br \/>\nou d\u2019une autre, <strong>elles se connectent avec nous, v\u00e9rifiant si<br \/>\nnous sommes disponibles pour les motos<\/strong>. \u00bb<\/p>\n<p><img loading=\"lazy\" decoding=\"async\" class=\"aligncenter size-full wp-image-1323673\" src=\"https:\/\/www.europesays.com\/fr\/wp-content\/uploads\/2025\/08\/Tech3.jpg\" alt=\"KTM\" width=\"663\" height=\"446\"  \/><\/p>\n<p><strong>Pit Beirer\u00a0:<br \/>\n\u00ab\u00a0notre partenaire est Herv\u00e9 Poncharal et nous lui faisons<br \/>\nconfiance chez KTM\u00a0\u00bb<\/strong><\/p>\n<p>Mais la ligne est claire : <strong>KTM<\/strong> n\u2019entre pas dans<br \/>\nces tractations. \u00ab Notre partenaire est Herv\u00e9 et nous lui<br \/>\nfaisons confiance. Nous lui demandons : \u2018s\u2019il vous pla\u00eet, faites<br \/>\ncette affaire\u2019. Et quand il y a quelque chose \u00e0 dire, qu\u2019un<br \/>\nchangement se profile, qu\u2019il vienne nous voir. \u00bb<\/p>\n<p>Et de conclure, presque solennel : \u00ab pour l\u2019instant, nous ne<br \/>\nsommes pas aux premi\u00e8res loges dans ces discussions. <strong>Nous<br \/>\nobservons attentivement, mais honn\u00eatement, j\u2019esp\u00e8re que cela<br \/>\nrestera tr\u00e8s stable tel quel<\/strong>. \u00bb<\/p>\n<p>Autre rumeur balay\u00e9e par <strong>Beirer<\/strong> : un d\u00e9part de<br \/>\n<a href=\"https:\/\/www.paddock-gp.com\/motogp-red-bull-reste-avec-ktm-beirer-eteint-les-rumeurs-le-partenariat-est-prolonge-a-long-terme\/\" target=\"_blank\" rel=\"noopener\"><br \/>\n<strong>Red Bull vers Honda<\/strong><\/a>. L\u00e0 aussi, le dirigeant a<br \/>\ntenu \u00e0 rassurer : \u00ab notre accord actuel avec Red Bull a \u00e9t\u00e9<br \/>\n<strong>prolong\u00e9<\/strong> \u00e0 long terme. \u00bb<\/p>\n<p>De quoi faire taire, au moins pour un temps, les rumeurs d\u2019un<br \/>\ndivorce entre <strong>KTM<\/strong> et son sponsor historique. Quant<br \/>\n\u00e0 l\u2019avenir de <strong>Tech3<\/strong> il reste donc entre les mains<br \/>\nde son fondateur, avec le plein soutien d\u2019un manufacturier qui ne<br \/>\nsouhaite qu\u2019une chose : continuer \u00e0 gagner ensemble.<\/p>\n<p><img decoding=\"async\" class=\"aligncenter\" src=\"https:\/\/www.europesays.com\/fr\/wp-content\/uploads\/2025\/08\/Pit-Beirer--750x375.jpeg\" alt=\"Pit Beirer\u2019s Candid Confession: \u00ab\u00a0Didn\u2019t Want to Seem Like the Big Shot Eyeing Martin or Marquez\u00a0\u00bb\"\/><\/p>\n","protected":false},"excerpt":{"rendered":"Alors que le paddock bruisse de rumeurs de rachat, le patron du sport chez KTM, Pit Beirer, a&hellip;\n","protected":false},"author":2,"featured_media":353506,"comment_status":"","ping_status":"","sticky":false,"template":"","format":"standard","meta":{"footnotes":""},"categories":[1413],"tags":[1011,27,1457,1456,60],"class_list":{"0":"post-353505","1":"post","2":"type-post","3":"status-publish","4":"format-standard","5":"has-post-thumbnail","7":"category-moto","8":"tag-fr","9":"tag-france","10":"tag-moto","11":"tag-motocycle","12":"tag-sports"},"share_on_mastodon":{"url":"https:\/\/pubeurope.com\/@fr\/115115293734352916","error":""},"_links":{"self":[{"href":"https:\/\/www.europesays.com\/fr\/wp-json\/wp\/v2\/posts\/353505","targetHints":{"allow":["GET"]}}],"collection":[{"href":"https:\/\/www.europesays.com\/fr\/wp-json\/wp\/v2\/posts"}],"about":[{"href":"https:\/\/www.europesays.com\/fr\/wp-json\/wp\/v2\/types\/post"}],"author":[{"embeddable":true,"href":"https:\/\/www.europesays.com\/fr\/wp-json\/wp\/v2\/users\/2"}],"replies":[{"embeddable":true,"href":"https:\/\/www.europesays.com\/fr\/wp-json\/wp\/v2\/comments?post=353505"}],"version-history":[{"count":0,"href":"https:\/\/www.europesays.com\/fr\/wp-json\/wp\/v2\/posts\/353505\/revisions"}],"wp:featuredmedia":[{"embeddable":true,"href":"https:\/\/www.europesays.com\/fr\/wp-json\/wp\/v2\/media\/353506"}],"wp:attachment":[{"href":"https:\/\/www.europesays.com\/fr\/wp-json\/wp\/v2\/media?parent=353505"}],"wp:term":[{"taxonomy":"category","embeddable":true,"href":"https:\/\/www.europesays.com\/fr\/wp-json\/wp\/v2\/categories?post=353505"},{"taxonomy":"post_tag","embeddable":true,"href":"https:\/\/www.europesays.com\/fr\/wp-json\/wp\/v2\/tags?post=353505"}],"curies":[{"name":"wp","href":"https:\/\/api.w.org\/{rel}","templated":true}]}}