{"id":353509,"date":"2025-08-30T02:13:09","date_gmt":"2025-08-30T02:13:09","guid":{"rendered":"https:\/\/www.europesays.com\/fr\/353509\/"},"modified":"2025-08-30T02:13:09","modified_gmt":"2025-08-30T02:13:09","slug":"bretagne-classic-cic-31-aout-2025-les-engages-velopressecollection","status":"publish","type":"post","link":"https:\/\/www.europesays.com\/fr\/353509\/","title":{"rendered":"Bretagne Classic CIC 31 ao\u00fbt 2025 les engag\u00e9s &#8211; Velopressecollection"},"content":{"rendered":"<ol>\n<li><a href=\"https:\/\/news.google.com\/rss\/articles\/CBMitgFBVV95cUxQeGlkd1dVQ3dqdDV4ZU96b2NXTlJRaTBHVVNKOXBCT1JjYXdCLXgxOGpzZkhZNHJfR2R6clEwSTdlMDlNOXBpTDNTaTU5TUphQTZnU2E4WWZGMDNUeHhWV0tRWmpHSkRxcmo2aXBNV1B5SDFBVHVZSE1pdXBjbW0tWUJkSjB2eVlEZ3p2UU9TNlBqak5iN2dBd09wTU5uRFRacThjY2oyWHhGZUpZa041VTFjYlZRdw?oc=5\" target=\"_blank\" rel=\"nofollow noopener\">Bretagne Classic CIC 31 ao\u00fbt 2025 les engag\u00e9s<\/a>&nbsp;&nbsp;Velopressecollection<\/li>\n<li><a href=\"https:\/\/news.google.com\/rss\/articles\/CBMi_wFBVV95cUxOcVlzS01qQVVma2JjbzJ1Z09OUzY4SDg4cVg2WTVpVmNtODlxZDRCX0pPRjVkOTVodjFZYmw1RTNiY0dWMDVibWVybko3Q0VNNENiSTBZVmFvQzNtNjJZN004MDk5SERzY2VCUkZLTXEyWkpmMnNYY05vWHFERWhNejg5d3FEMzdVcXA2SEs2bXJGS1Brd2hENVhQNzNPSE5rN1pGRHhpR1o1dVZ1WUJZSTRyRWRXY0ExTVprQ1BSblhhUk9UZHJiWGItd3F2S1VUbGJfUl81QWRYZ0NaRUZsM0NReXdGNXlYU25MX3dMcnEyUzVvZ0ZxQ0ZyTmF0bFE?oc=5\" target=\"_blank\" rel=\"nofollow noopener\">\u00c0 Plouay, la course Cyclo Morbihan Ouest-France peut devenir un \u00ab levier \u00e9conomique potentiel \u00bb<\/a>&nbsp;&nbsp;Ouest-France<\/li>\n<li><a href=\"https:\/\/news.google.com\/rss\/articles\/CBMi7gFBVV95cUxQZHF6QlI3LVpnOW9YMnNRUTBqZW9OTzVDeGlMV3BfeTlQbVhmV19VaUxpeXM0LUZUZDRjVUhGZ1RuXzFiM3EzdTlZQXVETXJlWGFJbFpzc2JaVlM2R210ZWJGNUJUallHWmJoemlhX05YdkFDbGFyR0tOWXNiLU4ybWsyRnAzdUFsLUxCQzVLVThTNkQ5RENWZ1VBMURsa3lBOV84SHc4ZU9lS0w0VnJVU1dBdVdCbWJiVU9ZaE43aW5ZdnJXTzRQa1gxNUl2dXhPVjRVS2ZxOGI0ZnNIQWozUWJ4Q2hMVVl5SHNXX2NR?oc=5\" target=\"_blank\" rel=\"nofollow noopener\">Classic Lorient Agglom\u00e9ration Ceratizit. Le parcours et le profil du Grand Prix de Plouay f\u00e9minin<\/a>&nbsp;&nbsp;Maville Angers<\/li>\n<li><a href=\"https:\/\/news.google.com\/rss\/articles\/CBMi2wFBVV95cUxPTGc5Tl9QWWhIdFlYLUdTMFRLVTc4cmVtLVluVGhOMUd0dEhtSWxHbm5IRU9ia05ZcnJZa1dYNFZpcEItYl9vQWRwM0dZVW9ibnYzRDUzeGVSdjM3WVRGekwtcHM4bnp1dnNwTERCZFFoUGdPdEJ4d052MFpEaElZMnZkRGNpTHVaWFY0R3ZFSDNBc1NDRG14QXhPaVlNYlZncGVUY2xneTE0YTZRUVh2QWJYeDBlX09ITjI4UnVGWHFJNFBTWTFvZzF1QU1jeTFQZVpuQWV5LWNrcG8?oc=5\" target=\"_blank\" rel=\"nofollow noopener\">Cyclisme. 4 jours de Plouay : sur quelle cha\u00eene et \u00e0 quelle heure regarder les courses ?<\/a>&nbsp;&nbsp;MSN<\/li>\n<li><a href=\"https:\/\/news.google.com\/rss\/articles\/CBMizAFBVV95cUxNVWhINzJkaXNNTk1saTBFczMxeEZnZ1QzblpUR2p1Y1cyUWZaandkOU9rcm1zbEdSMTNTamlFWjRlNVNES1BaWUtYR0Y4MHR3Y216M0tkSXlaSmdCMFo0VjNrTXRIdUdCTGtHcWt0Z29vcVdHcThkMUtIS3dVejVENnJuV1NwYXBCNWFzNGotNldYZ1pZZldKV1lUZXFMZkxOb1VBOUxxdS1hQkdZUnBKLTVPOHF2a1JwcWpSRVJoVXBaLVZmYWU5Nm9zSDY?oc=5\" target=\"_blank\" rel=\"nofollow noopener\">Bretagne Classic CIC &#8211; Profil, parcours et favoris&#8230; la Bretagne Classic dimanche<\/a>&nbsp;&nbsp;Cyclism&rsquo;Actu<\/li>\n<\/ol>\n","protected":false},"excerpt":{"rendered":"Bretagne Classic CIC 31 ao\u00fbt 2025 les engag\u00e9s&nbsp;&nbsp;Velopressecollection \u00c0 Plouay, la course Cyclo Morbihan Ouest-France peut devenir un&hellip;\n","protected":false},"author":2,"featured_media":353510,"comment_status":"","ping_status":"","sticky":false,"template":"","format":"standard","meta":{"footnotes":""},"categories":[1411],"tags":[1154,207,1011,27,60],"class_list":{"0":"post-353509","1":"post","2":"type-post","3":"status-publish","4":"format-standard","5":"has-post-thumbnail","7":"category-cyclisme","8":"tag-cycling","9":"tag-cyclisme","10":"tag-fr","11":"tag-france","12":"tag-sports"},"share_on_mastodon":{"url":"https:\/\/pubeurope.com\/@fr\/115115301594056397","error":""},"_links":{"self":[{"href":"https:\/\/www.europesays.com\/fr\/wp-json\/wp\/v2\/posts\/353509","targetHints":{"allow":["GET"]}}],"collection":[{"href":"https:\/\/www.europesays.com\/fr\/wp-json\/wp\/v2\/posts"}],"about":[{"href":"https:\/\/www.europesays.com\/fr\/wp-json\/wp\/v2\/types\/post"}],"author":[{"embeddable":true,"href":"https:\/\/www.europesays.com\/fr\/wp-json\/wp\/v2\/users\/2"}],"replies":[{"embeddable":true,"href":"https:\/\/www.europesays.com\/fr\/wp-json\/wp\/v2\/comments?post=353509"}],"version-history":[{"count":0,"href":"https:\/\/www.europesays.com\/fr\/wp-json\/wp\/v2\/posts\/353509\/revisions"}],"wp:featuredmedia":[{"embeddable":true,"href":"https:\/\/www.europesays.com\/fr\/wp-json\/wp\/v2\/media\/353510"}],"wp:attachment":[{"href":"https:\/\/www.europesays.com\/fr\/wp-json\/wp\/v2\/media?parent=353509"}],"wp:term":[{"taxonomy":"category","embeddable":true,"href":"https:\/\/www.europesays.com\/fr\/wp-json\/wp\/v2\/categories?post=353509"},{"taxonomy":"post_tag","embeddable":true,"href":"https:\/\/www.europesays.com\/fr\/wp-json\/wp\/v2\/tags?post=353509"}],"curies":[{"name":"wp","href":"https:\/\/api.w.org\/{rel}","templated":true}]}}