{"id":353511,"date":"2025-08-30T02:14:11","date_gmt":"2025-08-30T02:14:11","guid":{"rendered":"https:\/\/www.europesays.com\/fr\/353511\/"},"modified":"2025-08-30T02:14:11","modified_gmt":"2025-08-30T02:14:11","slug":"lyon-buonanotte-ne-viendra-pas-maxifoot","status":"publish","type":"post","link":"https:\/\/www.europesays.com\/fr\/353511\/","title":{"rendered":"Lyon : Buonanotte ne viendra pas &#8211; Maxifoot"},"content":{"rendered":"<ol>\n<li><a href=\"https:\/\/news.google.com\/rss\/articles\/CBMie0FVX3lxTE14U3M3QjctWEdJa2QtM0xnLTZZNlA2N2U5Y01XY1JldnduVVBLTWpGS2hOdnNJaHNWVWxLZ1M0ZS1GYWZaLXA0TlJWRnliRnNfZXJqRmFfUTFqY3AzWXVaZkVPcTEzV0xLTUdzaERYZjJ4UGFrVWZXVXJJMNIBekFVX3lxTE5PelA5NXJxVG81ZjNabUgyTWgxaXBnNXlwZnYxcEpYWEo5b01kREJIX19JejhhZk50QTJhSDV5cEQtYmFYTkdabzFVMVpMeGJ0dS1vTEZfdm4xVXp2ejhPOXlhYXVFdTVubl8yNzBJb0xwUlNpM0o4ZUpR?oc=5\" target=\"_blank\" rel=\"nofollow noopener\">Lyon : Buonanotte ne viendra pas<\/a>&nbsp;&nbsp;Maxifoot<\/li>\n<li><a href=\"https:\/\/news.google.com\/rss\/articles\/CBMinwFBVV95cUxOVkpJUkVuSkk4NDV1aUFYejhwaEd4RVJsdVp3V0FvanJjSXUtZnZicFZqNk5QdzdiMmlveVBOTldCVTNBNXdfNnFTMGxIQzdKUk9qQ3pfSE90Rmc1TGMtMlViZGJlQVpsZ251ZmpSWEprWFpPNHNIWkRER2l1RllPNXRycHRXUkVSQXR1WEVhelN2MTlPTmJaU09CNlRJWEE?oc=5\" target=\"_blank\" rel=\"nofollow noopener\">Une priorit\u00e9 de l\u2019OL d\u00e9barque finalement \u00e0 Chelsea<\/a>&nbsp;&nbsp;Foot Mercato<\/li>\n<li><a href=\"https:\/\/news.google.com\/rss\/articles\/CBMi5wFBVV95cUxQR3pPNkRLOTV2dWhCOHJ3VHAycGNpX0d6a0VPdWEwal9ERHhsOGoySWYtYXI0X1Z5Und1OG94VmZqMUFJMVh5N2xZQW1WNUEzaXFheEdRSkF1TGtTaTNIVnpnTHZLNUZIMFdVUTNtM05fWm9pUGw2YmRuV3IwbTZDVmFhdEhwQWVVZzJFSFF0NjkxUzlvbUNtYUxyT0hEMzI4ejVTWmcySWZyT3hPRUNVMHlJd2h0N3hvMUhUajFRaGVEdWRaWWRkRWZVM0ZhNmVJMXFtbmE5cGVyYzg5NGZTUWdvLVhIbVU?oc=5\" target=\"_blank\" rel=\"nofollow noopener\">Mercato &#8211; Un autre club fran\u00e7ais veut jouer un sale tour \u00e0 l&rsquo;OL pour Facundo Buonanotte !<\/a>&nbsp;&nbsp;MadeInGones<\/li>\n<li><a href=\"https:\/\/news.google.com\/rss\/articles\/CBMixAFBVV95cUxOdGlCbld3cjh1Q1JXMkpxbUF5ODN1SGhGejhOOFUxaG84VzZJaEx1VmtLRXhyb2E3eEE5V3NxZWdFbjNHZnZ0Z1dUZHItQXJJaUdvd2hjRmtqbVZ0YzdJcWNGczBOSktEbFZNclJVNnN1RXludjV6ajV0WlhJRmpGdXd5cmxUUTJQVy1UQVhQR3NkRzdvR1RSc19LclZET2hlQ3Z3aUFNc1c0RmRnN3V1YjF0U0dob055TEJta1hrZUNmY1VQ?oc=5\" target=\"_blank\" rel=\"nofollow noopener\">Mercato : le milieu offensif de Brighton Facundo Buonanotte veut venir \u00e0 l&rsquo;OL<\/a>&nbsp;&nbsp;L&rsquo;\u00c9quipe<\/li>\n<li><a href=\"https:\/\/news.google.com\/rss\/articles\/CBMiiAFBVV95cUxOQjc4SFZZX0czZzNMUzNYWm5FN29ZVTItM3ZmZGtrQ3YxQkduams4ZGJST1ZaVERkeWszajgycXFuTUNqWkx3LTNzMDVYYjRnVjFxOXhLaFpoTktYM2Y3a2dPX0lJNTZEeWxIaWVQUkQyeU5NRjZDXzkxbU1lM2tyejdxTE9iRTVk?oc=5\" target=\"_blank\" rel=\"nofollow noopener\">Pr\u00eat \u00e0 Lyon en p\u00e9ril : Chelsea s&rsquo;active pour rafler Buonanotte !<\/a>&nbsp;&nbsp;But! Football Club<\/li>\n<\/ol>\n","protected":false},"excerpt":{"rendered":"Lyon : Buonanotte ne viendra pas&nbsp;&nbsp;Maxifoot Une priorit\u00e9 de l\u2019OL d\u00e9barque finalement \u00e0 Chelsea&nbsp;&nbsp;Foot Mercato Mercato &#8211; Un&hellip;\n","protected":false},"author":2,"featured_media":353512,"comment_status":"","ping_status":"","sticky":false,"template":"","format":"standard","meta":{"footnotes":""},"categories":[1410],"tags":[63,1011,27,60],"class_list":{"0":"post-353511","1":"post","2":"type-post","3":"status-publish","4":"format-standard","5":"has-post-thumbnail","7":"category-football","8":"tag-football","9":"tag-fr","10":"tag-france","11":"tag-sports"},"share_on_mastodon":{"url":"https:\/\/pubeurope.com\/@fr\/115115305455335255","error":""},"_links":{"self":[{"href":"https:\/\/www.europesays.com\/fr\/wp-json\/wp\/v2\/posts\/353511","targetHints":{"allow":["GET"]}}],"collection":[{"href":"https:\/\/www.europesays.com\/fr\/wp-json\/wp\/v2\/posts"}],"about":[{"href":"https:\/\/www.europesays.com\/fr\/wp-json\/wp\/v2\/types\/post"}],"author":[{"embeddable":true,"href":"https:\/\/www.europesays.com\/fr\/wp-json\/wp\/v2\/users\/2"}],"replies":[{"embeddable":true,"href":"https:\/\/www.europesays.com\/fr\/wp-json\/wp\/v2\/comments?post=353511"}],"version-history":[{"count":0,"href":"https:\/\/www.europesays.com\/fr\/wp-json\/wp\/v2\/posts\/353511\/revisions"}],"wp:featuredmedia":[{"embeddable":true,"href":"https:\/\/www.europesays.com\/fr\/wp-json\/wp\/v2\/media\/353512"}],"wp:attachment":[{"href":"https:\/\/www.europesays.com\/fr\/wp-json\/wp\/v2\/media?parent=353511"}],"wp:term":[{"taxonomy":"category","embeddable":true,"href":"https:\/\/www.europesays.com\/fr\/wp-json\/wp\/v2\/categories?post=353511"},{"taxonomy":"post_tag","embeddable":true,"href":"https:\/\/www.europesays.com\/fr\/wp-json\/wp\/v2\/tags?post=353511"}],"curies":[{"name":"wp","href":"https:\/\/api.w.org\/{rel}","templated":true}]}}