{"id":353513,"date":"2025-08-30T02:15:11","date_gmt":"2025-08-30T02:15:11","guid":{"rendered":"https:\/\/www.europesays.com\/fr\/353513\/"},"modified":"2025-08-30T02:15:11","modified_gmt":"2025-08-30T02:15:11","slug":"julia-roberts-magistrale-pour-sa-premiere-fois-a-la-mostra-de-venise","status":"publish","type":"post","link":"https:\/\/www.europesays.com\/fr\/353513\/","title":{"rendered":"Julia Roberts magistrale pour sa premi\u00e8re fois \u00e0 la Mostra de Venise"},"content":{"rendered":"<p>Des tapis rouges, <a href=\"https:\/\/www.parismatch.com\/bio\/julia-roberts\" rel=\"nofollow noopener\" target=\"_blank\">Julia Roberts<\/a> en a arpent\u00e9 des centaines depuis ses d\u00e9buts au cin\u00e9ma \u00e0 la fin des ann\u00e9es 1980. Peut-\u00eatre m\u00eame des milliers. Mais jamais elle n\u2019avait foul\u00e9 celui du Lido, \u00e0 Venise. Jusqu\u2019\u00e0 vendredi 29\u00a0ao\u00fbt 2025. Dans une longue robe noire aux subtils motifs g\u00e9om\u00e9triques, avec des escarpins noirs sign\u00e9s Roger Vivier, Julia Roberts, 57\u00a0ans, a fait ses premiers pas \u00e0 la Mostra, tout en \u00e9l\u00e9gance. Et c\u2019est avec son plus beau sourire qu\u2019elle a pos\u00e9 sous les flashes des photographes. \u00c0 ses c\u00f4t\u00e9s, ses partenaires de jeu <a href=\"https:\/\/www.parismatch.com\/People\/en-cardigan-fantaisiste-julia-roberts-apporte-son-grain-de-folie-a-la-mostra-de-venise-256169\" rel=\"nofollow noopener\" target=\"_blank\">dans \u00ab\u00a0After the Hunt\u00a0\u00bb, de Luca Guadagnino<\/a>\u00a0: Andrew Garfield, en costume bleu, cravate non nou\u00e9e, <a href=\"https:\/\/www.parismatch.com\/People\/pris-en-flagrant-delit-de-covoiturage-andrew-garfield-et-monica-barbaro-en-couple-248241\" rel=\"nofollow noopener\" target=\"_blank\">venu avec sa compagne Monica Barbaro<\/a>, et Ayo Edibiri, en bustier rouge.<\/p>\n<p>Dans \u00ab\u00a0After the Hunt\u00a0\u00bb, le nouveau film du r\u00e9alisateur italien \u00e0 qui l\u2019on doit l\u2019inoubliable \u00ab\u00a0Call Me By Your Name\u00a0\u00bb (2017), entre autres, s\u00e9lectionn\u00e9 hors comp\u00e9tition au <a href=\"https:\/\/www.parismatch.com\/People\/george-clooney-julia-roberts-jude-law-casting-5-etoiles-a-la-mostra-de-venise-254623\" rel=\"nofollow noopener\" target=\"_blank\">82e festival du cin\u00e9ma v\u00e9nitien<\/a>, Julia Robert incarne Alma, une professeure de philosophie \u00e0 la prestigieuse universit\u00e9 de Yale, confront\u00e9e \u00e0 un dilemme \u00e9thique apr\u00e8s que Maggie (Ayo Edebiri), une de ses \u00e9tudiantes, et m\u00eame sa prot\u00e9g\u00e9e, accuse son coll\u00e8gue et ami Henrik (Andrew Garfield) d\u2019agression sexuelle. Un thriller psychologique qui fait d\u00e9j\u00e0 pol\u00e9mique, accus\u00e9 d\u2019\u00eatre \u00e0 rebours du mouvement \u00ab\u00a0MeToo\u00a0\u00bb.<\/p>\n<p>    La suite apr\u00e8s cette publicit\u00e9<\/p>\n<p>Une premi\u00e8re \u00e0 Venise mouvement\u00e9e pour Julia Roberts<\/p>\n<p>Des accusations auxquelles Julia Roberts a r\u00e9pondu en conf\u00e9rence de presse, jeudi 28\u00a0ao\u00fbt\u00a0: \u00ab\u00a0Je n\u2019ai pas envie d\u2019\u00eatre d\u00e9sagr\u00e9able, ce n\u2019est pas dans ma nature\u00a0\u00bb, a-t-elle d\u00e9clar\u00e9 devant une salle pleine de journaliste, comme le rapporte \u00ab\u00a0<a href=\"https:\/\/variety.com\/2025\/film\/news\/luca-guadagnino-after-the-hunt-opening-credits-woody-allen-metoo-1236501824\/\" rel=\"nofollow noopener\" target=\"_blank\">Variety\u00a0<\/a>\u00bb. \u00ab\u00a0On ne fait pas de d\u00e9claration, on fait le portrait de personnages \u00e0 un instant T. Ce n\u2019est pas juste histoire de remuer ce sujet des femmes qui sont mont\u00e9es les unes contre les autres, ou qui ne se soutiennent pas.\u00a0\u00bb Elle a continu\u00e9\u00a0: \u00ab\u00a0Je ne sais pas si ce film va cr\u00e9er une controverse, mais vous \u00e9voquez que vous avez discut\u00e9 entre vous tous, journalistes, en sortant de la salle. Et c\u2019est \u00e7a qu\u2019on veut. \u00catre enthousiasm\u00e9s ou indign\u00e9s, \u00e7a vous regarde.\u00a0\u00bb<\/p>\n<p>    La suite apr\u00e8s cette publicit\u00e9<\/p>\n<p>\u00ab\u00a0Il s\u2019agit de regarder les personnages \u00e0 travers leur v\u00e9rit\u00e9\u00a0\u00bb, a ajout\u00e9 Luca Guadagnino. \u00ab\u00a0Pas de dire qu\u2019une de ces v\u00e9rit\u00e9s est plus importante qu\u2019une autre. C\u2019est d\u2019observer la confrontation de ces v\u00e9rit\u00e9s, quelles sont les limites de ces v\u00e9rit\u00e9s entre elles. Il ne s\u2019agit pas d\u2019un manifeste qui incite \u00e0 mettre en lumi\u00e8re de vieilles valeurs d\u00e9pass\u00e9es.\u00a0\u00bb Un d\u00e9bat qui s\u2019est conclu par une plaisanterie de Julia Roberts\u00a0: \u00ab\u00a0J\u2019adore ces questions l\u00e9g\u00e8res et faciles d\u00e8s le matin.\u00a0\u00bb<\/p>\n","protected":false},"excerpt":{"rendered":"Des tapis rouges, Julia Roberts en a arpent\u00e9 des centaines depuis ses d\u00e9buts au cin\u00e9ma \u00e0 la fin&hellip;\n","protected":false},"author":2,"featured_media":353514,"comment_status":"","ping_status":"","sticky":false,"template":"","format":"standard","meta":{"footnotes":""},"categories":[1359],"tags":[58,59,1011,27,973],"class_list":{"0":"post-353513","1":"post","2":"type-post","3":"status-publish","4":"format-standard","5":"has-post-thumbnail","7":"category-people","8":"tag-divertissement","9":"tag-entertainment","10":"tag-fr","11":"tag-france","12":"tag-people"},"share_on_mastodon":{"url":"https:\/\/pubeurope.com\/@fr\/115115309376173587","error":""},"_links":{"self":[{"href":"https:\/\/www.europesays.com\/fr\/wp-json\/wp\/v2\/posts\/353513","targetHints":{"allow":["GET"]}}],"collection":[{"href":"https:\/\/www.europesays.com\/fr\/wp-json\/wp\/v2\/posts"}],"about":[{"href":"https:\/\/www.europesays.com\/fr\/wp-json\/wp\/v2\/types\/post"}],"author":[{"embeddable":true,"href":"https:\/\/www.europesays.com\/fr\/wp-json\/wp\/v2\/users\/2"}],"replies":[{"embeddable":true,"href":"https:\/\/www.europesays.com\/fr\/wp-json\/wp\/v2\/comments?post=353513"}],"version-history":[{"count":0,"href":"https:\/\/www.europesays.com\/fr\/wp-json\/wp\/v2\/posts\/353513\/revisions"}],"wp:featuredmedia":[{"embeddable":true,"href":"https:\/\/www.europesays.com\/fr\/wp-json\/wp\/v2\/media\/353514"}],"wp:attachment":[{"href":"https:\/\/www.europesays.com\/fr\/wp-json\/wp\/v2\/media?parent=353513"}],"wp:term":[{"taxonomy":"category","embeddable":true,"href":"https:\/\/www.europesays.com\/fr\/wp-json\/wp\/v2\/categories?post=353513"},{"taxonomy":"post_tag","embeddable":true,"href":"https:\/\/www.europesays.com\/fr\/wp-json\/wp\/v2\/tags?post=353513"}],"curies":[{"name":"wp","href":"https:\/\/api.w.org\/{rel}","templated":true}]}}