{"id":353515,"date":"2025-08-30T02:16:17","date_gmt":"2025-08-30T02:16:17","guid":{"rendered":"https:\/\/www.europesays.com\/fr\/353515\/"},"modified":"2025-08-30T02:16:17","modified_gmt":"2025-08-30T02:16:17","slug":"les-instants-preserves-dun-photographe-de-dordogne","status":"publish","type":"post","link":"https:\/\/www.europesays.com\/fr\/353515\/","title":{"rendered":"les \u00ab\u00a0Instants pr\u00e9serv\u00e9s\u00a0\u00bb d\u2019un photographe de Dordogne"},"content":{"rendered":"<p>Il y a du Doisneau ou du Cartier-Bresson dans ses clich\u00e9s. Comme eux, Jean-Claude Cousteille se revendique photographe humaniste\u00a0; de ceux qui aiment saisir les gens dans leur quotidien, r\u00e9v\u00e9ler la beaut\u00e9, la pr\u00e9ciosit\u00e9 de moments simples, y compris quand il s\u2019agit de stars. Des tranches de vie et des portraits, il en a fig\u00e9 sur la pellicule en plus de cinquante ans de carri\u00e8re. Jusqu\u2019au samedi 6\u00a0septembre, il expose une partie de ses meilleurs \u00ab\u00a0Instants pr\u00e9serv\u00e9s\u00a0\u00bb \u00e0 P\u00e9rigueux (Dordogne), \u00e0 la galerie L\u2019App\u2019art.<\/p>\n<p>        <img decoding=\"async\" id=\"25677069\" src=\"https:\/\/www.europesays.com\/fr\/wp-content\/uploads\/2025\/08\/20250826-185112.jpg\" alt=\"L\u2019exposition \u00ab\u00a0Instants pr\u00e9serv\u00e9s\u00a0\u00bb met \u00e0 l\u2019honneur les villes et villages du P\u00e9rigord, tels qu\u2019ils \u00e9taient hier.\" itemprop=\"contentURL\"\/><\/p>\n<p>    L\u2019exposition \u00ab\u00a0Instants pr\u00e9serv\u00e9s\u00a0\u00bb met \u00e0 l\u2019honneur les villes et villages du P\u00e9rigord, tels qu\u2019ils \u00e9taient hier.<\/p>\n<p>Virginie Desmet<\/p>\n<p>Jean-Claude Cousteille, 83\u00a0ans, est un enfant du pays, un Bergeracois depuis toujours\u00a0: \u00ab\u00a0Les origines de ma famille dans cette ville remontent \u00e0 1500 et quelques\u2026\u00a0\u00bb, dit-il. C\u2019est l\u00e0 qu\u2019est n\u00e9e cette passion pour la photo, avec le vieux Kodak de son p\u00e8re\u00a0: \u00ab\u00a0J\u2019avais dans les 14 ou 15\u00a0ans.\u00a0\u00bb Elle ne l\u2019a plus l\u00e2ch\u00e9.<\/p>\n<p>\u00ab\u00a0La vendeuse de p\u00e2tisseries\u00a0\u00bb<\/p>\n<p>C\u2019est son p\u00e8re, encore, qui lui ach\u00e8te son premier reflex d\u2019occasion. L\u2019appareil photo en bandouli\u00e8re, il part pour l\u2019Espagne avec des copains. On est en 1961. Au gr\u00e9 du voyage, il immortalise des sc\u00e8nes, notamment \u00ab\u00a0La vendeuse de p\u00e2tisseries\u00a0\u00bb\u00a0: une image d\u2019un autre temps qui, une soixantaine d\u2019ann\u00e9es plus tard, fait partie de son expo p\u00e9rigourdine.<\/p>\n<p>\u00ab\u00a0Instants pr\u00e9serv\u00e9s\u00a0\u00bb met \u00e9galement \u00e0 l\u2019honneur les villes et villages d\u2019ici tel qu\u2019ils \u00e9taient hier\u00a0: le march\u00e9 de Vergt en 1970, la mont\u00e9e au ch\u00e2teau de Biron en 1971, des anciens assis sur un banc de Beaumont en 1972. Souvenirs aussi de vedettes pass\u00e9es par le P\u00e9rigord\u00a0: Jos\u00e9phine Baker, quand elle y vivait\u00a0; Francis Huster, lorsqu\u2019il y tourna, ou encore Brigitte Bardot. Cette derni\u00e8re, que Jean-Claude Cousteille a photographi\u00e9 au ch\u00e2teau de F\u00e9nelon \u00e0 Sainte-Mondane en 1973, a donn\u00e9 son accord pour l\u2019exposition de ses portraits il n\u2019y a pas si longtemps\u00a0: en 2023.<\/p>\n<p><strong>Pratique. <\/strong>L\u2019exposition \u00ab\u00a0Instants pr\u00e9serv\u00e9s\u00a0\u00bb est visible du lundi au samedi de 14\u00a0h\u00a030 \u00e0 18\u00a0h\u00a030. Une rencontre-\u00e9change autour de l\u2019\u0153uvre de ce photographe aura lieu samedi 6\u00a0septembre, \u00e0 18\u00a0h\u00a030. Entr\u00e9e libre.<\/p>\n","protected":false},"excerpt":{"rendered":"Il y a du Doisneau ou du Cartier-Bresson dans ses clich\u00e9s. Comme eux, Jean-Claude Cousteille se revendique photographe&hellip;\n","protected":false},"author":2,"featured_media":353516,"comment_status":"","ping_status":"","sticky":false,"template":"","format":"standard","meta":{"footnotes":""},"categories":[1358],"tags":[1348,1384,1385,1386,58,59,1011,27],"class_list":{"0":"post-353515","1":"post","2":"type-post","3":"status-publish","4":"format-standard","5":"has-post-thumbnail","7":"category-arts-et-design","8":"tag-arts","9":"tag-arts-and-design","10":"tag-arts-et-design","11":"tag-design","12":"tag-divertissement","13":"tag-entertainment","14":"tag-fr","15":"tag-france"},"share_on_mastodon":{"url":"https:\/\/pubeurope.com\/@fr\/115115313439413683","error":""},"_links":{"self":[{"href":"https:\/\/www.europesays.com\/fr\/wp-json\/wp\/v2\/posts\/353515","targetHints":{"allow":["GET"]}}],"collection":[{"href":"https:\/\/www.europesays.com\/fr\/wp-json\/wp\/v2\/posts"}],"about":[{"href":"https:\/\/www.europesays.com\/fr\/wp-json\/wp\/v2\/types\/post"}],"author":[{"embeddable":true,"href":"https:\/\/www.europesays.com\/fr\/wp-json\/wp\/v2\/users\/2"}],"replies":[{"embeddable":true,"href":"https:\/\/www.europesays.com\/fr\/wp-json\/wp\/v2\/comments?post=353515"}],"version-history":[{"count":0,"href":"https:\/\/www.europesays.com\/fr\/wp-json\/wp\/v2\/posts\/353515\/revisions"}],"wp:featuredmedia":[{"embeddable":true,"href":"https:\/\/www.europesays.com\/fr\/wp-json\/wp\/v2\/media\/353516"}],"wp:attachment":[{"href":"https:\/\/www.europesays.com\/fr\/wp-json\/wp\/v2\/media?parent=353515"}],"wp:term":[{"taxonomy":"category","embeddable":true,"href":"https:\/\/www.europesays.com\/fr\/wp-json\/wp\/v2\/categories?post=353515"},{"taxonomy":"post_tag","embeddable":true,"href":"https:\/\/www.europesays.com\/fr\/wp-json\/wp\/v2\/tags?post=353515"}],"curies":[{"name":"wp","href":"https:\/\/api.w.org\/{rel}","templated":true}]}}