{"id":353517,"date":"2025-08-30T02:17:23","date_gmt":"2025-08-30T02:17:23","guid":{"rendered":"https:\/\/www.europesays.com\/fr\/353517\/"},"modified":"2025-08-30T02:17:23","modified_gmt":"2025-08-30T02:17:23","slug":"letincelle-en-moi-chronique-litterature-jeunesse-le-suricate","status":"publish","type":"post","link":"https:\/\/www.europesays.com\/fr\/353517\/","title":{"rendered":"L\u2019\u00e9tincelle en moi (chronique litt\u00e9rature jeunesse) \u2022 Le Suricate"},"content":{"rendered":"<p><a href=\"https:\/\/www.grasset.fr\/livre\/letincelle-en-moi-9782246839323\/\" rel=\"nofollow noopener\" target=\"_blank\"><img fetchpriority=\"high\" decoding=\"async\" width=\"531\" height=\"708\" src=\"https:\/\/www.europesays.com\/fr\/wp-content\/uploads\/2025\/08\/L-etincelle-en-moi-couv.png\" alt=\"Couverture du livre pour enfants \u00ab L\u2019\u00e9tincelle en moi \u00bb de Miguel Tanco (Grasset-Jeunesse, 2025)\" class=\"wp-image-87285 size-full\"  \/><\/a><\/p>\n<p class=\"has-text-align-right\">Titre : <strong>L\u2019\u00e9tincelle en moi<\/strong><br \/>Texte et dessin : <strong>Miguel Tanco<\/strong><br \/>\u00c9diteur : <strong><a href=\"https:\/\/www.grasset.fr\/livre\/letincelle-en-moi-9782246839323\/\" rel=\"nofollow noopener\" target=\"_blank\">Grasset<\/a><\/strong><br \/>Date de parution : <strong>23 avril 2025<\/strong><br \/>Genre : <strong>Album jeunesse<\/strong><\/p>\n<p><strong>L\u2019\u00e9tincelle en moi est un album jeunesse original et tr\u00e8s stimulant qui initie les jeunes enfants au monde merveilleux de la physique. \u00c0 travers les questions d\u2019une petite fille sur le monde qui l\u2019entoure, il explore des th\u00e8mes complexes, comme la gravit\u00e9 ou la vitesse du son, de mani\u00e8re tr\u00e8s concr\u00e8te et imag\u00e9e. Hybride, alliant une fiction joliment illustr\u00e9e et une partie documentaire, ce livre inaugure une s\u00e9rie ambitieuse et prometteuse sur les sciences.<\/strong><\/p>\n<p>\u00ab\u00a0Si l\u2019espace est rempli d\u2019\u00e9toiles, pourquoi est-il si sombre\u00a0?\u00a0\u00bb<\/p>\n<p>Divis\u00e9 en deux parties, L\u2019\u00e9tincelle en moi est d\u2019abord un album illustr\u00e9, accessible d\u00e8s la maternelle. Il met en sc\u00e8ne les questionnements d\u2019une petite fille qui observe les ph\u00e9nom\u00e8nes naturels autour d\u2019elle, avant de franchir la porte d\u2019une biblioth\u00e8que pour y chercher des r\u00e9ponses. Le texte, court et de style oral, est accompagn\u00e9 de grandes illustrations en couleurs qui s\u2019\u00e9talent sur une double page. R\u00e9alis\u00e9es \u00e0 l\u2019encre et \u00e0 l\u2019aquarelle, elles insufflent \u00e0 l\u2019album douceur et po\u00e9sie. La petite h\u00e9ro\u00efne, avec son look streetwear, ses dreadlocks et sa trottinette, se d\u00e9marque du st\u00e9r\u00e9otype habituel du petit scientifique boutonneux \u00e0 lunettes.<\/p>\n<p>L\u2019envie d\u2019aller plus loin<\/p>\n<p>La deuxi\u00e8me partie de l\u2019album contient une explication des concepts scientifiques qui offrent des pistes de r\u00e9ponse aux questions de la petite fille. Chaque double page se compose de plusieurs croquis en noir et blanc accompagn\u00e9s de l\u00e9gendes, dans un langage simple mais pr\u00e9cis. Plut\u00f4t destin\u00e9e aux enfants d\u2019\u00e2ge primaire, cette partie aborde notamment la production de lumi\u00e8re par les \u00e9toiles, les mol\u00e9cules, la gravit\u00e9, l\u2019effet de levier, ou encore le principe d\u2019Archim\u00e8de. Pour aller plus loin, l\u2019album inclut par ailleurs un code QR qui permet de t\u00e9l\u00e9charger gratuitement un cahier d\u2019activit\u00e9s d\u2019une dizaine de pages, destin\u00e9 \u00e0 \u00eatre imprim\u00e9 en noir et blanc.<\/p>\n<p>Un peu \u00e0 la mani\u00e8re de <a href=\"https:\/\/www.lesuricate.org\/la-petite-boutique-des-odeurs\/\" target=\"_blank\" rel=\"noreferrer noopener nofollow\">La petite boutique des odeurs<\/a>, L\u2019\u00e9tincelle en moi utilise la fiction pour stimuler la curiosit\u00e9 scientifique des jeunes enfants et permet, par la m\u00eame occasion, aux adultes de rafra\u00eechir leurs connaissances. Le r\u00e9sultat \u00e9tant tr\u00e8s r\u00e9ussi, on a h\u00e2te de d\u00e9couvrir les deux prochains tomes de la s\u00e9rie, consacr\u00e9s aux math\u00e9matiques et \u00e0 la chimie. La sortie de <a href=\"https:\/\/www.grasset.fr\/livre\/compte-sur-moi-9782246839385\/\" target=\"_blank\" rel=\"noreferrer noopener nofollow\">Compte sur moi<\/a> est pr\u00e9vue le 24 septembre.<\/p>\n","protected":false},"excerpt":{"rendered":"Titre : L\u2019\u00e9tincelle en moiTexte et dessin : Miguel Tanco\u00c9diteur : GrassetDate de parution : 23 avril 2025Genre&hellip;\n","protected":false},"author":2,"featured_media":353518,"comment_status":"","ping_status":"","sticky":false,"template":"","format":"standard","meta":{"footnotes":""},"categories":[1357],"tags":[1379,58,59,1011,27,1380],"class_list":{"0":"post-353517","1":"post","2":"type-post","3":"status-publish","4":"format-standard","5":"has-post-thumbnail","7":"category-livres","8":"tag-books","9":"tag-divertissement","10":"tag-entertainment","11":"tag-fr","12":"tag-france","13":"tag-livres"},"share_on_mastodon":{"url":"https:\/\/pubeurope.com\/@fr\/115115317260744907","error":""},"_links":{"self":[{"href":"https:\/\/www.europesays.com\/fr\/wp-json\/wp\/v2\/posts\/353517","targetHints":{"allow":["GET"]}}],"collection":[{"href":"https:\/\/www.europesays.com\/fr\/wp-json\/wp\/v2\/posts"}],"about":[{"href":"https:\/\/www.europesays.com\/fr\/wp-json\/wp\/v2\/types\/post"}],"author":[{"embeddable":true,"href":"https:\/\/www.europesays.com\/fr\/wp-json\/wp\/v2\/users\/2"}],"replies":[{"embeddable":true,"href":"https:\/\/www.europesays.com\/fr\/wp-json\/wp\/v2\/comments?post=353517"}],"version-history":[{"count":0,"href":"https:\/\/www.europesays.com\/fr\/wp-json\/wp\/v2\/posts\/353517\/revisions"}],"wp:featuredmedia":[{"embeddable":true,"href":"https:\/\/www.europesays.com\/fr\/wp-json\/wp\/v2\/media\/353518"}],"wp:attachment":[{"href":"https:\/\/www.europesays.com\/fr\/wp-json\/wp\/v2\/media?parent=353517"}],"wp:term":[{"taxonomy":"category","embeddable":true,"href":"https:\/\/www.europesays.com\/fr\/wp-json\/wp\/v2\/categories?post=353517"},{"taxonomy":"post_tag","embeddable":true,"href":"https:\/\/www.europesays.com\/fr\/wp-json\/wp\/v2\/tags?post=353517"}],"curies":[{"name":"wp","href":"https:\/\/api.w.org\/{rel}","templated":true}]}}