{"id":35352,"date":"2025-04-19T02:02:18","date_gmt":"2025-04-19T02:02:18","guid":{"rendered":"https:\/\/www.europesays.com\/fr\/35352\/"},"modified":"2025-04-19T02:02:18","modified_gmt":"2025-04-19T02:02:18","slug":"a-marseille-une-chance-sur-trois-de-retrouver-ce-que-lon-a-perdu","status":"publish","type":"post","link":"https:\/\/www.europesays.com\/fr\/35352\/","title":{"rendered":"\u00e0 Marseille, une chance sur trois de retrouver ce que l&rsquo;on a perdu !"},"content":{"rendered":"<p>\u00c0 Marseille, si vous perdez quelque chose, vous avez une chance de le retrouver. Une probabilit\u00e9 s\u00e9rieuse dix fois plus \u00e9lev\u00e9e que la moyenne fran\u00e7aise\u00a0! Le service des objets trouv\u00e9s, situ\u00e9 dans le 15e arrondissement, se targue en effet d\u2019afficher une statistique glorieuse\u00a0: \u00ab\u00a0\u00c0 Marseille, 15\u00a0793 objets ont \u00e9t\u00e9 trouv\u00e9s en\u00a02024 dont <a href=\"https:\/\/www.laprovence.com\/article\/region\/1391929349540616\/objets-perdus-a-marseille-avec-lappli-troov-trois-fois-plus-dheureux\" target=\"_blank\" rel=\"nofollow noopener\">28,73% ont \u00e9t\u00e9<\/a><a href=\"https:\/\/www.laprovence.com\/article\/region\/1391929349540616\/objets-perdus-a-marseille-avec-lappli-troov-trois-fois-plus-dheureux\" target=\"_blank\" rel=\"nofollow noopener\">\u00a0restitu\u00e9s \u00e0 leurs propri\u00e9taires<\/a> alors qu\u2019\u00e0 l\u2019\u00e9chelle nationale ce ratio est de 2,5%\u00a0!\u00a0\u00bb, souligne Aur\u00e9lie Toubol, cofondatrice (avec Gr\u00e9goire Rey-Brot) de l\u2019application Troov en\u00a02018.<\/p>\n","protected":false},"excerpt":{"rendered":"\u00c0 Marseille, si vous perdez quelque chose, vous avez une chance de le retrouver. Une probabilit\u00e9 s\u00e9rieuse dix&hellip;\n","protected":false},"author":2,"featured_media":35353,"comment_status":"","ping_status":"","sticky":false,"template":"","format":"standard","meta":{"footnotes":""},"categories":[2814],"tags":[17,1111,11,11469,2933,1777,674,1011,27,11468,884,12,11470,882,16,25,987,133],"class_list":{"0":"post-35352","1":"post","2":"type-post","3":"status-publish","4":"format-standard","5":"has-post-thumbnail","7":"category-marseille","8":"tag-17","9":"tag-actu","10":"tag-actualites","11":"tag-dentier","12":"tag-dvd","13":"tag-eu","14":"tag-europe","15":"tag-fr","16":"tag-france","17":"tag-mariee","18":"tag-marseille","19":"tag-news","20":"tag-pornos","21":"tag-provence-alpes-cote-dazur","22":"tag-region","23":"tag-republique-francaise","24":"tag-robe","25":"tag-video"},"share_on_mastodon":{"url":"https:\/\/pubeurope.com\/@fr\/114362171019418023","error":""},"_links":{"self":[{"href":"https:\/\/www.europesays.com\/fr\/wp-json\/wp\/v2\/posts\/35352","targetHints":{"allow":["GET"]}}],"collection":[{"href":"https:\/\/www.europesays.com\/fr\/wp-json\/wp\/v2\/posts"}],"about":[{"href":"https:\/\/www.europesays.com\/fr\/wp-json\/wp\/v2\/types\/post"}],"author":[{"embeddable":true,"href":"https:\/\/www.europesays.com\/fr\/wp-json\/wp\/v2\/users\/2"}],"replies":[{"embeddable":true,"href":"https:\/\/www.europesays.com\/fr\/wp-json\/wp\/v2\/comments?post=35352"}],"version-history":[{"count":0,"href":"https:\/\/www.europesays.com\/fr\/wp-json\/wp\/v2\/posts\/35352\/revisions"}],"wp:featuredmedia":[{"embeddable":true,"href":"https:\/\/www.europesays.com\/fr\/wp-json\/wp\/v2\/media\/35353"}],"wp:attachment":[{"href":"https:\/\/www.europesays.com\/fr\/wp-json\/wp\/v2\/media?parent=35352"}],"wp:term":[{"taxonomy":"category","embeddable":true,"href":"https:\/\/www.europesays.com\/fr\/wp-json\/wp\/v2\/categories?post=35352"},{"taxonomy":"post_tag","embeddable":true,"href":"https:\/\/www.europesays.com\/fr\/wp-json\/wp\/v2\/tags?post=35352"}],"curies":[{"name":"wp","href":"https:\/\/api.w.org\/{rel}","templated":true}]}}