{"id":353521,"date":"2025-08-30T02:19:10","date_gmt":"2025-08-30T02:19:10","guid":{"rendered":"https:\/\/www.europesays.com\/fr\/353521\/"},"modified":"2025-08-30T02:19:10","modified_gmt":"2025-08-30T02:19:10","slug":"zaz-devoile-son-nouveau-duo-avec-un-grand-chanteur-francais","status":"publish","type":"post","link":"https:\/\/www.europesays.com\/fr\/353521\/","title":{"rendered":"Zaz d\u00e9voile son nouveau duo avec un grand chanteur fran\u00e7ais"},"content":{"rendered":"<p><img decoding=\"async\" src=\"https:\/\/www.europesays.com\/fr\/wp-content\/uploads\/2025\/08\/photo_1756459087.jpg\" class=\"textcenter img-content\" loading=\"lazy\"\/>YouTube<br \/>\n<br \/>\n                \u00ab Tout est parfaitement align\u00e9 \u00bb. C&rsquo;est une Zaz plus sereine et apais\u00e9e qui reviendra le 19 septembre panser les coeurs avec son timbre unique. Sur son sixi\u00e8me album <a href=\"https:\/\/www.chartsinfrance.net\/actualite\/news-132505.html\" target=\"_blank\" class=\"spip_out\" rel=\"nofollow noopener\">\u00ab\u00a0Sains et saufs\u00a0\u00bb<\/a>, la chanteuse a ressenti le besoin de chercher la lumi\u00e8re m\u00eame dans les recoins sombres. Et c&rsquo;est dans l&rsquo;\u00e9change, dans l&rsquo;autre, que l&rsquo;artiste a trouv\u00e9 son \u00e9quilibre. \u00ab S&rsquo;entourer de gens qui font sortir le meilleur de moi-m\u00eame. S&rsquo;accompagner de gens qui nous valorisent, nous \u00e9coutent sans jugement.\u2028De gens qui nous ouvrent les bras pour nous permettre d&rsquo;exp\u00e9rimenter et d&rsquo;exprimer en toute s\u00e9curit\u00e9.\u2028Qui nous voient, parfois m\u00eame quand tout est flou.\u2028Des gens qui nous offrent leur po\u00e9sie, leurs r\u00eaves, leur souffle.\u2028Qui nous accueillent dans nos doutes et dans nos folies.\u2028Des gens aimants et g\u00e9n\u00e9reux. J&rsquo;ai beaucoup de chance, et en m\u00eame temps je l&rsquo;ai choisi.\u2028J&rsquo;ai demand\u00e9 et j&rsquo;ai re\u00e7u \u00bb confie l&rsquo;interpr\u00e8te de \u00ab\u00a0Mon coeur tu es fou\u00a0\u00bb.<\/p>\n<p>Le player Dailymotion est en train de se charger&#8230;<\/p>\n<p>\u00ab\u00a0Quel bonheur de se retrouver\u00a0\u00bb<br \/>\nAinsi, Zaz s&rsquo;est entour\u00e9e en studio d&rsquo;une longue liste de collaborateurs comprenant Puggy, SAGE, Laurent Lamarca, Tristan Salvati, Chien Noir mais aussi Vianney, qu&rsquo;elle a <a href=\"https:\/\/www.chartsinfrance.net\/actualite\/news-132520.html\" target=\"_blank\" class=\"spip_out\" rel=\"nofollow noopener\">c\u00f4toy\u00e9 dans \u00ab\u00a0The Voice\u00a0\u00bb<\/a> saison 14, No\u00e9 Preszow ainsi que Rapha\u00ebl. Et justement, alors que <a href=\"https:\/\/www.chartsinfrance.net\/actualite\/news-131942.html\" target=\"_blank\" class=\"spip_out\" rel=\"nofollow noopener\">\u00ab\u00a0Je pardonne\u00a0\u00bb<\/a> a pris le relais en qualit\u00e9 de single c\u00f4t\u00e9 promotion, l&rsquo;artiste originaire de Tours accompagne la fin de l&rsquo;\u00e9t\u00e9 en douceur avec \u00ab\u00a0Une passerelle vers la mer\u00a0\u00bb, son duo avec Rapha\u00ebl. \u00ab Je crois bien que c&rsquo;est l&rsquo;une de mes pr\u00e9f\u00e9r\u00e9es de l&rsquo;album \u00bb assure-t-elle sur Instagram, ravie de m\u00ealer sa voix \u00e0 celle si d\u00e9licate de son \u00ab ami de toujours \u00bb. \u00ab Comme \u00e0 chaque fois que l&rsquo;on travaille ensemble, je ressens une forme de magie, quelque chose au del\u00e0 des mots\u2026 Quel bonheur de se retrouver ! \u00bb ajoute la musicienne, \u00ab hyper fi\u00e8re \u00bb de ce titre envo\u00fbtant dont les arrangements sont sign\u00e9s du groupe rock belge Puggy.<\/p>\n<blockquote class=\"quote\"><p><b>A LIRE &#8211;<\/b> <a href=\"https:\/\/www.chartsinfrance.net\/Zaz\/news-132795.html\" target=\"_blank\" class=\"spip_out\" rel=\"nofollow noopener\">\u00ab\u00a0Le venin des gens&#8230;\u00a0\u00bb : Zaz a voulu mettre fin \u00e0 sa carri\u00e8re \u00e0 cause des critiques<\/a><\/p><\/blockquote>\n<p>\n\u00ab J&rsquo;aurais voulu que tu fasses la paix avec toi, qu&rsquo;il existe quelque part une passerelle vers la mer \u00bb fredonnent les deux artistes sur cette ballade atmosph\u00e9rique qui promet de tr\u00e8s jolis moments sur sc\u00e8ne. Ambitieuse, Zaz s&rsquo;\u00e9lancera dans une tourn\u00e9e des Z\u00e9nith en 2026 mais aussi une tourn\u00e9e mondiale, avec des dates programm\u00e9es en Europe (Vienne, Prague, Londres&#8230;) et en Am\u00e9rique du Sud (Mexico, Bogota, Rio de Janeiro&#8230;) \u00e0 l&rsquo;hiver prochain.<\/p>\n","protected":false},"excerpt":{"rendered":"YouTube \u00ab Tout est parfaitement align\u00e9 \u00bb. C&rsquo;est une Zaz plus sereine et apais\u00e9e qui reviendra le 19&hellip;\n","protected":false},"author":2,"featured_media":353522,"comment_status":"","ping_status":"","sticky":false,"template":"","format":"standard","meta":{"footnotes":""},"categories":[1355],"tags":[58,59,1011,27,1361,873],"class_list":{"0":"post-353521","1":"post","2":"type-post","3":"status-publish","4":"format-standard","5":"has-post-thumbnail","7":"category-musique","8":"tag-divertissement","9":"tag-entertainment","10":"tag-fr","11":"tag-france","12":"tag-music","13":"tag-musique"},"share_on_mastodon":{"url":"https:\/\/pubeurope.com\/@fr\/115115325396849983","error":""},"_links":{"self":[{"href":"https:\/\/www.europesays.com\/fr\/wp-json\/wp\/v2\/posts\/353521","targetHints":{"allow":["GET"]}}],"collection":[{"href":"https:\/\/www.europesays.com\/fr\/wp-json\/wp\/v2\/posts"}],"about":[{"href":"https:\/\/www.europesays.com\/fr\/wp-json\/wp\/v2\/types\/post"}],"author":[{"embeddable":true,"href":"https:\/\/www.europesays.com\/fr\/wp-json\/wp\/v2\/users\/2"}],"replies":[{"embeddable":true,"href":"https:\/\/www.europesays.com\/fr\/wp-json\/wp\/v2\/comments?post=353521"}],"version-history":[{"count":0,"href":"https:\/\/www.europesays.com\/fr\/wp-json\/wp\/v2\/posts\/353521\/revisions"}],"wp:featuredmedia":[{"embeddable":true,"href":"https:\/\/www.europesays.com\/fr\/wp-json\/wp\/v2\/media\/353522"}],"wp:attachment":[{"href":"https:\/\/www.europesays.com\/fr\/wp-json\/wp\/v2\/media?parent=353521"}],"wp:term":[{"taxonomy":"category","embeddable":true,"href":"https:\/\/www.europesays.com\/fr\/wp-json\/wp\/v2\/categories?post=353521"},{"taxonomy":"post_tag","embeddable":true,"href":"https:\/\/www.europesays.com\/fr\/wp-json\/wp\/v2\/tags?post=353521"}],"curies":[{"name":"wp","href":"https:\/\/api.w.org\/{rel}","templated":true}]}}