{"id":353525,"date":"2025-08-30T02:21:11","date_gmt":"2025-08-30T02:21:11","guid":{"rendered":"https:\/\/www.europesays.com\/fr\/353525\/"},"modified":"2025-08-30T02:21:11","modified_gmt":"2025-08-30T02:21:11","slug":"il-perd-la-vue-apres-avoir-pris-ce-medicament-contre-le-diabete","status":"publish","type":"post","link":"https:\/\/www.europesays.com\/fr\/353525\/","title":{"rendered":"Il perd la vue apr\u00e8s avoir pris ce m\u00e9dicament contre le diab\u00e8te"},"content":{"rendered":"<p class=\"mb-4 text-lg md:leading-8 break-words\">Dans un entretien exclusif avec Angie Moreschi, correspondante pour le m\u00e9dia Spotlight on America, Todd Engel raconte sa terrible exp\u00e9rience. Cet homme de 62 ans, vivant dans l&rsquo;\u00c9tat du Maryland aux \u00c9tats-Unis, explique comment il est devenu aveugle du jour au lendemain apr\u00e8s la prise d\u2019un m\u00e9dicament bien connu : l\u2019Ozempic.<\/p>\n<p><b>Un m\u00e9dicament r\u00e9volutionnaire qui n\u2019est pas sans danger<\/b><\/p>\n<p class=\"mb-4 text-lg md:leading-8 break-words\">L\u2019histoire de Todd Engel n\u2019est pas un cas isol\u00e9. Aux \u00c9tats-Unis, plusieurs personnes sous Ozempic sont devenues aveugles suite \u00e0 ce traitement. Le soixantenaire a malheureusement subi le m\u00eame sort en perdant la vue du c\u00f4t\u00e9 droit seulement quelques mois apr\u00e8s que son m\u00e9decin lui ait prescrit de l\u2019Ozempic pour l\u2019aider \u00e0 traiter son diab\u00e8te. Class\u00e9s parmi les m\u00e9dicaments appel\u00e9s GLP-1, l\u2019Ozempic est jug\u00e9 comme r\u00e9volutionnaire par les m\u00e9decins. Et cela, parce qu\u2019il agit comme une hormone produite dans l\u2019intestin (glucagon-like peptide-1), dont le r\u00f4le est de contr\u00f4ler la glyc\u00e9mie. C\u2019est pourquoi, il serait particuli\u00e8rement efficace pour le traitement du diab\u00e8te et de l\u2019ob\u00e9sit\u00e9. Ce sympt\u00f4me effrayant et impr\u00e9visible a men\u00e9 tout droit Todd Engel \u00e0 l&rsquo;h\u00f4pital. Le corps m\u00e9dical lui diagnostique une maladie rare : une neuropathie optique isch\u00e9mique ant\u00e9rieure non art\u00e9ritique, aussi appel\u00e9e NOIAN. Le flux sanguin vers le nerf optique est alors bloqu\u00e9 et la c\u00e9cit\u00e9 devient irr\u00e9versible. \u00c0 l\u2019\u00e9poque des faits, en septembre 2023, cet effet secondaire (&#8230;)<\/p>\n<p class=\"mb-4 text-lg md:leading-8 break-words\"><a href=\"https:\/\/www.topsante.com\/medecine\/medicaments\/il-perd-la-vue-apres-avoir-pris-ce-medicament-contre-le-diabete-925380?utm_campaign=partenariat&amp;utm_source=yahoo-articles&amp;utm_medium=flux\" rel=\"nofollow noopener\" target=\"_blank\" data-ylk=\"slk:Lire la suite sur Top Sant\u00e9;elm:context_link;itc:0;sec:content-canvas\" class=\"link \">Lire la suite sur Top Sant\u00e9<\/a><\/p>\n<p class=\"mb-4 text-lg md:leading-8 break-words\"><a href=\"https:\/\/www.topsante.com\/medecine\/troubles_cardiovasculaires\/hypertension\/des-scientifiques-decouvrent-que-cet-appareil-electromenager-reduit-la-pression-arterielle-grace-a-une-nouvelle-etude-surprenante-925355?utm_campaign=partenariat&amp;utm_source=yahoo-articles&amp;utm_medium=flux\" rel=\"nofollow noopener\" target=\"_blank\" data-ylk=\"slk:Des scientifiques d\u00e9couvrent que cet appareil \u00e9lectrom\u00e9nager r\u00e9duit la pression art\u00e9rielle gr\u00e2ce \u00e0 une nouvelle \u00e9tude surprenante;elm:context_link;itc:0;sec:content-canvas\" class=\"link \">Des scientifiques d\u00e9couvrent que cet appareil \u00e9lectrom\u00e9nager r\u00e9duit la pression art\u00e9rielle gr\u00e2ce \u00e0 une nouvelle \u00e9tude surprenante<\/a><br \/><a href=\"https:\/\/www.topsante.com\/medecine\/sante_mentale\/pour-la-premiere-fois-des-chercheurs-estiment-que-la-crise-de-la-cinquantaine-aurait-disparu-925334?utm_campaign=partenariat&amp;utm_source=yahoo-articles&amp;utm_medium=flux\" rel=\"nofollow noopener\" target=\"_blank\" data-ylk=\"slk:Pour la premi\u00e8re fois, des chercheurs estiment que la crise de la cinquantaine aurait disparu;elm:context_link;itc:0;sec:content-canvas\" class=\"link \">Pour la premi\u00e8re fois, des chercheurs estiment que la crise de la cinquantaine aurait disparu<\/a><br \/><a href=\"https:\/\/www.topsante.com\/nutrition_et_recettes\/manger_equilibre\/conseils_dietetiques\/le-diner-n1-pour-la-sante-intestinale-selon-une-dieteticienne-americaine-924944?utm_campaign=partenariat&amp;utm_source=yahoo-articles&amp;utm_medium=flux\" rel=\"nofollow noopener\" target=\"_blank\" data-ylk=\"slk:Le d\u00eener n\u00b01 pour la sant\u00e9 intestinale, selon une di\u00e9t\u00e9ticienne am\u00e9ricaine;elm:context_link;itc:0;sec:content-canvas\" class=\"link \">Le d\u00eener n\u00b01 pour la sant\u00e9 intestinale, selon une di\u00e9t\u00e9ticienne am\u00e9ricaine<\/a><br \/><a href=\"https:\/\/www.topsante.com\/medecine\/environnement_et_sante\/vous-nimaginez-pas-tous-les-endroits-de-la-cuisine-ou-se-cachent-les-microplastiques-925316?utm_campaign=partenariat&amp;utm_source=yahoo-articles&amp;utm_medium=flux\" rel=\"nofollow noopener\" target=\"_blank\" data-ylk=\"slk:Vous n&#039;imaginez pas tous les endroits de la cuisine o\u00f9 se cachent les microplastiques;elm:context_link;itc:0;sec:content-canvas\" class=\"link \">Vous n&rsquo;imaginez pas tous les endroits de la cuisine o\u00f9 se cachent les microplastiques<\/a><br \/><a href=\"https:\/\/www.topsante.com\/medecine\/cancers\/des-chercheurs-ont-decouvert-quels-legumes-seraient-vraiment-efficaces-pour-reduire-le-risque-de-cancer-gastro-intestinal-925310?utm_campaign=partenariat&amp;utm_source=yahoo-articles&amp;utm_medium=flux\" rel=\"nofollow noopener\" target=\"_blank\" data-ylk=\"slk:Des chercheurs ont d\u00e9couvert quels l\u00e9gumes seraient (vraiment) efficaces pour r\u00e9duire le risque de cancer gastro-intestinal;elm:context_link;itc:0;sec:content-canvas\" class=\"link \">Des chercheurs ont d\u00e9couvert quels l\u00e9gumes seraient (vraiment) efficaces pour r\u00e9duire le risque de cancer gastro-intestinal<\/a><\/p>\n","protected":false},"excerpt":{"rendered":"Dans un entretien exclusif avec Angie Moreschi, correspondante pour le m\u00e9dia Spotlight on America, Todd Engel raconte sa&hellip;\n","protected":false},"author":2,"featured_media":353526,"comment_status":"","ping_status":"","sticky":false,"template":"","format":"standard","meta":{"footnotes":""},"categories":[10],"tags":[48995,73,1011,27,72,48994,71,48993,37994],"class_list":{"0":"post-353525","1":"post","2":"type-post","3":"status-publish","4":"format-standard","5":"has-post-thumbnail","7":"category-sante","8":"tag-angie-moreschi","9":"tag-etats-unis","10":"tag-fr","11":"tag-france","12":"tag-health","13":"tag-media-spotlight","14":"tag-sante","15":"tag-todd-engel","16":"tag-traitement-du-diabete"},"share_on_mastodon":{"url":"https:\/\/pubeurope.com\/@fr\/115115333084642091","error":""},"_links":{"self":[{"href":"https:\/\/www.europesays.com\/fr\/wp-json\/wp\/v2\/posts\/353525","targetHints":{"allow":["GET"]}}],"collection":[{"href":"https:\/\/www.europesays.com\/fr\/wp-json\/wp\/v2\/posts"}],"about":[{"href":"https:\/\/www.europesays.com\/fr\/wp-json\/wp\/v2\/types\/post"}],"author":[{"embeddable":true,"href":"https:\/\/www.europesays.com\/fr\/wp-json\/wp\/v2\/users\/2"}],"replies":[{"embeddable":true,"href":"https:\/\/www.europesays.com\/fr\/wp-json\/wp\/v2\/comments?post=353525"}],"version-history":[{"count":0,"href":"https:\/\/www.europesays.com\/fr\/wp-json\/wp\/v2\/posts\/353525\/revisions"}],"wp:featuredmedia":[{"embeddable":true,"href":"https:\/\/www.europesays.com\/fr\/wp-json\/wp\/v2\/media\/353526"}],"wp:attachment":[{"href":"https:\/\/www.europesays.com\/fr\/wp-json\/wp\/v2\/media?parent=353525"}],"wp:term":[{"taxonomy":"category","embeddable":true,"href":"https:\/\/www.europesays.com\/fr\/wp-json\/wp\/v2\/categories?post=353525"},{"taxonomy":"post_tag","embeddable":true,"href":"https:\/\/www.europesays.com\/fr\/wp-json\/wp\/v2\/tags?post=353525"}],"curies":[{"name":"wp","href":"https:\/\/api.w.org\/{rel}","templated":true}]}}