{"id":353529,"date":"2025-08-30T02:23:10","date_gmt":"2025-08-30T02:23:10","guid":{"rendered":"https:\/\/www.europesays.com\/fr\/353529\/"},"modified":"2025-08-30T02:23:10","modified_gmt":"2025-08-30T02:23:10","slug":"samuel-sous-le-choc-ellie-cree-des-remo","status":"publish","type":"post","link":"https:\/\/www.europesays.com\/fr\/353529\/","title":{"rendered":"Samuel sous le choc, Ellie cr\u00e9e des remo &#8230;"},"content":{"rendered":"<p>A pr\u00e9sent qu\u2019<strong>Ellie<\/strong> a jou\u00e9 cartes sur table et<br \/>\nqu\u2019une solution a \u00e9t\u00e9 trouv\u00e9e pour la faire rester \u00e0 S\u00e8te, elle se<br \/>\nsent suffisamment en confiance pour parler librement \u00e0 <a href=\"https:\/\/www.telestar.fr\/serie_tv\/demain-nous-appartient-je-mattends-a-ce-que-ca-tombe-cette-epee-de-damocles-sur-marianne-1725202\" target=\"_blank\" rel=\"noopener\"><br \/>\nMarianne<\/a>. Elle lui montre la photo de <strong>S\u00e9bastien<br \/>\nPerraud<\/strong> qu\u2019elle pense \u00eatre son p\u00e8re. D\u00e9contenanc\u00e9e,<br \/>\nMarianne ne se r\u00e9sout pas \u00e0 lui dire qu\u2019elle le connait. Mais Ellie<br \/>\nper\u00e7oit que <strong>Chlo\u00e9<\/strong> et sa m\u00e8re lui cachent quelque<br \/>\nchose et se sent trahie.<\/p>\n<p>Les nouveaut\u00e9s de la rentr\u00e9e<\/p>\n<p>La rentr\u00e9e des classes met le lyc\u00e9e en \u00e9bullition : nouveaux<br \/>\nprofesseurs, nouvelle proviseure et nouveaux \u00e9l\u00e8ves. Parmi eux, une<br \/>\njeune fille fait d\u00e9j\u00e0 battre le coeur des lyc\u00e9ens. Des secrets bien<br \/>\ngard\u00e9s refont surface, et <strong>Marceau<\/strong> se retrouve au<br \/>\nc\u0153ur d\u2019une histoire familiale pleine de surprises.<\/p>\n<p>A quoi joue Jordan ?<\/p>\n<p>Toujours tr\u00e8s impliqu\u00e9e dans son cours de modelage, <a href=\"https:\/\/www.telestar.fr\/serie_tv\/interview-retravailler-son-look-alice-varela-de-retour-dans-demain-nous-appartient-elle-dit-tout-sur-la-nouvelle-judith-1726646#:~:text=Journaliste%20pour%20T%C3%A9l%C3%A9%20Star%2C%20les,peu%20de%20Demain%20nous%20appartient.\" target=\"_blank\" rel=\"noopener\"><br \/>\nJudith<\/a> relance <strong>Noor<\/strong> pour qu\u2019elle accepte de<br \/>\nposer pour sa classe. Mais cette derni\u00e8re se d\u00e9brouille pour<br \/>\nproposer \u00e0 <strong>Jordan<\/strong> de la remplacer. Bien conscient<br \/>\nque cette situation dispose du combustible n\u00e9cessaire \u00e0 raviver les<br \/>\ntensions avec <strong>Violette<\/strong>, Jordan d\u00e9cide d\u2019y aller<br \/>\nsans rien dire \u00e0 personne. Mais face aux questions de Violette, le<br \/>\nvoil\u00e0 qui s\u2019enfonce davantage encore dans le mensonge.<\/p>\n<p>Samuel en plein choc !<\/p>\n<p>Quant \u00e0 <strong>Samuel<\/strong>, une r\u00e9v\u00e9lation lui explose en<br \/>\npleine face. D\u2019abord mutique le temps d\u2019encaisser la nouvelle, il<br \/>\nd\u00e9cide d\u2019affronter ce pass\u00e9 dont il se retrouve d\u00e9positaire et<br \/>\nendosse un r\u00f4le jusque-l\u00e0 in\u00e9dit pour lui.<\/p>\n<p><a href=\"https:\/\/www.telestar.fr\/serie-tv\/interview.-hector-langevin-demain-nous-appartient-il-va-y-avoir-des-hauts-et-des-bas-entre-bart-et-louise-626241\" target=\"_blank\" rel=\"noopener\"><br \/>\nBart<\/a> s\u2019est trouv\u00e9 une nouvelle amoureuse rock n\u2019roll mais en<br \/>\nd\u00e9couvrant que le fils de cette derni\u00e8re ne lui est pas totalement<br \/>\n\u00e9tranger, il tique. Ces deux-l\u00e0, en effet, ont d\u00e9j\u00e0 eu un premier<br \/>\n\u00e9change peu courtois.<\/p>\n","protected":false},"excerpt":{"rendered":"A pr\u00e9sent qu\u2019Ellie a jou\u00e9 cartes sur table et qu\u2019une solution a \u00e9t\u00e9 trouv\u00e9e pour la faire rester&hellip;\n","protected":false},"author":2,"featured_media":353530,"comment_status":"","ping_status":"","sticky":false,"template":"","format":"standard","meta":{"footnotes":""},"categories":[8],"tags":[548,3598,58,59,1011,27],"class_list":{"0":"post-353529","1":"post","2":"type-post","3":"status-publish","4":"format-standard","5":"has-post-thumbnail","7":"category-divertissement","8":"tag-article-simple","9":"tag-demain-nous-appartient","10":"tag-divertissement","11":"tag-entertainment","12":"tag-fr","13":"tag-france"},"share_on_mastodon":{"url":"https:\/\/pubeurope.com\/@fr\/115115340974225568","error":""},"_links":{"self":[{"href":"https:\/\/www.europesays.com\/fr\/wp-json\/wp\/v2\/posts\/353529","targetHints":{"allow":["GET"]}}],"collection":[{"href":"https:\/\/www.europesays.com\/fr\/wp-json\/wp\/v2\/posts"}],"about":[{"href":"https:\/\/www.europesays.com\/fr\/wp-json\/wp\/v2\/types\/post"}],"author":[{"embeddable":true,"href":"https:\/\/www.europesays.com\/fr\/wp-json\/wp\/v2\/users\/2"}],"replies":[{"embeddable":true,"href":"https:\/\/www.europesays.com\/fr\/wp-json\/wp\/v2\/comments?post=353529"}],"version-history":[{"count":0,"href":"https:\/\/www.europesays.com\/fr\/wp-json\/wp\/v2\/posts\/353529\/revisions"}],"wp:featuredmedia":[{"embeddable":true,"href":"https:\/\/www.europesays.com\/fr\/wp-json\/wp\/v2\/media\/353530"}],"wp:attachment":[{"href":"https:\/\/www.europesays.com\/fr\/wp-json\/wp\/v2\/media?parent=353529"}],"wp:term":[{"taxonomy":"category","embeddable":true,"href":"https:\/\/www.europesays.com\/fr\/wp-json\/wp\/v2\/categories?post=353529"},{"taxonomy":"post_tag","embeddable":true,"href":"https:\/\/www.europesays.com\/fr\/wp-json\/wp\/v2\/tags?post=353529"}],"curies":[{"name":"wp","href":"https:\/\/api.w.org\/{rel}","templated":true}]}}