{"id":35354,"date":"2025-04-19T02:03:19","date_gmt":"2025-04-19T02:03:19","guid":{"rendered":"https:\/\/www.europesays.com\/fr\/35354\/"},"modified":"2025-04-19T02:03:19","modified_gmt":"2025-04-19T02:03:19","slug":"son-appartement-est-envahi-par-la-moisissure-elle-demande-un-relogement-durgence","status":"publish","type":"post","link":"https:\/\/www.europesays.com\/fr\/35354\/","title":{"rendered":"son appartement est envahi par la moisissure, elle demande un relogement d\u2019urgence"},"content":{"rendered":"<p>Gis\u00e8le Gore Lou, aide-soignante de 46 ans, vit un calvaire. Le logement social qu\u2019elle occupe \u00ab\u00a0depuis novembre\u00a02005\u00a0\u00bb, boulevard des \u00c9tats-Unis (Lyon 8e ), s\u2019est d\u00e9grad\u00e9 au point de devenir insalubre. Isolation d\u00e9faillante, ventilation en panne\u2026 Ces derni\u00e8res ann\u00e9es, la moisissure a gagn\u00e9 du terrain, et les murs gonflent. \u00ab\u00a0Tout est pourri\u00a0\u00bb, constate la locataire, pointant du doigt le plafond de sa salle de bains.<\/p>\n<p><strong>&gt;&gt;\u00a0<a href=\"https:\/\/www.leprogres.fr\/societe\/2025\/02\/14\/moisissure-invasion-d-asticots-on-nous-a-abandonnes-denoncent-les-locataires-de-cette-residence\" target=\"_blank\" rel=\"nofollow noopener\">Moisissure, invasion d\u2019asticots\u2026 \u00ab\u00a0On nous a abandonn\u00e9s\u00a0\u00bb, d\u00e9noncent les locataires de cette r\u00e9sidence<\/a><\/strong><\/p>\n<p>Du coup, certaines pi\u00e8ces\u00a0sont invivables, litt\u00e9ralement. \u00ab\u00a0Je ne&#8230;<\/p>\n","protected":false},"excerpt":{"rendered":"Gis\u00e8le Gore Lou, aide-soignante de 46 ans, vit un calvaire. Le logement social qu\u2019elle occupe \u00ab\u00a0depuis novembre\u00a02005\u00a0\u00bb, boulevard&hellip;\n","protected":false},"author":2,"featured_media":35355,"comment_status":"","ping_status":"","sticky":false,"template":"","format":"standard","meta":{"footnotes":""},"categories":[1889],"tags":[1111,11,2430,2757,1777,674,107,1011,27,1908,2428,2756,12,25,2429,801,104],"class_list":{"0":"post-35354","1":"post","2":"type-post","3":"status-publish","4":"format-standard","5":"has-post-thumbnail","7":"category-lyon","8":"tag-actu","9":"tag-actualites","10":"tag-auvergne-rhone-alpes","11":"tag-edition-lyon-villeurbanne","12":"tag-eu","13":"tag-europe","14":"tag-fil-info","15":"tag-fr","16":"tag-france","17":"tag-logement","18":"tag-lyon","19":"tag-lyon-bassin","20":"tag-news","21":"tag-republique-francaise","22":"tag-rhone","23":"tag-social","24":"tag-societe"},"share_on_mastodon":{"url":"https:\/\/pubeurope.com\/@fr\/114362175051093033","error":""},"_links":{"self":[{"href":"https:\/\/www.europesays.com\/fr\/wp-json\/wp\/v2\/posts\/35354","targetHints":{"allow":["GET"]}}],"collection":[{"href":"https:\/\/www.europesays.com\/fr\/wp-json\/wp\/v2\/posts"}],"about":[{"href":"https:\/\/www.europesays.com\/fr\/wp-json\/wp\/v2\/types\/post"}],"author":[{"embeddable":true,"href":"https:\/\/www.europesays.com\/fr\/wp-json\/wp\/v2\/users\/2"}],"replies":[{"embeddable":true,"href":"https:\/\/www.europesays.com\/fr\/wp-json\/wp\/v2\/comments?post=35354"}],"version-history":[{"count":0,"href":"https:\/\/www.europesays.com\/fr\/wp-json\/wp\/v2\/posts\/35354\/revisions"}],"wp:featuredmedia":[{"embeddable":true,"href":"https:\/\/www.europesays.com\/fr\/wp-json\/wp\/v2\/media\/35355"}],"wp:attachment":[{"href":"https:\/\/www.europesays.com\/fr\/wp-json\/wp\/v2\/media?parent=35354"}],"wp:term":[{"taxonomy":"category","embeddable":true,"href":"https:\/\/www.europesays.com\/fr\/wp-json\/wp\/v2\/categories?post=35354"},{"taxonomy":"post_tag","embeddable":true,"href":"https:\/\/www.europesays.com\/fr\/wp-json\/wp\/v2\/tags?post=35354"}],"curies":[{"name":"wp","href":"https:\/\/api.w.org\/{rel}","templated":true}]}}