{"id":353556,"date":"2025-08-30T02:38:38","date_gmt":"2025-08-30T02:38:38","guid":{"rendered":"https:\/\/www.europesays.com\/fr\/353556\/"},"modified":"2025-08-30T02:38:38","modified_gmt":"2025-08-30T02:38:38","slug":"le-pilote-du-drone-etait-cache-dans-le-coffre-dune-voiture-a-petit-quevilly","status":"publish","type":"post","link":"https:\/\/www.europesays.com\/fr\/353556\/","title":{"rendered":"le pilote du drone \u00e9tait cach\u00e9 dans le coffre d&rsquo;une voiture \u00e0 Petit-Quevilly"},"content":{"rendered":"<p>\t\t\t\t\t Les policiers d\u00e9cident alors de monter une surveillance discr\u00e8te et finissent par constater des mouvements \u00e0 l\u2019int\u00e9rieur. En pr\u00e9sence d&rsquo;un officier de police judiciaire, un d\u00e9flecteur arri\u00e8re est bris\u00e9, permettant ainsi de v\u00e9rifier \u00e0 l&rsquo;int\u00e9rieur de l&rsquo;habitacle <\/p>\n<p>Sans vraiment de surprise, ils d\u00e9couvrent dans le coffre, un jeune homme de 20 ans, allong\u00e9, tenant la cl\u00e9 du v\u00e9hicule. Avec lui : deux t\u00e9l\u00e9phones portables et la t\u00e9l\u00e9commande du fameux drone. <\/p>\n<p>Les deux suspects ont \u00e9t\u00e9 interpell\u00e9s et plac\u00e9s en garde \u00e0 vue dans le cadre de l\u2019enqu\u00eate. <br \/>\u00a0\n\t\t\t\t <\/p>\n","protected":false},"excerpt":{"rendered":"Les policiers d\u00e9cident alors de monter une surveillance discr\u00e8te et finissent par constater des mouvements \u00e0 l\u2019int\u00e9rieur. En&hellip;\n","protected":false},"author":2,"featured_media":353557,"comment_status":"","ping_status":"","sticky":false,"template":"","format":"standard","meta":{"footnotes":""},"categories":[9587],"tags":[1111,11,1777,674,1011,27,1934,12,5161,25,9590,5163],"class_list":{"0":"post-353556","1":"post","2":"type-post","3":"status-publish","4":"format-standard","5":"has-post-thumbnail","7":"category-rouen","8":"tag-actu","9":"tag-actualites","10":"tag-eu","11":"tag-europe","12":"tag-fr","13":"tag-france","14":"tag-infos-locales","15":"tag-news","16":"tag-normandie","17":"tag-republique-francaise","18":"tag-rouen","19":"tag-seine-maritime"},"share_on_mastodon":{"url":"https:\/\/pubeurope.com\/@fr\/115115399770378914","error":""},"_links":{"self":[{"href":"https:\/\/www.europesays.com\/fr\/wp-json\/wp\/v2\/posts\/353556","targetHints":{"allow":["GET"]}}],"collection":[{"href":"https:\/\/www.europesays.com\/fr\/wp-json\/wp\/v2\/posts"}],"about":[{"href":"https:\/\/www.europesays.com\/fr\/wp-json\/wp\/v2\/types\/post"}],"author":[{"embeddable":true,"href":"https:\/\/www.europesays.com\/fr\/wp-json\/wp\/v2\/users\/2"}],"replies":[{"embeddable":true,"href":"https:\/\/www.europesays.com\/fr\/wp-json\/wp\/v2\/comments?post=353556"}],"version-history":[{"count":0,"href":"https:\/\/www.europesays.com\/fr\/wp-json\/wp\/v2\/posts\/353556\/revisions"}],"wp:featuredmedia":[{"embeddable":true,"href":"https:\/\/www.europesays.com\/fr\/wp-json\/wp\/v2\/media\/353557"}],"wp:attachment":[{"href":"https:\/\/www.europesays.com\/fr\/wp-json\/wp\/v2\/media?parent=353556"}],"wp:term":[{"taxonomy":"category","embeddable":true,"href":"https:\/\/www.europesays.com\/fr\/wp-json\/wp\/v2\/categories?post=353556"},{"taxonomy":"post_tag","embeddable":true,"href":"https:\/\/www.europesays.com\/fr\/wp-json\/wp\/v2\/tags?post=353556"}],"curies":[{"name":"wp","href":"https:\/\/api.w.org\/{rel}","templated":true}]}}