{"id":353560,"date":"2025-08-30T02:42:21","date_gmt":"2025-08-30T02:42:21","guid":{"rendered":"https:\/\/www.europesays.com\/fr\/353560\/"},"modified":"2025-08-30T02:42:21","modified_gmt":"2025-08-30T02:42:21","slug":"le-fantomatique-sishuba-sur-le-depart","status":"publish","type":"post","link":"https:\/\/www.europesays.com\/fr\/353560\/","title":{"rendered":"le fantomatique Sishuba sur le d\u00e9part"},"content":{"rendered":"<p>2 minutes face \u00e0 <a href=\"https:\/\/www.footmercato.net\/club\/montpellier-hsc\/\" rel=\"nofollow noopener\" target=\"_blank\">Montpellier<\/a> le 2 mars 2025. C\u2019est en tout et pour tout le temps de jeu de Ayanda Sishuba (20 ans) avec le Stade Rennais depuis son arriv\u00e9e en Bretagne l\u2019\u00e9t\u00e9 dernier. Le jeune attaquant belge, qui \u00e9tait arriv\u00e9 \u00e0 la surprise g\u00e9n\u00e9rale dans les derni\u00e8res heures du mercato estival 2024, est sur le d\u00e9part malgr\u00e9 un contrat qui court jusqu\u2019en juin 2029. <\/p>\n<p>            La suite apr\u00e8s cette publicit\u00e9<\/p>\n<p>Du moins, Rennes cherche \u00e0 s\u2019en d\u00e9barrasser d\u2019ici lundi 20h. Il fait partie des joueurs dont les Rouge et Noir ne veulent absolument plus. Mais les courtisans se font rares pour l\u2019ancien Lensois, qui dispose tout de m\u00eame de deux trois pistes, dont l\u2019une m\u00e8ne du c\u00f4t\u00e9 de Montpellier. A suivre. <\/p>\n<p>\n    Pub. le 29\/08\/2025 12:13<br \/>\n            &#8211; MAJ le 29\/08\/2025 18:49\n    <\/p>\n","protected":false},"excerpt":{"rendered":"2 minutes face \u00e0 Montpellier le 2 mars 2025. C\u2019est en tout et pour tout le temps de&hellip;\n","protected":false},"author":2,"featured_media":353561,"comment_status":"","ping_status":"","sticky":false,"template":"","format":"standard","meta":{"footnotes":""},"categories":[2821],"tags":[1111,11,829,1777,674,1011,27,12,584,25],"class_list":{"0":"post-353560","1":"post","2":"type-post","3":"status-publish","4":"format-standard","5":"has-post-thumbnail","7":"category-rennes","8":"tag-actu","9":"tag-actualites","10":"tag-bretagne","11":"tag-eu","12":"tag-europe","13":"tag-fr","14":"tag-france","15":"tag-news","16":"tag-rennes","17":"tag-republique-francaise"},"share_on_mastodon":{"url":"https:\/\/pubeurope.com\/@fr\/115115415658380862","error":""},"_links":{"self":[{"href":"https:\/\/www.europesays.com\/fr\/wp-json\/wp\/v2\/posts\/353560","targetHints":{"allow":["GET"]}}],"collection":[{"href":"https:\/\/www.europesays.com\/fr\/wp-json\/wp\/v2\/posts"}],"about":[{"href":"https:\/\/www.europesays.com\/fr\/wp-json\/wp\/v2\/types\/post"}],"author":[{"embeddable":true,"href":"https:\/\/www.europesays.com\/fr\/wp-json\/wp\/v2\/users\/2"}],"replies":[{"embeddable":true,"href":"https:\/\/www.europesays.com\/fr\/wp-json\/wp\/v2\/comments?post=353560"}],"version-history":[{"count":0,"href":"https:\/\/www.europesays.com\/fr\/wp-json\/wp\/v2\/posts\/353560\/revisions"}],"wp:featuredmedia":[{"embeddable":true,"href":"https:\/\/www.europesays.com\/fr\/wp-json\/wp\/v2\/media\/353561"}],"wp:attachment":[{"href":"https:\/\/www.europesays.com\/fr\/wp-json\/wp\/v2\/media?parent=353560"}],"wp:term":[{"taxonomy":"category","embeddable":true,"href":"https:\/\/www.europesays.com\/fr\/wp-json\/wp\/v2\/categories?post=353560"},{"taxonomy":"post_tag","embeddable":true,"href":"https:\/\/www.europesays.com\/fr\/wp-json\/wp\/v2\/tags?post=353560"}],"curies":[{"name":"wp","href":"https:\/\/api.w.org\/{rel}","templated":true}]}}