{"id":353568,"date":"2025-08-30T02:46:17","date_gmt":"2025-08-30T02:46:17","guid":{"rendered":"https:\/\/www.europesays.com\/fr\/353568\/"},"modified":"2025-08-30T02:46:17","modified_gmt":"2025-08-30T02:46:17","slug":"une-bagarre-eclate-a-laeroport-de-nice-cote-dazur-deux-voyageurs-devant-la-justice","status":"publish","type":"post","link":"https:\/\/www.europesays.com\/fr\/353568\/","title":{"rendered":"une bagarre \u00e9clate \u00e0 l\u2019a\u00e9roport de Nice C\u00f4te d&rsquo;Azur, deux voyageurs devant la Justice"},"content":{"rendered":"<p class=\"article__intro\">Un diff\u00e9rend autour d\u2019un bagage \u00e0 l\u2019embarquement d\u2019un vol vers Mykonos a d\u00e9g\u00e9n\u00e9r\u00e9 samedi 23 ao\u00fbt au Terminal 2 de l\u2019a\u00e9roport de Nice C\u00f4te d&rsquo;Azur. Un agent a\u00e9roportuaire a \u00e9t\u00e9 agress\u00e9, entra\u00eenant un arr\u00eat de travail. Deux voyageurs seront jug\u00e9s en d\u00e9cembre prochain.<\/p>\n<p>\n      L\u2019actu des r\u00e9gions\n    <\/p>\n<p>\n      Chaque jour, un tour d\u2019horizon des principales infos de toutes les r\u00e9gions.\n    <\/p>\n<p>    France T\u00e9l\u00e9visions utilise votre adresse e-mail afin de vous envoyer la newsletter \u00ab\u00a0L\u2019actu des r\u00e9gions\u00a0\u00bb. Vous pouvez vous d\u00e9sinscrire \u00e0 tout moment via le lien en bas de cette newsletter. <a target=\"_blank\" href=\"https:\/\/www.francetelevisions.fr\/groupe\/confidentialite\/politique-de-confidentialite\/politique-de-confidentialite-de-france-televisions-6503\" rel=\"nofollow noopener\">Notre politique de confidentialit\u00e9<\/a><\/p>\n<p>L&rsquo;affaire conna\u00eetra une suite judiciaire. Samedi 23 ao\u00fbt, une altercation a \u00e9clat\u00e9 \u00e0 l\u2019a\u00e9roport de Nice, lors de l\u2019embarquement d\u2019un vol EasyJet \u00e0 destination de Mykonos.<\/p>\n<p>Une source anonyme, interne \u00e0 l\u2019a\u00e9roport, confirme l\u2019incident aupr\u00e8s de France 3 C\u00f4te d&rsquo;Azur et pr\u00e9cise qu\u2019il s\u2019est produit en zone d\u2019embarquement du terminal 2, devant plusieurs voyageurs. Les deux voyageurs devront r\u00e9pondre de leurs actes devant la Justice, nous pr\u00e9cise de son c\u00f4t\u00e9 le Parquet de Nice.<\/p>\n<p>La confrontation est partie d&rsquo;un d\u00e9saccord autour du volume d\u2019un bagage jug\u00e9 trop encombrant par la compagnie a\u00e9rienne. Les compagnies a\u00e9riennes appliquent en effet des r\u00e8gles strictes concernant la taille et le poids des valises en fonction du tarif pay\u00e9 par les voyageurs, ce qui entra\u00eene le plus souvent une amende si ces r\u00e8gles ne sont pas suivies.<\/p>\n<p>    dur\u00e9e de la vid\u00e9o : 00h01mn03s<\/p>\n<p>        <img decoding=\"async\" width=\"640\" height=\"426\" class=\"article-image not-lazy\" src=\"https:\/\/france3-regions.franceinfo.fr\/assets\/img\/logos\/fallbackFr3_16_9.webp\" alt=\"\" fetchpriority=\"high\"\/><\/p>\n<p>              Voir la video\u00a0(1 minutes 3 secondes).\u00a0<br \/>\n                  1 min 3 s<\/p>\n<p>\n          Un diff\u00e9rend autour d\u2019un bagage \u00e0 l\u2019embarquement d\u2019un vol vers Mykonos a d\u00e9g\u00e9n\u00e9r\u00e9 samedi 23 ao\u00fbt au Terminal 2 de l\u2019a\u00e9roport de Nice C\u00f4te d&rsquo;Azur.<\/p>\n<p>        \u2022<\/p>\n<p>              \u00a9FTV\n      <\/p>\n<p>Dans ce cas pr\u00e9cis, la discussion entre les deux passagers et un agent a d\u00e9g\u00e9n\u00e9r\u00e9 : les \u00e9changes verbaux se sont envenim\u00e9s jusqu\u2019\u00e0 se transformer en violences physiques, sous les yeux de plusieurs voyageurs pr\u00e9sents. Une vid\u00e9o montre la violence de l&rsquo;altercation.<\/p>\n<p>L\u2019agent a\u00e9roportuaire agress\u00e9 s\u2019est vu prescrire deux jours d\u2019incapacit\u00e9 totale de travail, entra\u00eenant un arr\u00eat.<\/p>\n<p>Contact\u00e9 par France 3 C\u00f4te d&rsquo;Azur, le parquet de Nice pr\u00e9cise ce vendredi que les deux voyageurs mis en cause sont convoqu\u00e9s devant la Justice. Ils compara\u00eetront en d\u00e9cembre et sont poursuivis pour \u00ab\u00a0violences dans un acc\u00e8s \u00e0 un moyen de transport collectif de voyageurs suivies d\u2019incapacit\u00e9 n\u2019exc\u00e9dant pas 8 jours\u00a0\u00bb.<\/p>\n","protected":false},"excerpt":{"rendered":"Un diff\u00e9rend autour d\u2019un bagage \u00e0 l\u2019embarquement d\u2019un vol vers Mykonos a d\u00e9g\u00e9n\u00e9r\u00e9 samedi 23 ao\u00fbt au Terminal&hellip;\n","protected":false},"author":2,"featured_media":353569,"comment_status":"","ping_status":"","sticky":false,"template":"","format":"standard","meta":{"footnotes":""},"categories":[2819],"tags":[1111,11,1777,674,1011,27,12,2401,882,25],"class_list":{"0":"post-353568","1":"post","2":"type-post","3":"status-publish","4":"format-standard","5":"has-post-thumbnail","7":"category-nice","8":"tag-actu","9":"tag-actualites","10":"tag-eu","11":"tag-europe","12":"tag-fr","13":"tag-france","14":"tag-news","15":"tag-nice","16":"tag-provence-alpes-cote-dazur","17":"tag-republique-francaise"},"share_on_mastodon":{"url":"https:\/\/pubeurope.com\/@fr\/115115431243240627","error":""},"_links":{"self":[{"href":"https:\/\/www.europesays.com\/fr\/wp-json\/wp\/v2\/posts\/353568","targetHints":{"allow":["GET"]}}],"collection":[{"href":"https:\/\/www.europesays.com\/fr\/wp-json\/wp\/v2\/posts"}],"about":[{"href":"https:\/\/www.europesays.com\/fr\/wp-json\/wp\/v2\/types\/post"}],"author":[{"embeddable":true,"href":"https:\/\/www.europesays.com\/fr\/wp-json\/wp\/v2\/users\/2"}],"replies":[{"embeddable":true,"href":"https:\/\/www.europesays.com\/fr\/wp-json\/wp\/v2\/comments?post=353568"}],"version-history":[{"count":0,"href":"https:\/\/www.europesays.com\/fr\/wp-json\/wp\/v2\/posts\/353568\/revisions"}],"wp:featuredmedia":[{"embeddable":true,"href":"https:\/\/www.europesays.com\/fr\/wp-json\/wp\/v2\/media\/353569"}],"wp:attachment":[{"href":"https:\/\/www.europesays.com\/fr\/wp-json\/wp\/v2\/media?parent=353568"}],"wp:term":[{"taxonomy":"category","embeddable":true,"href":"https:\/\/www.europesays.com\/fr\/wp-json\/wp\/v2\/categories?post=353568"},{"taxonomy":"post_tag","embeddable":true,"href":"https:\/\/www.europesays.com\/fr\/wp-json\/wp\/v2\/tags?post=353568"}],"curies":[{"name":"wp","href":"https:\/\/api.w.org\/{rel}","templated":true}]}}