{"id":353593,"date":"2025-08-30T03:03:08","date_gmt":"2025-08-30T03:03:08","guid":{"rendered":"https:\/\/www.europesays.com\/fr\/353593\/"},"modified":"2025-08-30T03:03:08","modified_gmt":"2025-08-30T03:03:08","slug":"paris-un-animateur-de-maternelle-et-sa-collegue-juges-le-25-novembre-pour-agressions-sexuelles","status":"publish","type":"post","link":"https:\/\/www.europesays.com\/fr\/353593\/","title":{"rendered":"Paris\u00a0: un animateur de maternelle et sa coll\u00e8gue jug\u00e9s le 25\u00a0novembre pour agressions sexuelles"},"content":{"rendered":"<p><a href=\"https:\/\/rennes.maville.com\/actu\/actudet_-a-paris-un-animateur-d-ecole-maternelle-suspendu-apres-des-soupcons-de-violences-sexuelles-_54135-6765089_actu.Htm\" target=\"_self\" rel=\"nofollow noopener\">Un animateur d\u2019\u00e9cole maternelle soup\u00e7onn\u00e9 d\u2019agressions sexuelles sur cinq enfants<\/a> et une de ses coll\u00e8gues sera jug\u00e9 le 25\u00a0novembre \u00e0 <a href=\"https:\/\/.maville.com\/\/\" target=\"_self\" rel=\"nofollow noopener\">Paris<\/a>, a indiqu\u00e9 vendredi 29\u00a0ao\u00fbt 2025 \u00e0 l\u2019AFP le parquet, confirmant <a href=\"https:\/\/www.leparisien.fr\/faits-divers\/violences-sexuelles-un-animateur-de-maternelle-a-paris-renvoye-au-tribunal-pour-avoir-fait-sept-victimes-29-08-2025-EYEUYK5JZRF6HFY5J4MXLAHTOE.php\" target=\"_self\" rel=\"nofollow noopener\">une information du <\/a>  <a href=\"https:\/\/www.leparisien.fr\/faits-divers\/violences-sexuelles-un-animateur-de-maternelle-a-paris-renvoye-au-tribunal-pour-avoir-fait-sept-victimes-29-08-2025-EYEUYK5JZRF6HFY5J4MXLAHTOE.php\" target=\"_self\" rel=\"nofollow noopener\">Parisien<\/a> .<\/p>\n<p>Le parquet avait re\u00e7u le 9\u00a0avril dernier une <strong>\u00ab\u00a0information pr\u00e9occupante\u00a0\u00bb<\/strong> &#8211; un type de signalement sp\u00e9cifique aux mineurs ayant pour but d\u2019alerter sur une situation &#8211; \u00e9manant du directeur de l\u2019\u00e9cole maternelle Alphonse Baudin, situ\u00e9e dans le XIe\u00a0arrondissement de Paris, a expliqu\u00e9 le minist\u00e8re public \u00e0 l\u2019AFP.<\/p>\n<p>Les parents de deux fillettes s\u2019\u00e9taient inqui\u00e9t\u00e9s aupr\u00e8s de lui du repli de leurs enfants qu\u2019ils imputaient au comportement d\u2019un \u00e9ducateur de l\u2019\u00e9cole.<\/p>\n<p>Le 11\u00a0avril, un courrier d\u2019autres parents ayant d\u00e9pos\u00e9 plainte avait \u00e9t\u00e9 joint \u00e0 la proc\u00e9dure, selon la m\u00eame source.<\/p>\n<p>Le parquet des mineurs avait saisi la Brigade de protection des mineurs (BPM) de la police judiciaire pour proc\u00e9der aux investigations.<\/p>\n<p>L\u2019animateur, \u00e2g\u00e9 de 35\u00a0ans, avait \u00e9t\u00e9 suspendu de ses fonctions le 9\u00a0avril, d\u00e8s la d\u00e9nonciation des faits pr\u00e9sum\u00e9s, puis plac\u00e9 en garde \u00e0 vue le 24\u00a0juin.<\/p>\n<p>\u00ab\u00a0Faits graves\u00a0\u00bb<\/p>\n<p>Il sera jug\u00e9 le 25\u00a0novembre pour des infractions d\u2019agressions sexuelles sur mineur de 15\u00a0ans au pr\u00e9judice de cinq mineurs, harc\u00e8lement sexuel concernant deux coll\u00e8gues et agression sexuelle au pr\u00e9judice d\u2019une de ses coll\u00e8gues, a d\u00e9taill\u00e9 le parquet.<\/p>\n<p>Selon Le Parisien, il a \u00e9t\u00e9 plac\u00e9 sous contr\u00f4le judiciaire dans l\u2019attente de son proc\u00e8s.<\/p>\n<p>Fin avril, la ville de Paris, apr\u00e8s des <strong>\u00ab\u00a0signalements de faits graves\u00a0\u00bb<\/strong>, avait <a href=\"https:\/\/rennes.maville.com\/actu\/actudet_-paris-un-deuxieme-animateur-suspendu-dans-une-ecole-maternelle-pour-faits-a-caracteres-sexuels-_54135-6787701_actu.Htm\" target=\"_self\" rel=\"nofollow noopener\">suspendu un deuxi\u00e8me animateur au sein de cet \u00e9tablissement,<\/a> o\u00f9 d\u2019autres membres de l\u2019\u00e9quipe p\u00e9riscolaire ont par ailleurs \u00e9t\u00e9 mis \u00e0 l\u2019\u00e9cart.<\/p>\n<p>Trois animatrices ont \u00e9t\u00e9 <strong>\u00ab\u00a0retir\u00e9es du terrain\u00a0\u00bb<\/strong> et affect\u00e9es \u00e0 d\u2019autres fonctions, pour <strong>\u00ab\u00a0comportements inappropri\u00e9s\u00a0\u00bb<\/strong>, avait expliqu\u00e9 la ville, sans donner davantage de pr\u00e9cision, tandis que le \u00ab\u00a0responsable \u00e9ducatif ville\u00a0\u00bb, qui dirige les activit\u00e9s p\u00e9riscolaires de l\u2019\u00e9tablissement, a pour sa part \u00e9t\u00e9 affect\u00e9 \u00e0 des fonctions administratives, au nom du principe de pr\u00e9caution.<\/p>\n<p>La mairie avait alors dit faire preuve d\u2019une \u00ab\u00a0grande vigilance\u00a0\u00bb pour le recrutement des animateurs du p\u00e9riscolaire en v\u00e9rifiant notamment l\u2019absence de condamnation au casier judiciaire.<\/p>\n<p>Le rectorat avait annonc\u00e9 le 9\u00a0avril le d\u00e9ploiement d\u2019une cellule d\u2019\u00e9coute pour accompagner les familles.<\/p>\n<p>\u00a0<\/p>\n","protected":false},"excerpt":{"rendered":"Un animateur d\u2019\u00e9cole maternelle soup\u00e7onn\u00e9 d\u2019agressions sexuelles sur cinq enfants et une de ses coll\u00e8gues sera jug\u00e9 le&hellip;\n","protected":false},"author":2,"featured_media":353594,"comment_status":"","ping_status":"","sticky":false,"template":"","format":"standard","meta":{"footnotes":""},"categories":[1888],"tags":[13204,11,11211,9827,5492,9780,1777,674,1011,27,11515,5758,12,24649,626,25,19039],"class_list":{"0":"post-353593","1":"post","2":"type-post","3":"status-publish","4":"format-standard","5":"has-post-thumbnail","7":"category-paris","8":"tag-13204","9":"tag-actualites","10":"tag-agressions","11":"tag-animateur","12":"tag-caen","13":"tag-collegue","14":"tag-eu","15":"tag-europe","16":"tag-fr","17":"tag-france","18":"tag-juges","19":"tag-maternelle","20":"tag-news","21":"tag-novembre","22":"tag-paris","23":"tag-republique-francaise","24":"tag-sexuelles"},"share_on_mastodon":{"url":"https:\/\/pubeurope.com\/@fr\/115115498177478392","error":""},"_links":{"self":[{"href":"https:\/\/www.europesays.com\/fr\/wp-json\/wp\/v2\/posts\/353593","targetHints":{"allow":["GET"]}}],"collection":[{"href":"https:\/\/www.europesays.com\/fr\/wp-json\/wp\/v2\/posts"}],"about":[{"href":"https:\/\/www.europesays.com\/fr\/wp-json\/wp\/v2\/types\/post"}],"author":[{"embeddable":true,"href":"https:\/\/www.europesays.com\/fr\/wp-json\/wp\/v2\/users\/2"}],"replies":[{"embeddable":true,"href":"https:\/\/www.europesays.com\/fr\/wp-json\/wp\/v2\/comments?post=353593"}],"version-history":[{"count":0,"href":"https:\/\/www.europesays.com\/fr\/wp-json\/wp\/v2\/posts\/353593\/revisions"}],"wp:featuredmedia":[{"embeddable":true,"href":"https:\/\/www.europesays.com\/fr\/wp-json\/wp\/v2\/media\/353594"}],"wp:attachment":[{"href":"https:\/\/www.europesays.com\/fr\/wp-json\/wp\/v2\/media?parent=353593"}],"wp:term":[{"taxonomy":"category","embeddable":true,"href":"https:\/\/www.europesays.com\/fr\/wp-json\/wp\/v2\/categories?post=353593"},{"taxonomy":"post_tag","embeddable":true,"href":"https:\/\/www.europesays.com\/fr\/wp-json\/wp\/v2\/tags?post=353593"}],"curies":[{"name":"wp","href":"https:\/\/api.w.org\/{rel}","templated":true}]}}