{"id":353597,"date":"2025-08-30T03:05:10","date_gmt":"2025-08-30T03:05:10","guid":{"rendered":"https:\/\/www.europesays.com\/fr\/353597\/"},"modified":"2025-08-30T03:05:10","modified_gmt":"2025-08-30T03:05:10","slug":"attaque-russe-massive-sur-la-region-de-dnipropetrovsk-selon-le-gouverneur","status":"publish","type":"post","link":"https:\/\/www.europesays.com\/fr\/353597\/","title":{"rendered":"attaque russe \u00ab\u00a0massive\u00a0\u00bb sur la r\u00e9gion de Dnipropetrovsk, selon le gouverneur"},"content":{"rendered":"<p>La Russie a lanc\u00e9 dans la nuit de vendredi \u00e0 samedi une attaque \u00ab\u00a0massive\u00a0\u00bb sur la r\u00e9gion ukrainienne de Dnipropetrovsk, o\u00f9 Kiev a reconnu pour la premi\u00e8re fois cette semaine une perc\u00e9e de l&rsquo;arm\u00e9e russe, a indiqu\u00e9 le gouverneur r\u00e9gional.<\/p>\n<p>\u00ab\u00a0Il y a des explosions. Des frappes ont eu lieu \u00e0 Dnipro et Pavlograd\u00a0\u00bb, deux villes importantes de cette r\u00e9gion du centre-est, a d\u00e9clar\u00e9 sur Telegram Sergui\u00ef Lyssak, appelant les habitants \u00e0 rester \u00e0 l&rsquo;abri.<\/p>\n<p>L&rsquo;arm\u00e9e de l&rsquo;air ukrainienne avait auparavant mis en garde sur un missile de croisi\u00e8re se dirigeant vers la zone.<\/p>\n<p>Plus au sud, le gouverneur de la r\u00e9gion de Zaporijjia Ivan Fedorov a \u00e9galement fait \u00e9tat d&rsquo;explosions et a publi\u00e9 sur Telegram une photo d&rsquo;une maison en feu dans la capitale r\u00e9gionale ainsi que de coupures de courant.<\/p>\n<p>\u00ab\u00a0Les Russes ont frapp\u00e9 la ville avec au moins trois drones\u00a0\u00bb, a-t-il pr\u00e9cis\u00e9.<\/p>\n<p>Mardi, l&rsquo;Ukraine a pour la premi\u00e8re fois reconnu \u00a0que les soldats russes avaient p\u00e9n\u00e9tr\u00e9 dans sa r\u00e9gion de Dnipropetrovsk, o\u00f9 Moscou avait revendiqu\u00e9 de son c\u00f4t\u00e9 des avanc\u00e9es d\u00e8s le mois de juillet.<\/p>\n<p>L&rsquo;arm\u00e9e russe contr\u00f4le actuellement environ 20% du territoire ukrainien.<\/p>\n<p>Le Kremlin exige que l&rsquo;Ukraine se retire de certains territoires qu&rsquo;elle continue de contr\u00f4ler partiellement, notamment de la r\u00e9gion de Donetsk, en tant que condition pr\u00e9alable \u00e0 l&rsquo;arr\u00eat des hostilit\u00e9s. Kiev rejette cette id\u00e9e.<\/p>\n<p>La r\u00e9gion de Dnipropetrovsk ne fait pas partie des cinq r\u00e9gions ukrainiennes dont Moscou revendique l&rsquo;annexion, \u00e0 savoir celles de Donetsk, Kherson, Lougansk, Zaporijjia et la Crim\u00e9e.<\/p>\n<p>Avec AFP<\/p>\n","protected":false},"excerpt":{"rendered":"La Russie a lanc\u00e9 dans la nuit de vendredi \u00e0 samedi une attaque \u00ab\u00a0massive\u00a0\u00bb sur la r\u00e9gion ukrainienne&hellip;\n","protected":false},"author":2,"featured_media":353598,"comment_status":"","ping_status":"","sticky":false,"template":"","format":"standard","meta":{"footnotes":""},"categories":[1591],"tags":[11,1887,12,1885,1886,132],"class_list":{"0":"post-353597","1":"post","2":"type-post","3":"status-publish","4":"format-standard","5":"has-post-thumbnail","7":"category-russie","8":"tag-actualites","9":"tag-federation-de-russie","10":"tag-news","11":"tag-russia","12":"tag-russian-federation","13":"tag-russie"},"share_on_mastodon":{"url":"https:\/\/pubeurope.com\/@fr\/115115506113782775","error":""},"_links":{"self":[{"href":"https:\/\/www.europesays.com\/fr\/wp-json\/wp\/v2\/posts\/353597","targetHints":{"allow":["GET"]}}],"collection":[{"href":"https:\/\/www.europesays.com\/fr\/wp-json\/wp\/v2\/posts"}],"about":[{"href":"https:\/\/www.europesays.com\/fr\/wp-json\/wp\/v2\/types\/post"}],"author":[{"embeddable":true,"href":"https:\/\/www.europesays.com\/fr\/wp-json\/wp\/v2\/users\/2"}],"replies":[{"embeddable":true,"href":"https:\/\/www.europesays.com\/fr\/wp-json\/wp\/v2\/comments?post=353597"}],"version-history":[{"count":0,"href":"https:\/\/www.europesays.com\/fr\/wp-json\/wp\/v2\/posts\/353597\/revisions"}],"wp:featuredmedia":[{"embeddable":true,"href":"https:\/\/www.europesays.com\/fr\/wp-json\/wp\/v2\/media\/353598"}],"wp:attachment":[{"href":"https:\/\/www.europesays.com\/fr\/wp-json\/wp\/v2\/media?parent=353597"}],"wp:term":[{"taxonomy":"category","embeddable":true,"href":"https:\/\/www.europesays.com\/fr\/wp-json\/wp\/v2\/categories?post=353597"},{"taxonomy":"post_tag","embeddable":true,"href":"https:\/\/www.europesays.com\/fr\/wp-json\/wp\/v2\/tags?post=353597"}],"curies":[{"name":"wp","href":"https:\/\/api.w.org\/{rel}","templated":true}]}}