{"id":353605,"date":"2025-08-30T03:09:11","date_gmt":"2025-08-30T03:09:11","guid":{"rendered":"https:\/\/www.europesays.com\/fr\/353605\/"},"modified":"2025-08-30T03:09:11","modified_gmt":"2025-08-30T03:09:11","slug":"que-propose-lallemagne-pour-lorganisation-de-leuro-feminin-2029","status":"publish","type":"post","link":"https:\/\/www.europesays.com\/fr\/353605\/","title":{"rendered":"Que propose l&rsquo;Allemagne pour l&rsquo;organisation de l&rsquo;Euro f\u00e9minin 2029?"},"content":{"rendered":"<p><strong>Quatre candidatures ont \u00e9t\u00e9 enregistr\u00e9es par l&rsquo;UEFA pour la course \u00e0 l&rsquo;organisation de l&rsquo;Euro f\u00e9minin 2029 \u00e0 la suite de la suisse. Des quatre\u00a0candidats l&rsquo;Allemagne semble avoir une grosse avance pour d\u00e9crocher le s\u00e9same<\/strong>.<\/p>\n<p>Le vote sera fait le 3 d\u00e9cembre 2025 et l&rsquo;on saura donc lequel des candidats aura la lourde charge de faire mieux que l&rsquo;\u00e9dition pr\u00e9c\u00e9dente o\u00f9 la suisse a \u00e9t\u00e9 plus que parfaite avec le record d&rsquo;affluence et 29 matchs \u00e0 guichets ferm\u00e9s.<\/p>\n<p><strong>La qualit\u00e9 du dossier allemand\u00a0<\/strong><\/p>\n<p>La candidature allemande met en avant la qualit\u00e9 des infrastructures et une meilleure communication entre les villes qui sont propos\u00e9es pour abriter la comp\u00e9tition. La F\u00e9d\u00e9ration Allemande de Football (DFB) porte un accent particulier sur l&rsquo;exp\u00e9rience allemande dans l&rsquo;organisation des comp\u00e9titions de haut niveau connue avec l&rsquo;exp\u00e9rience masculine. La ferveur allemande est \u00e9galement mise en exergue pour remplir les stades et produire de l&rsquo;ambiance.\u00a0<\/p>\n<p>La d\u00e9cision finale sera annonc\u00e9e par l&rsquo;UEFA en d\u00e9cembre 2025 et l&rsquo;on saura qui de l&rsquo;Allemagne, du Portugal, de la Pologne et du duo Danemark-Suede\u00a0abritera la comp\u00e9tition.<\/p>\n<p>\u00a0<\/p>\n<p>\u00a0 \u00a0 \u00a0 \u00a0 \u00a0 \u00a0 \u00a0 \u00a0\u00a0<strong>Kossigan AGAMAKOU<\/strong><\/p>\n<p>                                                                            (function(d, s, id) {<br \/>\n            var js, fjs = d.getElementsByTagName(s)[0];<br \/>\n            if (d.getElementById(id)) return;<br \/>\n            js = d.createElement(s); js.id = id;<br \/>\n            js.src = \u00ab\u00a0\/\/connect.facebook.net\/fr_FR\/sdk.js#xfbml=1&#038;version=v2.8\u00a0\u00bb;<br \/>\n            fjs.parentNode.insertBefore(js, fjs);<br \/>\n        }(document, &lsquo;script&rsquo;, &lsquo;facebook-jssdk&rsquo;));<\/p>\n","protected":false},"excerpt":{"rendered":"Quatre candidatures ont \u00e9t\u00e9 enregistr\u00e9es par l&rsquo;UEFA pour la course \u00e0 l&rsquo;organisation de l&rsquo;Euro f\u00e9minin 2029 \u00e0 la&hellip;\n","protected":false},"author":2,"featured_media":353606,"comment_status":"","ping_status":"","sticky":false,"template":"","format":"standard","meta":{"footnotes":""},"categories":[1587],"tags":[11,672,1804,47636,1805,1803,1777,450,674,1801,12,1802],"class_list":{"0":"post-353605","1":"post","2":"type-post","3":"status-publish","4":"format-standard","5":"has-post-thumbnail","7":"category-allemagne","8":"tag-actualites","9":"tag-allemagne","10":"tag-bundesrepublik-deutschland","11":"tag-candidature","12":"tag-de","13":"tag-deutschland","14":"tag-eu","15":"tag-euro","16":"tag-europe","17":"tag-germany","18":"tag-news","19":"tag-republique-federale-dallemagne"},"share_on_mastodon":{"url":"https:\/\/pubeurope.com\/@fr\/115115521840210129","error":""},"_links":{"self":[{"href":"https:\/\/www.europesays.com\/fr\/wp-json\/wp\/v2\/posts\/353605","targetHints":{"allow":["GET"]}}],"collection":[{"href":"https:\/\/www.europesays.com\/fr\/wp-json\/wp\/v2\/posts"}],"about":[{"href":"https:\/\/www.europesays.com\/fr\/wp-json\/wp\/v2\/types\/post"}],"author":[{"embeddable":true,"href":"https:\/\/www.europesays.com\/fr\/wp-json\/wp\/v2\/users\/2"}],"replies":[{"embeddable":true,"href":"https:\/\/www.europesays.com\/fr\/wp-json\/wp\/v2\/comments?post=353605"}],"version-history":[{"count":0,"href":"https:\/\/www.europesays.com\/fr\/wp-json\/wp\/v2\/posts\/353605\/revisions"}],"wp:featuredmedia":[{"embeddable":true,"href":"https:\/\/www.europesays.com\/fr\/wp-json\/wp\/v2\/media\/353606"}],"wp:attachment":[{"href":"https:\/\/www.europesays.com\/fr\/wp-json\/wp\/v2\/media?parent=353605"}],"wp:term":[{"taxonomy":"category","embeddable":true,"href":"https:\/\/www.europesays.com\/fr\/wp-json\/wp\/v2\/categories?post=353605"},{"taxonomy":"post_tag","embeddable":true,"href":"https:\/\/www.europesays.com\/fr\/wp-json\/wp\/v2\/tags?post=353605"}],"curies":[{"name":"wp","href":"https:\/\/api.w.org\/{rel}","templated":true}]}}