{"id":353609,"date":"2025-08-30T03:11:17","date_gmt":"2025-08-30T03:11:17","guid":{"rendered":"https:\/\/www.europesays.com\/fr\/353609\/"},"modified":"2025-08-30T03:11:17","modified_gmt":"2025-08-30T03:11:17","slug":"le-lycee-anguier-pret-a-accueillir-800-eleves-pour-la-rentree-scolaire-2025-2026","status":"publish","type":"post","link":"https:\/\/www.europesays.com\/fr\/353609\/","title":{"rendered":"le Lyc\u00e9e Anguier pr\u00eat \u00e0 accueillir 800 \u00e9l\u00e8ves pour la rentr\u00e9e scolaire 2025-2026"},"content":{"rendered":"<p>            Par<br \/>\n        <strong><br \/>\n            <a href=\"https:\/\/actu.fr\/auteur\/raphael-tronel-actu-fr\" title=\"Consulter tous les articles de Raphael Tronel\" target=\"_blank\" rel=\"noopener\">Raphael Tronel<\/a><br \/>\n        <\/strong><\/p>\n<p>        Publi\u00e9 le<\/p>\n<p>            29 ao\u00fbt 2025 \u00e0 20h36        <\/p>\n<p data-end=\"524\">\u00c0 <a href=\"https:\/\/actu.fr\/normandie\/eu_76255\" target=\"_blank\" rel=\"noopener\">Eu<\/a>, en <b>Seine-Maritime<\/b>, le <b>Lyc\u00e9e Anguier<\/b> se pr\u00e9pare \u00e0 accueillir pr\u00e8s de 800 \u00e9l\u00e8ves pour la rentr\u00e9e 2025-2026.<\/p>\n<p data-end=\"524\" class=\" wall-content\">Class\u00e9 <b>meilleur lyc\u00e9e de Seine-Maritime en 2023<\/b> et 24e \u00e9tablissement public de France, l\u2019\u00e9tablissement n\u2019a jamais cess\u00e9 de conjuguer exigence acad\u00e9mique et ouverture sur le monde.<\/p>\n<p data-end=\"803\" class=\" wall-content\">\u00ab Notre objectif n\u2019est pas le classement, mais l\u2019accompagnement maximal de chaque \u00e9l\u00e8ve \u00bb, insiste <b>Sophie Perrat, proviseure<\/b>.<\/p>\n<p data-end=\"803\" class=\" wall-content\">\u00a0<\/p>\n<p data-end=\"803\" class=\" wall-content\">Cette vision traverse l\u2019ensemble de l\u2019\u00e9quipe administrative et p\u00e9dagogique, qui veille \u00e0 offrir un cadre stimulant et bienveillant \u00e0 tous les \u00e9l\u00e8ves.<\/p>\n<p>Vid\u00e9os : en ce moment sur ActuUne p\u00e9dagogie qui m\u00eale tradition et innovation<\/p>\n<p data-end=\"1596\" class=\" wall-content\">Le lyc\u00e9e multiplie les projets ambitieux. L\u2019an pass\u00e9, l\u2019<b>option th\u00e9\u00e2tre<\/b> a plong\u00e9 les \u00e9l\u00e8ves dans l\u2019univers du conte, avec le concours d\u2019\u00e9coles et coll\u00e8ges voisins et l\u2019accompagnement du <b>Th\u00e9\u00e2tre des Charmes et de la Compagnie Bill Torpille<\/b>.<\/p>\n<p data-end=\"1596\" class=\" wall-content\">Les langues vivantes, elles aussi, ouvrent des horizons : des \u00e9l\u00e8ves russisants ont \u00e9chang\u00e9 avec leurs homologues estoniens de Tallinn, tandis que la mobilit\u00e9 internationale concerne aussi les fili\u00e8res professionnelles, avec des stages et <b>Erasmus au Portugal, en Espagne ou en Roumanie<\/b>, et des partenariats avec l\u2019Allemagne, Dublin et bient\u00f4t le Qu\u00e9bec.<\/p>\n<p>Votre r\u00e9gion, votre actu !<\/p>\n<p>Recevez chaque jour les infos qui comptent pour vous.<\/p>\n<p>\t<a href=\"https:\/\/actu.fr\/newsletter\" class=\"ac-btn ac-btn--corner ac-btn--medium ac-btn--blue800\" target=\"_blank\" rel=\"noopener\">S&rsquo;incrire<\/a><\/p>\n<p data-end=\"1596\" class=\" wall-content\">\u00a0<\/p>\n<p data-end=\"1596\" class=\" wall-content\">\u00ab <b>L\u2019ouverture \u00e0 l\u2019international est une priorit\u00e9<\/b>, poursuit la proviseure. Certains stages professionnels peuvent se faire \u00e0 l\u2019\u00e9tranger. \u00bb<\/p>\n<p>Des \u00e9l\u00e8ves au c\u0153ur de la r\u00e9ussite<\/p>\n<p data-end=\"2076\" class=\" wall-content\">Le succ\u00e8s acad\u00e9mique du lyc\u00e9e repose autant sur l\u2019accompagnement que sur l\u2019excellence des enseignants. La <b>cellule pHARe<\/b> lutte contre le harc\u00e8lement scolaire, des actions sant\u00e9 et solidaires sont men\u00e9es par les \u00e9l\u00e8ves, et un suivi personnalis\u00e9 en orientation professionnelle est assur\u00e9, avec l\u2019aide d\u2019une psychologue et du CIO d\u2019Eu.<\/p>\n<p data-end=\"2076\" class=\" wall-content\">Le r\u00e9sultat se mesure : <b>plus de 98 % de r\u00e9ussite au bac<\/b> l\u2019an pass\u00e9, avec un haut taux de mentions.<\/p>\n<p data-end=\"2425\" class=\" wall-content\">Mais l\u2019\u00e9panouissement ne se limite pas aux chiffres. La <b>galerie du lyc\u00e9e<\/b> accueille r\u00e9guli\u00e8rement des artistes locaux, la section sportive UNSS attire des passionn\u00e9s de surf et de VTT et remporte de nombreux championnats. \u00ab Nos enseignants sont tr\u00e8s investis, souligne Sophie Perrat. <b>Les \u00e9l\u00e8ves nous font confiance, nous leur faisons confiance.<\/b> \u00bb<\/p>\n<p>Vers 2029 : des ambitions claires<\/p>\n<p data-end=\"2921\" class=\" wall-content\">D\u2019ici \u00e0 cinq ans, le lyc\u00e9e entend continuer \u00e0 conjuguer r\u00e9ussite acad\u00e9mique et \u00e9panouissement personnel. Avec treize sp\u00e9cialit\u00e9s, une dizaine d\u2019options et un internat complet, chaque \u00e9l\u00e8ve peut construire <b>un parcours sur mesure<\/b>.<\/p>\n<p data-end=\"2921\" class=\" wall-content\">Les partenariats avec le <b>GRETA Rouen Maritime <\/b>offrent \u00e9galement des formations professionnelles diversifi\u00e9es, et une nouvelle formation de pilotage d\u2019installation de production verri\u00e8re sera ouverte \u00e0 la rentr\u00e9e 2026.<\/p>\n<p data-end=\"3197\" class=\" wall-content\">Du th\u00e9\u00e2tre aux laboratoires de sciences, des stades aux galeries d\u2019art, le Lyc\u00e9e Anguier incarne une p\u00e9dagogie ouverte, dynamique et exigeante. La rentr\u00e9e 2025-2026 s\u2019annonce ainsi comme une nouvelle \u00e9tape pour ce lyc\u00e9e o\u00f9 r\u00e9ussite et ambitions se conjuguent au quotidien.<\/p>\n<p class=\" wall-content\">Personnalisez votre actualit\u00e9 en ajoutant vos villes et m\u00e9dias en favori avec <a href=\"https:\/\/moncompte.actu.fr\" title=\"D\u00e9couvez Mon Actu\" rel=\"nofollow noopener\" data-trk=\"{&quot;cta&quot;:{&quot;action&quot;:&quot;https:\\\/\\\/moncompte.actu.fr&quot;,&quot;category&quot;:&quot;mon compte&quot;,&quot;from&quot;:&quot;article footer&quot;,&quot;name&quot;:&quot;Mon actu&quot;,&quot;type&quot;:&quot;cta&quot;}}\" target=\"_blank\">Mon Actu<\/a>.<\/p>\n","protected":false},"excerpt":{"rendered":"Par Raphael Tronel Publi\u00e9 le 29 ao\u00fbt 2025 \u00e0 20h36 \u00c0 Eu, en Seine-Maritime, le Lyc\u00e9e Anguier se&hellip;\n","protected":false},"author":2,"featured_media":353610,"comment_status":"","ping_status":"","sticky":false,"template":"","format":"standard","meta":{"footnotes":""},"categories":[1586],"tags":[11,4019,1777,674,1779,1011,27,12,10918,25,104,1778,364,3587],"class_list":{"0":"post-353609","1":"post","2":"type-post","3":"status-publish","4":"format-standard","5":"has-post-thumbnail","7":"category-europe","8":"tag-actualites","9":"tag-ecoles","10":"tag-eu","11":"tag-europe","12":"tag-european-union","13":"tag-fr","14":"tag-france","15":"tag-news","16":"tag-rentree-scolaire","17":"tag-republique-francaise","18":"tag-societe","19":"tag-ue","20":"tag-union-europeenne","21":"tag-villes-soeurs"},"share_on_mastodon":{"url":"https:\/\/pubeurope.com\/@fr\/115115529820666625","error":""},"_links":{"self":[{"href":"https:\/\/www.europesays.com\/fr\/wp-json\/wp\/v2\/posts\/353609","targetHints":{"allow":["GET"]}}],"collection":[{"href":"https:\/\/www.europesays.com\/fr\/wp-json\/wp\/v2\/posts"}],"about":[{"href":"https:\/\/www.europesays.com\/fr\/wp-json\/wp\/v2\/types\/post"}],"author":[{"embeddable":true,"href":"https:\/\/www.europesays.com\/fr\/wp-json\/wp\/v2\/users\/2"}],"replies":[{"embeddable":true,"href":"https:\/\/www.europesays.com\/fr\/wp-json\/wp\/v2\/comments?post=353609"}],"version-history":[{"count":0,"href":"https:\/\/www.europesays.com\/fr\/wp-json\/wp\/v2\/posts\/353609\/revisions"}],"wp:featuredmedia":[{"embeddable":true,"href":"https:\/\/www.europesays.com\/fr\/wp-json\/wp\/v2\/media\/353610"}],"wp:attachment":[{"href":"https:\/\/www.europesays.com\/fr\/wp-json\/wp\/v2\/media?parent=353609"}],"wp:term":[{"taxonomy":"category","embeddable":true,"href":"https:\/\/www.europesays.com\/fr\/wp-json\/wp\/v2\/categories?post=353609"},{"taxonomy":"post_tag","embeddable":true,"href":"https:\/\/www.europesays.com\/fr\/wp-json\/wp\/v2\/tags?post=353609"}],"curies":[{"name":"wp","href":"https:\/\/api.w.org\/{rel}","templated":true}]}}