{"id":353611,"date":"2025-08-30T03:12:23","date_gmt":"2025-08-30T03:12:23","guid":{"rendered":"https:\/\/www.europesays.com\/fr\/353611\/"},"modified":"2025-08-30T03:12:23","modified_gmt":"2025-08-30T03:12:23","slug":"en-pleine-crise-sur-la-dette-et-le-budget-francois-bayrou-va-faire-renover-son-bureau-de-maire-a-pau-liberation","status":"publish","type":"post","link":"https:\/\/www.europesays.com\/fr\/353611\/","title":{"rendered":"En pleine crise sur la dette et le budget, Fran\u00e7ois Bayrou va faire r\u00e9nover son bureau de maire \u00e0 Pau \u2013 Lib\u00e9ration"},"content":{"rendered":"<p class=\"sc-ksZaOG ehjQrN text-element\">On a connu des timings plus inspir\u00e9s. Alors qu\u2019il est lanc\u00e9 en pleine croisade contre l\u2019endettement de la France et <a href=\"https:\/\/www.liberation.fr\/politique\/budget-2026-francois-bayrou-promet-de-passer-au-crible-et-supprimer-les-avantages-indus-des-responsables-politiques-20250822_NFDP3AFJJJB65N4PFPLFXYX5NU\/\" target=\"_blank\" rel=\"noreferrer noopener\" title=\"https:\/\/www.liberation.fr\/politique\/budget-2026-francois-bayrou-promet-de-passer-au-crible-et-supprimer-les-avantages-indus-des-responsables-politiques-20250822_NFDP3AFJJJB65N4PFPLFXYX5NU\/\">qu\u2019il a promis de s\u2019attaquer aux avantages indus des \u00e9lus<\/a>, Fran\u00e7ois Bayrou va retaper son bureau de maire \u00e0 Pau. Le chantier, autoris\u00e9 le 28 juillet par arr\u00eat\u00e9 municipal, sera r\u00e9alis\u00e9 gr\u00e2ce \u00e0 une enveloppe de 40 800 euros de fonds publics, selon une information de <a href=\"https:\/\/www.mediapart.fr\/journal\/politique\/290825\/en-pleine-cure-d-austerite-bayrou-veut-redonner-sa-splendeur-son-bureau-de-maire\" target=\"_blank\" rel=\"noreferrer noopener\" title=\"https:\/\/www.mediapart.fr\/journal\/politique\/290825\/en-pleine-cure-d-austerite-bayrou-veut-redonner-sa-splendeur-son-bureau-de-maire\">Mediapart<\/a> confirm\u00e9e par Lib\u00e9ration ce vendredi 29 ao\u00fbt.<\/p>\n<p class=\"sc-ksZaOG ehjQrN text-element\">De quoi se poser la question : le locataire de Matignon s\u2019attend-il \u00e0 regagner plus vite que pr\u00e9vu ses p\u00e9nates b\u00e9arnaises ? Depuis qu\u2019il a annonc\u00e9 vouloir solliciter <a href=\"https:\/\/www.liberation.fr\/politique\/vote-de-confiance-a-bayrou-une-dissolution-releve-de-la-politique-fiction-juge-macron-qui-exercera-son-mandat-jusqua-son-terme-20250829_FQTD4O4BLVCF5GCLCQPULOUINA\/\" target=\"_blank\" rel=\"noreferrer noopener\" title=\"https:\/\/www.liberation.fr\/politique\/vote-de-confiance-a-bayrou-une-dissolution-releve-de-la-politique-fiction-juge-macron-qui-exercera-son-mandat-jusqua-son-terme-20250829_FQTD4O4BLVCF5GCLCQPULOUINA\/\">un vote de confiance le 8 septembre<\/a> sur son projet de budget 2026, le Premier ministre semble en tout cas bien parti pour r\u00e9duire le nombre de <a href=\"https:\/\/www.liberation.fr\/politique\/quand-francois-bayrou-fait-deux-heures-davion-pour-prononcer-un-discours-de-27-minutes-sur-les-energies-renouvelables-20250620_B2JIIBGDINEOBNPY2IHW3PKE2I\/\" target=\"_blank\" rel=\"noreferrer noopener\" title=\"https:\/\/www.liberation.fr\/politique\/quand-francois-bayrou-fait-deux-heures-davion-pour-prononcer-un-discours-de-27-minutes-sur-les-energies-renouvelables-20250620_B2JIIBGDINEOBNPY2IHW3PKE2I\/\">ses vols Paris-Pau en Falcon de la R\u00e9publique<\/a>.<\/p>\n<p class=\"sc-ksZaOG ehjQrN text-element\">Aupr\u00e8s de Lib\u00e9, la mairie de Pau souligne que les travaux n\u2019ont pas encore commenc\u00e9. Le programme s\u2019annonce charg\u00e9 dans <a href=\"https:\/\/www.youtube.com\/watch?v=gi5wihBFRNs\" target=\"_blank\" rel=\"noreferrer noopener\" title=\"https:\/\/www.youtube.com\/watch?v=gi5wihBFRNs\">ce b\u00e2timent<\/a> datant du milieu du XIXe si\u00e8cle, \u00e0 l\u2019origine un lieu de spectacles : il s\u2019agira de d\u00e9poser le sol pour retrouver le parquet d\u2019origine, r\u00e9aliser un enduit \u00e0 la chaux \u00abpour retrouver l\u2019esprit d\u2019antan\u00bb, remplacer les luminaires\u2026 Les ouvriers devront en outre effacer \u00ables ajouts successifs des derni\u00e8res d\u00e9cennies\u00bb, tels que les c\u00e2bles d\u2019\u00e9lectricit\u00e9, les prises, les interrupteurs, les r\u00e9seaux basse tension ainsi qu\u2019un climatiseur.<\/p>\n<p class=\"sc-ksZaOG ehjQrN text-element\">De quoi donner un coup de neuf \u00e0 l\u2019espace de travail de l\u2019\u00e9lu centriste, qu\u2019il d\u00e9crivait en 2021 \u00e0 <a href=\"https:\/\/www.sudouest.fr\/pyrenees-atlantiques\/bearn\/pau-le-bureau-du-maire-plus-beau-de-la-republique-pour-francois-bayrou-7449813.php\" target=\"_blank\" rel=\"noreferrer noopener\" title=\"https:\/\/www.sudouest.fr\/pyrenees-atlantiques\/bearn\/pau-le-bureau-du-maire-plus-beau-de-la-republique-pour-francois-bayrou-7449813.php\">Sud Ouest<\/a> comme \u00able plus beau de la R\u00e9publique\u00bb. Lustre au plafond, angelot sur la chemin\u00e9e, vue imprenable sur les Pyr\u00e9n\u00e9es\u2026 A sa prise de fonction, Fran\u00e7ois Bayrou avait toutefois tiqu\u00e9 sur un d\u00e9tail : la hauteur du bureau en bois d\u2019Andr\u00e9 Labarr\u00e8re, de 78 centim\u00e8tres. \u00abLa bonne hauteur d\u2019un bureau est de 73 centim\u00e8tres, jugeait-il. J\u2019ai demand\u00e9 aux services de la ville de le remettre \u00e0 la bonne dimension. Personne ne s\u2019en est rendu compte.\u00bb<\/p>\n<p class=\"sc-ksZaOG ehjQrN text-element\">A l\u2019\u00e9poque, il rapportait avoir par ailleurs fait refaire toute la mairie, sauf cette pi\u00e8ce. \u00abJe ne voulais pas qu\u2019on dise que je m\u2019occupais de moi avant de m\u2019occuper des autres\u00bb, soulignait-il.<\/p>\n<p class=\"sc-ksZaOG ehjQrN text-element\">Aupr\u00e8s de Lib\u00e9, la municipalit\u00e9 pr\u00e9cise que la r\u00e9novation de la salle \u00e9tait pr\u00e9vue \u00abde longue date\u00bb. Il s\u2019agit de la derni\u00e8re \u00e9tape d\u2019un projet de restauration de l\u2019h\u00f4tel de ville lanc\u00e9 en 2017 et entam\u00e9 \u00e0 la suite de l\u2019inscription de l\u2019\u00e9difice aux monuments historiques. \u00abOn a commenc\u00e9 par les fa\u00e7ades, puis l\u2019int\u00e9rieur avec les accueils du public et les bureaux de l\u2019administration\u00bb, d\u00e9taille-t-elle. Un report de ces travaux dans le bureau du maire aurait n\u00e9anmoins sans doute pu permettre d\u2019\u00e9viter le t\u00e9lescopage avec la dramatisation de Bayrou sur les finances publiques fran\u00e7aises.<\/p>\n<p class=\"sc-ksZaOG ehjQrN text-element\">Concernant l\u2019aspect financier, ces am\u00e9nagements \u00e0 40 000 euros sont qualifi\u00e9s de \u00abr\u00e9fection mineure\u00bb par la mairie paloise. C\u2019est vrai qu\u2019on est loin <a href=\"https:\/\/www.liberation.fr\/societe\/2015\/03\/17\/la-couteuse-renovation-du-bureau-du-president-de-radio-france_1222686\/\" target=\"_blank\" rel=\"noreferrer noopener\" title=\"https:\/\/www.liberation.fr\/societe\/2015\/03\/17\/la-couteuse-renovation-du-bureau-du-president-de-radio-france_1222686\/\">des 100 000 euros pour la r\u00e9novation du bureau de Mathieu Gallet<\/a> \u00e0 Radio France. Pour la municipalit\u00e9 du Sud-Ouest, cette somme repr\u00e9sente \u00ab0\u201a88 % du total des travaux r\u00e9alis\u00e9s au sein de l\u2019h\u00f4tel de ville entre 2017 et 2024\u00bb. Le budget final s\u2019\u00e9levant \u00e0 plus de 4 millions d\u2019euros. \u00abLa Ville de Pau assure un suivi rigoureux de l\u2019entretien et de la mise en valeur du patrimoine prot\u00e9g\u00e9 dont elle est propri\u00e9taire\u00bb, assure cette m\u00eame source.<\/p>\n<p class=\"sc-ksZaOG ehjQrN text-element\">Mais dans son article, Mediapart observe que la commune est globalement \u00abgourmande en travaux\u00bb. A titre d\u2019exemple, le m\u00e9dia rel\u00e8ve que son budget de r\u00e9novation des b\u00e2timents communaux est pass\u00e9 de 11,2 millions d\u2019euros en 2023, \u00e0 19,2 millions en 2025. Plut\u00f4t ironique pour la ville d\u2019un Premier ministre qui, en juillet, appelait en particulier l\u2019Etat et les collectivit\u00e9s locales <a href=\"https:\/\/www.liberation.fr\/economie\/la-france-est-elle-au-bord-du-gouffre-financier-cinq-economistes-demelent-le-vrai-du-faux-20250827_LO3Q4SU6OZHYVPIJRUMFLZ7DG4\/\" target=\"_blank\" rel=\"noreferrer noopener\" title=\"https:\/\/www.liberation.fr\/economie\/la-france-est-elle-au-bord-du-gouffre-financier-cinq-economistes-demelent-le-vrai-du-faux-20250827_LO3Q4SU6OZHYVPIJRUMFLZ7DG4\/\">\u00e0 \u00abmontrer l\u2019exemple\u00bb en r\u00e9duisant leur \u00abtrain de vie\u00bb<\/a>.<\/p>\n<p class=\"sc-ksZaOG ehjQrN text-element\">De m\u00eame, remarquait le Figaro fin 2024, \u00abl\u2019encours de la dette de la ville de Pau est pass\u00e9 de 60,2 millions d\u2019euros fin 2014 \u2013 l\u2019ann\u00e9e o\u00f9 Fran\u00e7ois Bayrou a pris le fauteuil de maire \u2013 \u00e0 110,9 millions d\u2019euros en 2023, soit une dette de 1 440 euros par habitant pour cette commune\u00bb. La municipalit\u00e9 assure toutefois que la trajectoire est d\u00e9sormais \u00abdescendante\u00bb avec un encours par habitant \u00abquasi identique\u00bb \u00e0 la moyenne nationale des villes de la m\u00eame taille. Alors si l\u2019on en croit son propre maire\u2026 il va falloir poursuivre les efforts.<\/p>\n","protected":false},"excerpt":{"rendered":"On a connu des timings plus inspir\u00e9s. Alors qu\u2019il est lanc\u00e9 en pleine croisade contre l\u2019endettement de la&hellip;\n","protected":false},"author":2,"featured_media":353612,"comment_status":"","ping_status":"","sticky":false,"template":"","format":"standard","meta":{"footnotes":""},"categories":[2],"tags":[11,7993,1011,27,431,12,6374,25],"class_list":{"0":"post-353611","1":"post","2":"type-post","3":"status-publish","4":"format-standard","5":"has-post-thumbnail","7":"category-actualites","8":"tag-actualites","9":"tag-dette-publique","10":"tag-fr","11":"tag-france","12":"tag-francois-bayrou","13":"tag-news","14":"tag-pau","15":"tag-republique-francaise"},"share_on_mastodon":{"url":"https:\/\/pubeurope.com\/@fr\/115115533520141360","error":""},"_links":{"self":[{"href":"https:\/\/www.europesays.com\/fr\/wp-json\/wp\/v2\/posts\/353611","targetHints":{"allow":["GET"]}}],"collection":[{"href":"https:\/\/www.europesays.com\/fr\/wp-json\/wp\/v2\/posts"}],"about":[{"href":"https:\/\/www.europesays.com\/fr\/wp-json\/wp\/v2\/types\/post"}],"author":[{"embeddable":true,"href":"https:\/\/www.europesays.com\/fr\/wp-json\/wp\/v2\/users\/2"}],"replies":[{"embeddable":true,"href":"https:\/\/www.europesays.com\/fr\/wp-json\/wp\/v2\/comments?post=353611"}],"version-history":[{"count":0,"href":"https:\/\/www.europesays.com\/fr\/wp-json\/wp\/v2\/posts\/353611\/revisions"}],"wp:featuredmedia":[{"embeddable":true,"href":"https:\/\/www.europesays.com\/fr\/wp-json\/wp\/v2\/media\/353612"}],"wp:attachment":[{"href":"https:\/\/www.europesays.com\/fr\/wp-json\/wp\/v2\/media?parent=353611"}],"wp:term":[{"taxonomy":"category","embeddable":true,"href":"https:\/\/www.europesays.com\/fr\/wp-json\/wp\/v2\/categories?post=353611"},{"taxonomy":"post_tag","embeddable":true,"href":"https:\/\/www.europesays.com\/fr\/wp-json\/wp\/v2\/tags?post=353611"}],"curies":[{"name":"wp","href":"https:\/\/api.w.org\/{rel}","templated":true}]}}