{"id":353615,"date":"2025-08-30T03:14:15","date_gmt":"2025-08-30T03:14:15","guid":{"rendered":"https:\/\/www.europesays.com\/fr\/353615\/"},"modified":"2025-08-30T03:14:15","modified_gmt":"2025-08-30T03:14:15","slug":"politiques-nutritionnelles-ces-pays-europeens-qui-font-mieux-que-la-france-actualite","status":"publish","type":"post","link":"https:\/\/www.europesays.com\/fr\/353615\/","title":{"rendered":"Politiques nutritionnelles &#8211; Ces pays europ\u00e9ens qui font mieux que la France &#8211; Actualit\u00e9"},"content":{"rendered":"<p>ACTUALIT\u00c9<\/p>\n<p>                                    <img loading=\"lazy\" decoding=\"async\" src=\"https:\/\/www.europesays.com\/fr\/wp-content\/uploads\/2025\/07\/principal-148906.jpg\" width=\"80\" height=\"80\" alt=\"Elsa Casalegno\" class=\"qc-user-badge_avatar mode_group\" title=\"Elsa Casalegno\"\/><\/p>\n<p class=\"qc-user-badge_title mode_group\">par\u00a0Elsa\u00a0Casalegno<\/p>\n<p>                                    <img loading=\"lazy\" decoding=\"async\" src=\"https:\/\/www.europesays.com\/fr\/wp-content\/uploads\/2025\/08\/thumbnail_800x480px-150380.jpg\" width=\"800\" height=\"480\" alt=\"Politiques nutritionnelles Ces pays europ\u00e9ens qui font mieux que la France\" class=\"qc-round-1\" title=\"Politiques nutritionnelles Ces pays europ\u00e9ens qui font mieux que la France\"\/><\/p>\n<p>\u00a9<br \/>\n\t\t\t\t\t\tPixel-Shot &#8211; stock.adobe.com\n\t\t\t\t\t<\/p>\n<p>\t\t\tPubli\u00e9 le<br \/>\n\t\t\t30 ao\u00fbt 2025<\/p>\n<p>Plusieurs \u00c9tats ont adopt\u00e9 des r\u00e9gulations encadrant strictement le marketing alimentaire ciblant les jeunes, ou la qualit\u00e9 nutritionnelle des menus des \u00e9tablissements scolaires. Ils reconnaissent implicitement que les engagements volontaires des industriels ne fonctionnent pas pour lutter contre l\u2019\u00e9pid\u00e9mie d\u2019ob\u00e9sit\u00e9 et de surpoids. Des exemples \u00e0 suivre pour la France\u00a0?<\/p>\n<p>Plusieurs \u00c9tats reconnaissent enfin que les politiques de sant\u00e9 publique ne peuvent \u00eatre laiss\u00e9es entre les mains des acteurs de la cha\u00eene alimentaire, qu\u2019il s\u2019agisse des industriels, des distributeurs ou des groupes de restauration collective. Et en tirent les cons\u00e9quences, en l\u00e9gif\u00e9rant pour encadrer la publicit\u00e9 alimentaire et les menus des cantines. Voici quatre pays qui ont pris r\u00e9cemment des mesures radicales, d\u2019apr\u00e8s un bilan r\u00e9alis\u00e9 par le Bureau europ\u00e9en des unions de consommateurs (Beuc), dont est membre l\u2019UFC-Que Choisir. Des exemples dont la France ferait bien de s\u2019inspirer.<\/p>\n<p>Espagne\u00a0: des menus qui doivent coller aux recommandations officielles<\/p>\n<p>Le royaume a adopt\u00e9 un d\u00e9cret alignant les repas scolaires, pour les \u00e9coles publiques comme priv\u00e9es, sur les recommandations nutritionnelles officielles du pays. Objectif\u00a0: garantir que tous les enfants, quel que soit leur milieu socio-\u00e9conomique, aient acc\u00e8s \u00e0 une alimentation saine et \u00e9quilibr\u00e9e \u00e0 l\u2019\u00e9cole. La viande est limit\u00e9e \u00e0 trois fois par semaine, la viande rouge \u00e0 une seule fois, et les viandes transform\u00e9es \u00e0 seulement deux fois par mois. Au moins 45\u00a0% des fruits et l\u00e9gumes servis doivent \u00eatre de saison. Les l\u00e9gumineuses doivent \u00eatre propos\u00e9es une \u00e0 deux fois par semaine, en plat principal, garniture ou entr\u00e9e (seules 14\u00a0% des \u00e9coles le faisaient jusqu\u2019\u00e0 pr\u00e9sent). Les aliments ultratransform\u00e9s comme la pizza et les croquettes sont limit\u00e9s \u00e0 une fois par mois\u00a0; les boissons sucr\u00e9es et les snacks sont interdits dans les distributeurs automatiques et les caf\u00e9t\u00e9rias scolaires. Des repas enti\u00e8rement v\u00e9g\u00e9taux seront \u00e9galement propos\u00e9s.<\/p>\n<p>Pays de Galles\u00a0: des cantines qui proposent une alimentation plus saine<\/p>\n<p>Le gouvernement gallois compte proposer une r\u00e9glementation visant \u00e0 aligner les repas des cantines sur les recommandations di\u00e9t\u00e9tiques ayant cours au Royaume-Uni et \u00e0 encourager une alimentation plus saine d\u00e8s le plus jeune \u00e2ge. Le pain blanc, les c\u00e9r\u00e9ales sucr\u00e9es et le jus de fruit seraient interdits dans les menus scolaires. La viande rouge et le poisson seraient servis une fois par semaine, et les viandes transform\u00e9es comme le jambon fum\u00e9 seraient limit\u00e9es. Les plats \u00e0 base de fromage, tels que la pizza ou les macaronis au fromage, seraient restreints \u00e0 deux fois par semaine. Les frites seraient autoris\u00e9es uniquement une fois par semaine. Ces normes s\u2019appliqueraient d\u00e8s la rentr\u00e9e scolaire 2026-2027 dans les \u00e9coles primaires du pays de Galles.<\/p>\n<p>Norv\u00e8ge\u00a0: pas de publicit\u00e9 visant les moins de 18\u00a0ans<\/p>\n<p>Face \u00e0 la hausse de l\u2019ob\u00e9sit\u00e9 infantile, la Norv\u00e8ge a adopt\u00e9, le 25\u00a0avril dernier, un r\u00e8glement interdisant la publicit\u00e9 pour les aliments et boissons de mauvaise qualit\u00e9 nutritionnelle \u00e0 tous les moins de 18\u00a0ans. Ce texte de loi introduit des mesures juridiquement contraignantes, align\u00e9es sur les recommandations de l\u2019OMS, afin de limiter l\u2019exposition des enfants \u00e0 la publicit\u00e9 pour des aliments malsains. Voici les points cl\u00e9s\u00a0:<\/p>\n<ul>\n<li>Le r\u00e8glement s\u2019applique \u00e0 tous les canaux de communication\u00a0: t\u00e9l\u00e9vision, presse \u00e9crite, plateformes en ligne et publicit\u00e9 au sein des \u00e9coles.<\/li>\n<li>L\u2019interdiction cible les aliments et boissons riches en mati\u00e8res grasses, en sel ou en sucre, y compris les sodas, confiseries, snacks sal\u00e9s, fast-food, boissons \u00e9nergisantes, glaces, chocolats et p\u00e2tisseries.<\/li>\n<li>M\u00eame les produits pr\u00e9sent\u00e9s comme \u00ab\u00a0naturels\u00a0\u00bb ou \u00ab\u00a0sains\u00a0\u00bb sont concern\u00e9s, si leurs teneurs en sucre, sel ou mati\u00e8res grasses d\u00e9passent certains seuils.<\/li>\n<li>Les produits tels que les c\u00e9r\u00e9ales, yaourts et boissons lact\u00e9es sont \u00e9valu\u00e9s selon des profils nutritionnels\u00a0: taux de sucre, teneur en fibres et taux de sel d\u00e9terminent s\u2019ils peuvent \u00eatre promus aupr\u00e8s des enfants.<\/li>\n<\/ul>\n<p>Tous les producteurs, distributeurs et annonceurs (y compris les entreprises \u00e9trang\u00e8res) doivent s\u2019y conformer. Certaines pratiques marketing sont automatiquement consid\u00e9r\u00e9es comme visant les enfants, telles que les concours r\u00e9serv\u00e9s aux moins de 18\u00a0ans, les \u00e9chantillons gratuits pour mineurs, le placement de ces produits alimentaires pr\u00e8s des jouets, et les publicit\u00e9s incitant les adultes \u00e0 acheter pour des enfants.<\/p>\n<p>Danemark\u00a0: fin du marketing ciblant les moins de 15\u00a0ans<\/p>\n<p>Le gouvernement danois a annonc\u00e9 son intention d\u2019interdire la publicit\u00e9 pour les aliments et boissons malsains visant les enfants de moins de 15\u00a0ans. Cette mesure s\u2019inscrit dans le cadre du Plan Cancer V et vise \u00e0 prot\u00e9ger les jeunes de l\u2019influence du marketing promouvant des produits riches en mati\u00e8res grasses, en sucre et en sel. Malgr\u00e9 des mesures d\u2019autor\u00e9gulation \u00e9nonc\u00e9es par les entreprises du secteur agroalimentaire, les enfants continuent d\u2019\u00eatre r\u00e9guli\u00e8rement expos\u00e9s \u00e0 ce type de publicit\u00e9, notamment via les plateformes num\u00e9riques et les influenceurs. Des entreprises (Orkla, The Burger Concept) ont eu recours \u00e0 des influenceurs populaires afin de cibler directement les enfants, en violation des r\u00e8gles existantes. La nouvelle loi s\u2019appliquera \u00e9galement aux influenceurs ayant une large audience parmi les moins de 15\u00a0ans. Une liste de produits malsains devrait d\u00e9finir clairement ceux qui seront concern\u00e9s par l\u2019interdiction. Selon la Soci\u00e9t\u00e9 danoise du cancer, 80\u00a0% des publicit\u00e9s alimentaires vues par les jeunes concernent des produits de mauvaise qualit\u00e9 nutritionnelle, qui contribuent \u00e0 l\u2019augmentation du risque d\u2019ob\u00e9sit\u00e9 et de cancer.<\/p>\n<p>  France\u00a0: peut (beaucoup) mieux faire  <\/p>\n<p>Et la France, o\u00f9 en est-elle\u00a0? Le pays du Nutri-Score a encore des progr\u00e8s \u00e0 faire pour am\u00e9liorer son environnement nutritionnel. Revue de d\u00e9tail.<\/p>\n<p><b>Le Nutri-Score est toujours facultatif<\/b>, et appliqu\u00e9 selon le bon vouloir des industriels. On en voit les cons\u00e9quences lorsque l\u2019algorithme devient plus s\u00e9v\u00e8re\u00a0: <a href=\"https:\/\/www.quechoisir.org\/actualite-etiquetage-nutritionnel-danone-decide-de-retirer-le-nutri-score-n130882\/\" rel=\"nofollow noopener\" target=\"_blank\">une partie des marques, dont les notes r\u00e9trogradaient, ont discr\u00e8tement abandonn\u00e9 l\u2019affichage du logo<\/a>. Pourtant, c\u2019est le levier le plus efficace pour faire \u00e9voluer les recettes des industriels dans le bon sens.<\/p>\n<p><b>La r\u00e9gulation du marketing alimentaire<\/b> repose quasi uniquement sur \u00ab\u00a0l\u2019engagement volontaire\u00a0\u00bb des acteurs, dont des \u00e9tudes sociologiques montrent qu\u2019il ne fonctionne pas. Les deux chartes d\u2019engagement volontaire \u00e9dict\u00e9es par l\u2019Autorit\u00e9 de r\u00e9gulation de la communication audiovisuelle et num\u00e9rique (Arcom) et par l\u2019Autorit\u00e9 de r\u00e9gulation professionnelle de la publicit\u00e9 (ARPP) et sign\u00e9es par les industriels, les distributeurs, mais aussi les agences publicitaires, les cha\u00eenes radiot\u00e9l\u00e9vis\u00e9es et les influenceurs <b>ont montr\u00e9 leurs limites depuis longtemps<\/b> concernant la qualit\u00e9 des produits mis en avant dans les annonces, ainsi que les plages horaires des publicit\u00e9s.<\/p>\n<p><b>Concernant les cantines scolaires<\/b>, les recommandations \u00e9labor\u00e9es par le Groupement d\u2019\u00e9tude des march\u00e9s en restauration collective et de nutrition (GEMRCN) sont de qualit\u00e9, <a href=\"https:\/\/www.quechoisir.org\/action-ufc-que-choisir-menu-vegetarien-a-la-cantine-les-recettes-pour-gerer-les-effets-indesirables-n103915\/\" rel=\"nofollow noopener\" target=\"_blank\">mais elles sont mal appliqu\u00e9es<\/a>, en particulier dans les coll\u00e8ges et lyc\u00e9es. De plus, la loi Egalim, qui impose 50\u00a0% d\u2019aliments de qualit\u00e9 dans les menus, reste encore tr\u00e8s th\u00e9orique.<\/p>\n<p><b>Sur l\u2019am\u00e9lioration des recettes des plats pr\u00e9par\u00e9s, <\/b>les engagements volontaires pris par les industriels restent sans effet.<\/p>\n<p>Il serait possible pour le gouvernement ou les parlementaires de r\u00e9glementer plus strictement, \u00e0 l\u2019instar des pays \u00e9voqu\u00e9s ci-dessus. Mais il faudrait pour cela tenir t\u00eate <a href=\"https:\/\/www.quechoisir.org\/enquete-nutrition-et-sante-les-secrets-de-cuisine-du-lobby-agroalimentaire-n66991\/\" rel=\"nofollow noopener\" target=\"_blank\">au tout-puissant secteur agroalimentaire, \u00e0 la man\u0153uvre pour d\u00e9fendre ses int\u00e9r\u00eats<\/a>.<\/p>\n","protected":false},"excerpt":{"rendered":"ACTUALIT\u00c9 par\u00a0Elsa\u00a0Casalegno \u00a9 Pixel-Shot &#8211; stock.adobe.com Publi\u00e9 le 30 ao\u00fbt 2025 Plusieurs \u00c9tats ont adopt\u00e9 des r\u00e9gulations encadrant&hellip;\n","protected":false},"author":2,"featured_media":353616,"comment_status":"","ping_status":"","sticky":false,"template":"","format":"standard","meta":{"footnotes":""},"categories":[4],"tags":[11,1011,27,12,25],"class_list":{"0":"post-353615","1":"post","2":"type-post","3":"status-publish","4":"format-standard","5":"has-post-thumbnail","7":"category-france","8":"tag-actualites","9":"tag-fr","10":"tag-france","11":"tag-news","12":"tag-republique-francaise"},"share_on_mastodon":{"url":"https:\/\/pubeurope.com\/@fr\/115115541454172416","error":""},"_links":{"self":[{"href":"https:\/\/www.europesays.com\/fr\/wp-json\/wp\/v2\/posts\/353615","targetHints":{"allow":["GET"]}}],"collection":[{"href":"https:\/\/www.europesays.com\/fr\/wp-json\/wp\/v2\/posts"}],"about":[{"href":"https:\/\/www.europesays.com\/fr\/wp-json\/wp\/v2\/types\/post"}],"author":[{"embeddable":true,"href":"https:\/\/www.europesays.com\/fr\/wp-json\/wp\/v2\/users\/2"}],"replies":[{"embeddable":true,"href":"https:\/\/www.europesays.com\/fr\/wp-json\/wp\/v2\/comments?post=353615"}],"version-history":[{"count":0,"href":"https:\/\/www.europesays.com\/fr\/wp-json\/wp\/v2\/posts\/353615\/revisions"}],"wp:featuredmedia":[{"embeddable":true,"href":"https:\/\/www.europesays.com\/fr\/wp-json\/wp\/v2\/media\/353616"}],"wp:attachment":[{"href":"https:\/\/www.europesays.com\/fr\/wp-json\/wp\/v2\/media?parent=353615"}],"wp:term":[{"taxonomy":"category","embeddable":true,"href":"https:\/\/www.europesays.com\/fr\/wp-json\/wp\/v2\/categories?post=353615"},{"taxonomy":"post_tag","embeddable":true,"href":"https:\/\/www.europesays.com\/fr\/wp-json\/wp\/v2\/tags?post=353615"}],"curies":[{"name":"wp","href":"https:\/\/api.w.org\/{rel}","templated":true}]}}