{"id":353621,"date":"2025-08-30T03:18:13","date_gmt":"2025-08-30T03:18:13","guid":{"rendered":"https:\/\/www.europesays.com\/fr\/353621\/"},"modified":"2025-08-30T03:18:13","modified_gmt":"2025-08-30T03:18:13","slug":"resultat-emma-navarro-barbora-krejcikova-grand-chelem-us-open-troisieme-tour-samedi-30-aout-2025-lequipe","status":"publish","type":"post","link":"https:\/\/www.europesays.com\/fr\/353621\/","title":{"rendered":"R\u00e9sultat : Emma Navarro &#8211; Barbora Krejcikova, Grand Chelem, US Open, Troisi\u00e8me tour, Samedi 30 ao\u00fbt 2025 &#8211; L&#039;\u00c9quipe"},"content":{"rendered":"<ol>\n<li><a href=\"https:\/\/news.google.com\/rss\/articles\/CBMixAFBVV95cUxOd04tT2pZRENLeXRwUV9jdVZBTGlGUEFqVlFTeHpNVTlVSE12LUdZV2h2d1cta3JyaGJhOVZ3V3BRQkx4SWhCSExlTG8xODRCNzg0VDVJWnFnTlVmWjBHOFUzbGRfN1ZRZEFld241R3FIRERQc3VYU2dzZUg0c05YWGpKTnkxbFFJb0NEYmxZRTlLQnBuM3NlQ2JPcG1hOVRINng4SHVoVlMzdFNzcnlDbWRmc04xcUVxbm5SaG5GaFlRZl9Y?oc=5\" target=\"_blank\" rel=\"nofollow noopener\">R\u00e9sultat : Emma Navarro &#8211; Barbora Krejcikova, Grand Chelem, US Open, Troisi\u00e8me tour, Samedi 30 ao\u00fbt 2025<\/a>&nbsp;&nbsp;L&rsquo;\u00c9quipe<\/li>\n<li><a href=\"https:\/\/news.google.com\/rss\/articles\/CBMi6AFBVV95cUxNMU4tUGt2aHFrc001bEs4NFJ3SHl6anBCRzR3NGpscWJKMHZabUpYWlU2cVhlam9zY1pYSDJZOFdIcjBmT2swamVaVmRVVzh2X2NxOHUwTXpxMTBBMHRzQkxOQUluUGh3NGNHMm02RzlCZFdVRXFvZWQycXNFY0FCU0RWLVBVbHBTSzh6dXMzM3VUcFRLV0RSZUM5aGdORHg2Ym1wcmdNSTRZR0twcnVDcEx6YVlPSXBWZmhpRloySVd6N0t0NE4wWThzQTJHRV9LQWVfRWs3LTBVb3hQU3BWYzVjZERIajlN?oc=5\" target=\"_blank\" rel=\"nofollow noopener\">US Open 2025 &#8211; Emma Navarro : \u00ab\u00a0Sans le tennis ? Je n\u2019ai aucune id\u00e9e de ce que je ferais\u00a0\u00bb<\/a>&nbsp;&nbsp;Orange Actualit\u00e9s | Sports<\/li>\n<li><a href=\"https:\/\/news.google.com\/rss\/articles\/CBMiqwFBVV95cUxOWmtOR2k3Q0VRdXZVUThyMXMtb3NPWTJsSkRHblR4MTBwRV8yZnVrd0ZmZ0RqVGlpNlQ3V214VS1paXFieWlsR3h0SnkzUldxdkZaR2lCQm9kOVRjWFpZSHAzRC1DX1dIZkx1OEtmN3VTZF9WcW40bGZXS21FNEFhYUcwN1JYVVRveG4xN1g2dkczTndLbWd5V1g0a1NUWlg1c2xvLUhDSWk4eEU?oc=5\" target=\"_blank\" rel=\"nofollow noopener\">Navarro, Raducanu et Azarenka se qualifient pour le prochain tour de l&rsquo;US Open<\/a>&nbsp;&nbsp;\u0421\u043b\u043e\u0431\u043e\u0434\u0435\u043d \u043f\u0435\u0447\u0430\u0442<\/li>\n<li><a href=\"https:\/\/news.google.com\/rss\/articles\/CBMijAFBVV95cUxQX2RZQTZHQU9IM3pwcG5aNF8zXzFUYU5UQ3VkN0JlRU9FVjhtNTFoOE52RGFyYkR6S3AtMEhmV0xmdzJBUkVZMW90Sk9tNFJBN185aFNUdXlxSVBzZ0ptbjA2c1k1ODhYUkRLWXRROXZxUzBfaXRiTk1xazU4QWZYVVdsaXRoQVRtalROdw?oc=5\" target=\"_blank\" rel=\"nofollow noopener\">Pronostic Emma Navarro &#8211; Barbora Krejcikova<\/a>&nbsp;&nbsp;RueDesJoueurs<\/li>\n<li><a href=\"https:\/\/news.google.com\/rss\/articles\/CBMitgFBVV95cUxQb3BKSm9pcjdzSlpfNFJfc21TY3ozeW5Qc0g3QjRqcVdxSHhuTEptX3VaQUstT2hSdGEzdzBPODR5dTNOam5VWUdMX3FDcDlyMndiZnYzSWhORXZXdG9kQ1Z5TXBCZTBQcElwM19DRXB3R1RhWE9aVElfXzczVTVrVEk5bjRsWXN0aVlHR0xfSl9kRFhYeUlJdlVaUjdzSFlLbzR0WDNBRkdRSnZLelYtLXhGRnNyQQ?oc=5\" target=\"_blank\" rel=\"nofollow noopener\">US Open &#8211; Emma Navarro : \u00abPas encore s\u00fbre de qui je suis en tant que joueuse\u00bb<\/a>&nbsp;&nbsp;Tennis Actu<\/li>\n<\/ol>\n","protected":false},"excerpt":{"rendered":"R\u00e9sultat : Emma Navarro &#8211; Barbora Krejcikova, Grand Chelem, US Open, Troisi\u00e8me tour, Samedi 30 ao\u00fbt 2025&nbsp;&nbsp;L&rsquo;\u00c9quipe US&hellip;\n","protected":false},"author":2,"featured_media":351394,"comment_status":"","ping_status":"","sticky":false,"template":"","format":"standard","meta":{"footnotes":""},"categories":[1415],"tags":[1011,27,60,1467],"class_list":{"0":"post-353621","1":"post","2":"type-post","3":"status-publish","4":"format-standard","5":"has-post-thumbnail","7":"category-tennis","8":"tag-fr","9":"tag-france","10":"tag-sports","11":"tag-tennis"},"share_on_mastodon":{"url":"https:\/\/pubeurope.com\/@fr\/115115557015895204","error":""},"_links":{"self":[{"href":"https:\/\/www.europesays.com\/fr\/wp-json\/wp\/v2\/posts\/353621","targetHints":{"allow":["GET"]}}],"collection":[{"href":"https:\/\/www.europesays.com\/fr\/wp-json\/wp\/v2\/posts"}],"about":[{"href":"https:\/\/www.europesays.com\/fr\/wp-json\/wp\/v2\/types\/post"}],"author":[{"embeddable":true,"href":"https:\/\/www.europesays.com\/fr\/wp-json\/wp\/v2\/users\/2"}],"replies":[{"embeddable":true,"href":"https:\/\/www.europesays.com\/fr\/wp-json\/wp\/v2\/comments?post=353621"}],"version-history":[{"count":0,"href":"https:\/\/www.europesays.com\/fr\/wp-json\/wp\/v2\/posts\/353621\/revisions"}],"wp:featuredmedia":[{"embeddable":true,"href":"https:\/\/www.europesays.com\/fr\/wp-json\/wp\/v2\/media\/351394"}],"wp:attachment":[{"href":"https:\/\/www.europesays.com\/fr\/wp-json\/wp\/v2\/media?parent=353621"}],"wp:term":[{"taxonomy":"category","embeddable":true,"href":"https:\/\/www.europesays.com\/fr\/wp-json\/wp\/v2\/categories?post=353621"},{"taxonomy":"post_tag","embeddable":true,"href":"https:\/\/www.europesays.com\/fr\/wp-json\/wp\/v2\/tags?post=353621"}],"curies":[{"name":"wp","href":"https:\/\/api.w.org\/{rel}","templated":true}]}}