{"id":353624,"date":"2025-08-30T03:21:15","date_gmt":"2025-08-30T03:21:15","guid":{"rendered":"https:\/\/www.europesays.com\/fr\/353624\/"},"modified":"2025-08-30T03:21:15","modified_gmt":"2025-08-30T03:21:15","slug":"tennis-le-point-irreel-entre-adrian-mannarino-et-ben-shelton-a-lus-open","status":"publish","type":"post","link":"https:\/\/www.europesays.com\/fr\/353624\/","title":{"rendered":"Tennis | Le point irr\u00e9el entre Adrian Mannarino et Ben Shelton \u00e0 l&rsquo;US Open"},"content":{"rendered":"<p><strong>Avec Adrian Mannarino, nous ne sommes jamais au bout de nos peines. Et face \u00e0 Ben Shelton \u00e0 l\u2019US Open, le Fran\u00e7ais a une nouvelle fois livr\u00e9 une perf inexplicable.<\/strong><\/p>\n<blockquote class=\"twitter-tweet\">\n<p dir=\"ltr\" lang=\"fr\">Adrian Mannarino : \u201cJ\u2019ai 37 ans, c\u2019est la premi\u00e8re fois que je gagne un match depuis les toilettes.\u201d<\/p>\n<p>\u2014 Quentin Moynet (@QuentinMoynet) <a href=\"https:\/\/twitter.com\/QuentinMoynet\/status\/1961532366171541888?ref_src=twsrc%5Etfw\" rel=\"nofollow noopener\" target=\"_blank\">August 29, 2025<\/a><\/p>\n<\/blockquote>\n<p>Adrian Mannarino loupe le point parfait \u00e0 l\u2019US Open<\/p>\n<p>Qualifi\u00e9 au <a href=\"https:\/\/fflose.com\/tennis-la-deroute-totale-des-francais-a-lus-open\/\" rel=\"nofollow noopener\" target=\"_blank\">troisi\u00e8me tour de l\u2019US Open<\/a>, Adrian Mannarino affrontait Ben Shelton, le sixi\u00e8me joueur mondial. Alors du haut de son rang n\u00b077 \u00e0 l\u2019ATP, on imaginait facilement que la rencontre allait \u00eatre un long cauchemar pour le Fran\u00e7ais. Que nenni. Apr\u00e8s avoir certes perdu le premier set, Mannarino se ressaisit et \u00e9galise \u00e0 une manche partout. Puis dans le troisi\u00e8me set, alors que le Divin Chauve doit sauver une balle de set sur son service, le temps va s\u2019arr\u00eater.<\/p>\n<p>Un \u00e9change de zinzin se met en place, o\u00f9 Mannarino d\u00e9borde facilement Shelton, mais ce dernier lui remet tout, et bien \u00e9videmment sur la ligne \u00e0 chaque fois. Alors que l\u2019Am\u00e9ricain n\u2019est m\u00eame plus visible \u00e0 la t\u00e9l\u00e9vision tellement il est loin du court, Adrian n\u2019a plus qu\u2019\u00e0 renvoyer la balle pour remporter le point. Mais c\u2019\u00e9tait bien mal conna\u00eetre le panache de notre joueur tricolore, qui pr\u00e9f\u00e8re l\u2019envoyer dans le filet. Deux sets \u00e0 un pour Ben Shelton. Royal.<\/p>\n<blockquote class=\"twitter-tweet\">\n<p dir=\"ltr\" lang=\"fr\">COMMENT SHELTON A REMPORT\u00c9 CE POINT ? \ud83d\ude31<\/p>\n<p>La balle de set entre Ben Shelton et Adrian Mannarino. \ud83e\udd2f\ud83c\uddfa\ud83c\uddf8\ud83c\uddeb\ud83c\uddf7<a href=\"https:\/\/t.co\/uKfl4z16or\" rel=\"nofollow\">pic.twitter.com\/uKfl4z16or<\/a><\/p>\n<p>\u2014 Univers Tennis \ud83c\udfbe (@UniversTennis) <a href=\"https:\/\/twitter.com\/UniversTennis\/status\/1961518903898611953?ref_src=twsrc%5Etfw\" rel=\"nofollow noopener\" target=\"_blank\">August 29, 2025<\/a><\/p>\n<\/blockquote>\n<p>Malheureusement, d\u00e8s la manche suivante, Ben Shelton se plaint de son \u00e9paule, perd le set et d\u00e9cide de se retirer. Adrian Mannarino se qualifie donc pour les huiti\u00e8mes de finale de l\u2019US Open, et devient seulement le sixi\u00e8me joueur de l\u2019histoire \u00e2g\u00e9 de plus de 37 ans \u00e0 rallier ce niveau en Grand Chelem. Terrible.<\/p>\n<blockquote class=\"twitter-tweet\">\n<p dir=\"ltr\" lang=\"fr\">\ud83d\udcca Ils ont r\u00e9ussi \u00e0 se qualifier en 1\/8 de finale d\u2019un tournoi du Grand Chelem apr\u00e8s avoir f\u00eat\u00e9 leurs 37 ans (1980-2025) :<br \/>\ud83c\uddfa\ud83c\uddf8 Jimmy Connors<br \/>\ud83c\udded\ud83c\uddf7 Ivo Karlovic<br \/>\ud83c\udde8\ud83c\udded Roger Federer<br \/>\ud83c\uddf7\ud83c\uddf8 Novak Djokovic<br \/>\ud83c\uddeb\ud83c\uddf7 Ga\u00ebl Monfils<br \/>\ud83c\uddeb\ud83c\uddf7 Adrian Mannarino \ud83c\udd95 <a href=\"https:\/\/t.co\/5xYw9LIrWb\" rel=\"nofollow\">pic.twitter.com\/5xYw9LIrWb<\/a><\/p>\n<p>\u2014 Jeu, Set et Maths (@JeuSetMaths) <a href=\"https:\/\/twitter.com\/JeuSetMaths\/status\/1961534676931141666?ref_src=twsrc%5Etfw\" rel=\"nofollow noopener\" target=\"_blank\">August 29, 2025<\/a><\/p>\n<\/blockquote>\n<p>                         <a href=\"https:\/\/fflose.com\/author\/tomgaleron\/\" class=\"url\" title=\"Tom\" rel=\"nofollow noopener\" target=\"_blank\"> <img loading=\"lazy\" decoding=\"async\" alt=\"Tom\" src=\"https:\/\/www.europesays.com\/fr\/wp-content\/uploads\/2025\/08\/42b7cbe105414bcd1f96d432c56f293f\"  class=\"avatar avatar-250 photo\" height=\"250\" width=\"250\"\/><\/a> <\/p>\n<p>Natif de Marseille, autant vous dire qu&rsquo;il est pr\u00e9f\u00e9rable de ne pas me parler de football en ce moment. Merci pour votre compr\u00e9hension.<\/p>\n<p> <a href=\"https:\/\/fflose.com\/author\/tomgaleron\/\" class=\"url\" title=\"Tom\" rel=\"nofollow noopener\" target=\"_blank\"><img loading=\"lazy\" decoding=\"async\" alt=\"Tom\" src=\"https:\/\/www.europesays.com\/fr\/wp-content\/uploads\/2025\/08\/42b7cbe105414bcd1f96d432c56f293f\"  class=\"avatar avatar-250 photo\" height=\"250\" width=\"250\"\/><\/a>  <\/p>\n<p><script async src=\"https:\/\/platform.twitter.com\/widgets.js\" charset=\"utf-8\"><\/script><\/p>\n","protected":false},"excerpt":{"rendered":"Avec Adrian Mannarino, nous ne sommes jamais au bout de nos peines. Et face \u00e0 Ben Shelton \u00e0&hellip;\n","protected":false},"author":2,"featured_media":353625,"comment_status":"","ping_status":"","sticky":false,"template":"","format":"standard","meta":{"footnotes":""},"categories":[1412],"tags":[1451,1452,1453,1454,1455,1011,27,60],"class_list":{"0":"post-353624","1":"post","2":"type-post","3":"status-publish","4":"format-standard","5":"has-post-thumbnail","7":"category-f1","8":"tag-f1","9":"tag-formula-1","10":"tag-formula1","11":"tag-formule-1","12":"tag-formule1","13":"tag-fr","14":"tag-france","15":"tag-sports"},"share_on_mastodon":{"url":"https:\/\/pubeurope.com\/@fr\/115115569251657378","error":""},"_links":{"self":[{"href":"https:\/\/www.europesays.com\/fr\/wp-json\/wp\/v2\/posts\/353624","targetHints":{"allow":["GET"]}}],"collection":[{"href":"https:\/\/www.europesays.com\/fr\/wp-json\/wp\/v2\/posts"}],"about":[{"href":"https:\/\/www.europesays.com\/fr\/wp-json\/wp\/v2\/types\/post"}],"author":[{"embeddable":true,"href":"https:\/\/www.europesays.com\/fr\/wp-json\/wp\/v2\/users\/2"}],"replies":[{"embeddable":true,"href":"https:\/\/www.europesays.com\/fr\/wp-json\/wp\/v2\/comments?post=353624"}],"version-history":[{"count":0,"href":"https:\/\/www.europesays.com\/fr\/wp-json\/wp\/v2\/posts\/353624\/revisions"}],"wp:featuredmedia":[{"embeddable":true,"href":"https:\/\/www.europesays.com\/fr\/wp-json\/wp\/v2\/media\/353625"}],"wp:attachment":[{"href":"https:\/\/www.europesays.com\/fr\/wp-json\/wp\/v2\/media?parent=353624"}],"wp:term":[{"taxonomy":"category","embeddable":true,"href":"https:\/\/www.europesays.com\/fr\/wp-json\/wp\/v2\/categories?post=353624"},{"taxonomy":"post_tag","embeddable":true,"href":"https:\/\/www.europesays.com\/fr\/wp-json\/wp\/v2\/tags?post=353624"}],"curies":[{"name":"wp","href":"https:\/\/api.w.org\/{rel}","templated":true}]}}