{"id":353628,"date":"2025-08-30T03:23:10","date_gmt":"2025-08-30T03:23:10","guid":{"rendered":"https:\/\/www.europesays.com\/fr\/353628\/"},"modified":"2025-08-30T03:23:10","modified_gmt":"2025-08-30T03:23:10","slug":"pierre-sage-evoque-larrivee-de-sima-qui-ne-sonne-pas-forcement-la-fin-du-mercato-au-rc-lens","status":"publish","type":"post","link":"https:\/\/www.europesays.com\/fr\/353628\/","title":{"rendered":"Pierre Sage \u00e9voque l&rsquo;arriv\u00e9e de Sima, qui ne sonne pas forc\u00e9ment la fin du mercato au RC Lens"},"content":{"rendered":"<p>Le <strong>RC Lens<\/strong> a accueilli un nouveau renfort offensif ce vendredi en officialisant la signature d\u2019<strong>Abdallah Sima<\/strong> en provenance de Brighton. L\u2019attaquant \u00e9tait pr\u00e9sent \u00e0 <strong>Bollaert<\/strong> et s\u2019est livr\u00e9 \u00e0 une s\u00e9ance de d\u00e9dicaces sur le parvis de Bollaert avant la rencontre.<br \/>Pierre Sage se r\u00e9jouit de cette arriv\u00e9e\u00a0: \u00ab\u00a0Il a un profil offensif assez vari\u00e9, il est capable de jouer \u00e0 deux postes, en 10 ou carr\u00e9ment attaquant. Aujourd\u2019hui, comme je l\u2019ai toujours d\u00e9fendu et comme les dirigeants l\u2019ont toujours d\u00e9fendu, on ne recrute quand on pense que le joueur peut apporter une valeur ajout\u00e9e \u00e0 l\u2019effectif.\u00a0\u00bb<\/p>\n<p>Le mercato n\u2019est peut-\u00eatre pas fini dans les 2 sens<\/p>\n<p><img loading=\"lazy\" decoding=\"async\" class=\"size-medium wp-image-279815 aligncenter lazyload\" alt=\"\" width=\"600\" height=\"400\" src=\"https:\/\/www.europesays.com\/fr\/wp-content\/uploads\/2025\/08\/abdallah-sima-arrivee-600x400.jpg\" data-eio-rwidth=\"600\" data-eio-rheight=\"400\"\/><\/p>\n<p>Alors que le mercato fermera ses portes lundi \u00e0 20h, cela pourrait encore bouger au <strong>RC Lens<\/strong>, a reconnu le coach art\u00e9sien. Lorsqu\u2019on lui a demand\u00e9 si<strong> Abdallah Sima<\/strong> \u00e9tait la derni\u00e8re recrue, il a r\u00e9pondu\u00a0: \u00ab\u00a0Je ne pense pas, dans un sens comme dans l\u2019autre\u00a0\u00bb. Un renfort offensif est ainsi toujours possible comme l\u2019a reconnu le coach lensois. Dans le sens des d\u00e9parts, l\u2019avenir de Morgan Guilavogui, finalement rest\u00e9 apr\u00e8s l\u2019\u00e9chec de son transfert \u00e0 Southampton, reste incertain, mais <a href=\"https:\/\/www.lensois.com\/il-a-bien-fait-de-rester-guilavogui-du-depart-avorte-au-but-qui-change-tout\/\" target=\"_blank\" rel=\"noopener nofollow\">Pierre Sage semblait plut\u00f4t s\u2019attendre \u00e0 le voir rester<\/a>. <a href=\"https:\/\/www.lensois.com\/angelo-fulgini-attendu-en-arabie-saoudite-pour-sengager-avec-al-taawoun\/\" target=\"_blank\" rel=\"noopener nofollow\">Le d\u00e9part le plus proche de se faire \u00e0 ce jour semble \u00eatre celui d\u2019Angelo Fulgini du c\u00f4t\u00e9 de l\u2019Arabie Saoudite.<\/a><\/p>\n<p>Propos recueillis par Christophe Schaad au stade Bollaert-Delelis<\/p>\n","protected":false},"excerpt":{"rendered":"Le RC Lens a accueilli un nouveau renfort offensif ce vendredi en officialisant la signature d\u2019Abdallah Sima en&hellip;\n","protected":false},"author":2,"featured_media":353629,"comment_status":"","ping_status":"","sticky":false,"template":"","format":"standard","meta":{"footnotes":""},"categories":[1410],"tags":[63,1011,27,60],"class_list":{"0":"post-353628","1":"post","2":"type-post","3":"status-publish","4":"format-standard","5":"has-post-thumbnail","7":"category-football","8":"tag-football","9":"tag-fr","10":"tag-france","11":"tag-sports"},"share_on_mastodon":{"url":"https:\/\/pubeurope.com\/@fr\/115115577163980336","error":""},"_links":{"self":[{"href":"https:\/\/www.europesays.com\/fr\/wp-json\/wp\/v2\/posts\/353628","targetHints":{"allow":["GET"]}}],"collection":[{"href":"https:\/\/www.europesays.com\/fr\/wp-json\/wp\/v2\/posts"}],"about":[{"href":"https:\/\/www.europesays.com\/fr\/wp-json\/wp\/v2\/types\/post"}],"author":[{"embeddable":true,"href":"https:\/\/www.europesays.com\/fr\/wp-json\/wp\/v2\/users\/2"}],"replies":[{"embeddable":true,"href":"https:\/\/www.europesays.com\/fr\/wp-json\/wp\/v2\/comments?post=353628"}],"version-history":[{"count":0,"href":"https:\/\/www.europesays.com\/fr\/wp-json\/wp\/v2\/posts\/353628\/revisions"}],"wp:featuredmedia":[{"embeddable":true,"href":"https:\/\/www.europesays.com\/fr\/wp-json\/wp\/v2\/media\/353629"}],"wp:attachment":[{"href":"https:\/\/www.europesays.com\/fr\/wp-json\/wp\/v2\/media?parent=353628"}],"wp:term":[{"taxonomy":"category","embeddable":true,"href":"https:\/\/www.europesays.com\/fr\/wp-json\/wp\/v2\/categories?post=353628"},{"taxonomy":"post_tag","embeddable":true,"href":"https:\/\/www.europesays.com\/fr\/wp-json\/wp\/v2\/tags?post=353628"}],"curies":[{"name":"wp","href":"https:\/\/api.w.org\/{rel}","templated":true}]}}