{"id":353630,"date":"2025-08-30T03:24:12","date_gmt":"2025-08-30T03:24:12","guid":{"rendered":"https:\/\/www.europesays.com\/fr\/353630\/"},"modified":"2025-08-30T03:24:12","modified_gmt":"2025-08-30T03:24:12","slug":"audrey-fleurot-devoile-ses-pro","status":"publish","type":"post","link":"https:\/\/www.europesays.com\/fr\/353630\/","title":{"rendered":"Audrey Fleurot d\u00e9voile ses pro &#8230;"},"content":{"rendered":"<p>EN BREF<\/p>\n<ul class=\"bloc_resume_post_list\">\n<li>Audrey Fleurot, actrice fran\u00e7aise, c\u00e9l\u00e8bre pour son r\u00f4le<br \/>\ndans Kaamelott, revient sur grand \u00e9cran avec le film Regarde, aux<br \/>\nc\u00f4t\u00e9s de Dany Boon, le 17 septembre 2025.<\/li>\n<li>Dans Regarde, Fleurot et Boon incarnent un couple divorc\u00e9<br \/>\nqui met de c\u00f4t\u00e9 ses diff\u00e9rends pour soutenir leur fils atteint<br \/>\nd\u00a0\u00bbune maladie rare.<\/li>\n<li>Audrey Fleurot partage ses angoisses personnelles li\u00e9es \u00e0<br \/>\nla c\u00e9cit\u00e9, un th\u00e8me central du film, et exprime son admiration pour<br \/>\nles progr\u00e8s m\u00e9dicaux.<\/li>\n<\/ul>\n<p><strong>Visage embl\u00e9matique de la com\u00e9die fran\u00e7aise<\/strong><br \/>\ndepuis d\u00e9j\u00e0 de nombreuses ann\u00e9es. <a href=\"https:\/\/www.telestar.fr\/serie_tv\/audrey-fleurot-harcelee-elles-viennent-tout-le-temps-confidences-sur-les-fans-de-hpi-1724338\" rel=\"nofollow noopener\" target=\"_blank\"><br \/>\nAudrey Fleurot<\/a> s&rsquo;\u00e9tait tout d&rsquo;abord r\u00e9v\u00e9l\u00e9e dans la s\u00e9rie culte<br \/>\n<a href=\"https:\/\/www.telestar.fr\/serie_tv\/kaamelott-cest-peut-etre-un-secret-sting-fait-une-mega-bourde-sur-le-deuxieme-film-1735806\" rel=\"nofollow noopener\" target=\"_blank\"><br \/>\nKaamelott<\/a>, o\u00f9 elle incarnait le personnage de la Dame<br \/>\ndu Lac. Un r\u00f4le qu&rsquo;elle a ensuite repris dans les films d\u00e9riv\u00e9s de<br \/>\ncette fiction. Derni\u00e8rement, la com\u00e9dienne a rencontr\u00e9 un<br \/>\nincroyable succ\u00e8s sur le petit \u00e9cran gr\u00e2ce \u00e0 la s\u00e9rie culte<br \/>\n<a href=\"https:\/\/www.telestar.fr\/serie_tv\/hpi-ces-erreurs-grossieres-dans-cet-episode-de-la-saison-5-ont-fait-bondir-les-nordistes-1727285\" rel=\"nofollow noopener\" target=\"_blank\"><br \/>\nHPI<\/a> sur TF1.<\/p>\n<p>Alors que les derniers \u00e9pisodes de cette fiction seront<br \/>\nprochainement diffus\u00e9s \u00e0 l&rsquo;antenne. <strong>Audrey Fleurot sera<br \/>\naussi pr\u00e9sente sur le grand \u00e9cran en parall\u00e8le<\/strong>. En effet,<br \/>\nson prochain film, intitul\u00e9 Regarde, sera projet\u00e9 dans les<br \/>\nsalles obscures \u00e0 partir du mercredi 17 septembre 2025. Dans ce<br \/>\nlong-m\u00e9trage, elle donne notamment la r\u00e9plique \u00e0 <a href=\"https:\/\/www.telestar.fr\/culture\/une-belle-course-ou-a-ete-tourne-le-film-avec-line-renaud-et-dany-boon-1731565\" rel=\"nofollow noopener\" target=\"_blank\"><br \/>\nDany Boon<\/a>. Les deux acteurs interpr\u00e8tent un couple divorc\u00e9 \u00e0<br \/>\nl&rsquo;\u00e9cran.<\/p>\n<p>Audrey Fleurot : \u00ab\u00a0Avant de me faire op\u00e9rer, il y a deux ans, je<br \/>\nsouffrais d&rsquo;une tr\u00e8s forte myopie\u00a0\u00bb<\/p>\n<p class=\"bo-p\">Chris et Antoine ont bien du mal \u00e0 s\u2019entendre<br \/>\ndepuis leur divorce. Mais, lorsqu\u2019on leur annonce que leur fils de<br \/>\n16 ans est atteint d\u2019une maladie rare, qui va lui faire perdre la<br \/>\nvue. <strong>Ils s\u2019efforcent de mettre leurs ranc\u0153urs de<br \/>\nc\u00f4t\u00e9.<\/strong> Les ex-conjoints embarquent leur fils pour des<br \/>\nvacances inoubliables. Bien d\u00e9cid\u00e9s \u00e0 lui offrir ses plus beaux<br \/>\nsouvenirs. Un sujet qui touche personnellement Audrey Fleurot.<\/p>\n<p>\u00ab\u00a0La th\u00e9matique des yeux, \u00e0 travers la menace de c\u00e9cit\u00e9, est<br \/>\nl&rsquo;une de mes sources d&rsquo;angoisse en terme de<br \/>\nsant\u00e9.\u00a0J&rsquo;ai des pr\u00e9dispositions g\u00e9n\u00e9tiques<br \/>\nau glaucome. Et avant de me faire op\u00e9rer, il y a deux ans,<br \/>\nje souffrais d&rsquo;une tr\u00e8s forte myopie. La sensation de ne rien voir<br \/>\nm&rsquo;est famili\u00e8re. <strong>Les lentilles m&rsquo;ont aid\u00e9e et je suis<br \/>\nadmirative des avanc\u00e9es de la chirurgie<\/strong>\u00ab\u00a0, a notamment<br \/>\nr\u00e9v\u00e9l\u00e9 l&rsquo;actrice dans une r\u00e9cente interview accord\u00e9e \u00e0<br \/>\nMarie-Claire.<\/p>\n<p>Le fil de l&rsquo;actrice \u00ab\u00a0souffre d&rsquo;un<br \/>\nd\u00e9ficit visuel\u00a0\u00bb<\/p>\n<p>\u00ab\u00a0<strong>Je m&rsquo;inqui\u00e8te aujourd&rsquo;hui pour Lou, mon<br \/>\ngar\u00e7on,<\/strong> qui souffre d&rsquo;un d\u00e9ficit visuel\u00a0\u00bb, a \u00e9galement<br \/>\najout\u00e9 Audrey Fleurot. Pour rappel, la com\u00e9dienne a donn\u00e9 naissance<br \/>\n\u00e0 son fils le\u00a019 novembre 2015. Ce dernier<br \/>\nest issu de sa relation avec le r\u00e9alisateur <a href=\"http:\/\/closermag.fr\/people\/audrey-fleurot-retablit-la-verite-sur-son-couple-avec-djibril-glissant-apres-une-rumeur-tenace-1559706\" rel=\"nofollow noopener\" target=\"_blank\"><br \/>\nDjibril Glissant<\/a>. Au cours de ce m\u00eame entretien, l&rsquo;actrice a<br \/>\n\u00e9voqu\u00e9 sa satisfaction de travailler avec Dany Boon sur le tournage<br \/>\nde ce film.<\/p>\n<p>\u00ab\u00a0J&rsquo;\u00e9tais tr\u00e8s enthousiaste \u00e0 l&rsquo;id\u00e9e de tourner avec Dany,<br \/>\nnotamment dans ce registre. Les humoristes ne sont jamais aussi<br \/>\ntouchants que lorsqu&rsquo;ils peuvent montrer leur sensibilit\u00e9. Jouer la<br \/>\ncom\u00e9die, c&rsquo;est toujours une fa\u00e7on de compenser un manque de<br \/>\nconfiance, <strong>un mal-\u00eatre, des<br \/>\nf\u00ealures\u2026<\/strong>\u00ab\u00a0, a ainsi conclu Audrey<br \/>\nFleurot.<\/p>\n","protected":false},"excerpt":{"rendered":"EN BREF Audrey Fleurot, actrice fran\u00e7aise, c\u00e9l\u00e8bre pour son r\u00f4le dans Kaamelott, revient sur grand \u00e9cran avec le&hellip;\n","protected":false},"author":2,"featured_media":353631,"comment_status":"","ping_status":"","sticky":false,"template":"","format":"standard","meta":{"footnotes":""},"categories":[1359],"tags":[548,21259,58,59,1011,27,973],"class_list":{"0":"post-353630","1":"post","2":"type-post","3":"status-publish","4":"format-standard","5":"has-post-thumbnail","7":"category-people","8":"tag-article-simple","9":"tag-audrey-fleurot","10":"tag-divertissement","11":"tag-entertainment","12":"tag-fr","13":"tag-france","14":"tag-people"},"share_on_mastodon":{"url":"https:\/\/pubeurope.com\/@fr\/115115580700898139","error":""},"_links":{"self":[{"href":"https:\/\/www.europesays.com\/fr\/wp-json\/wp\/v2\/posts\/353630","targetHints":{"allow":["GET"]}}],"collection":[{"href":"https:\/\/www.europesays.com\/fr\/wp-json\/wp\/v2\/posts"}],"about":[{"href":"https:\/\/www.europesays.com\/fr\/wp-json\/wp\/v2\/types\/post"}],"author":[{"embeddable":true,"href":"https:\/\/www.europesays.com\/fr\/wp-json\/wp\/v2\/users\/2"}],"replies":[{"embeddable":true,"href":"https:\/\/www.europesays.com\/fr\/wp-json\/wp\/v2\/comments?post=353630"}],"version-history":[{"count":0,"href":"https:\/\/www.europesays.com\/fr\/wp-json\/wp\/v2\/posts\/353630\/revisions"}],"wp:featuredmedia":[{"embeddable":true,"href":"https:\/\/www.europesays.com\/fr\/wp-json\/wp\/v2\/media\/353631"}],"wp:attachment":[{"href":"https:\/\/www.europesays.com\/fr\/wp-json\/wp\/v2\/media?parent=353630"}],"wp:term":[{"taxonomy":"category","embeddable":true,"href":"https:\/\/www.europesays.com\/fr\/wp-json\/wp\/v2\/categories?post=353630"},{"taxonomy":"post_tag","embeddable":true,"href":"https:\/\/www.europesays.com\/fr\/wp-json\/wp\/v2\/tags?post=353630"}],"curies":[{"name":"wp","href":"https:\/\/api.w.org\/{rel}","templated":true}]}}